{"id":948,"date":"2019-04-17T08:47:55","date_gmt":"2019-04-17T08:47:55","guid":{"rendered":"http:\/\/www.doit.hu\/rendszergazda\/?p=948"},"modified":"2019-04-17T08:47:55","modified_gmt":"2019-04-17T08:47:55","slug":"236-debutal-a-libreoffice-a-mac-app-store-jaban","status":"publish","type":"post","link":"https:\/\/www.doit.hu\/rendszergazda\/informatika-hirek-felho-mobil-es-minden-mas\/236-debutal-a-libreoffice-a-mac-app-store-jaban\/","title":{"rendered":"Deb\u00fct\u00e1l a LibreOffice a Mac App Store-j\u00e1ban"},"content":{"rendered":"<p><strong>Hossz\u00fa \u00e9vek manu\u00e1lis telep\u00edt\u00e9sei \u00e9s friss\u00edt\u00e9sei ut\u00e1n a ny\u00edlt forr\u00e1sk\u00f3d\u00fa LibreOffice v\u00e9gre a Mac felhaszn\u00e1l\u00f3 \u00e9s rendszergazda sz\u00e1m\u00e1ra is telep\u00edthet\u0151 az Apple Mac App Store-j\u00e1n kereszt\u00fcl. Ez sz\u00e9p eredm\u00e9ny, nem besz\u00e9lve arr\u00f3l, hogy mennyire k\u00e9nyelmes is.<\/strong><!--more--><\/p>\n<p><img loading=\"lazy\" decoding=\"async\" class=\"size-full wp-image-949 aligncenter\" src=\"http:\/\/www.doit.hu\/rendszergazda\/wp-content\/uploads\/2019\/04\/mac-app-store-100591913-primary.idge_.png\" alt=\"\" width=\"620\" height=\"413\" srcset=\"https:\/\/www.doit.hu\/rendszergazda\/wp-content\/uploads\/2019\/04\/mac-app-store-100591913-primary.idge_.png 620w, https:\/\/www.doit.hu\/rendszergazda\/wp-content\/uploads\/2019\/04\/mac-app-store-100591913-primary.idge_-300x200.png 300w, https:\/\/www.doit.hu\/rendszergazda\/wp-content\/uploads\/2019\/04\/mac-app-store-100591913-primary.idge_-450x300.png 450w\" sizes=\"auto, (max-width: 620px) 100vw, 620px\" \/><\/p>\n<p>V\u00e9gre a Mac-re k\u00e9sz\u00fclt LibreOffice az\u00a0<a href=\"https:\/\/itunes.apple.com\/us\/app\/libreoffice-vanilla\/id921923693?mt=12\">App Store-ban van, LibreOffice Vanilla<\/a>\u00a0n\u00e9ven fut \u00e9s teljesen ingyenes. Van egy m\u00e1sik term\u00e9k is a piacon, a LibreOffice-by-Collabora, ami 10 doll\u00e1r\u00e9rt el\u00e9rhet\u0151 azoknak, akik keresked\u0151 \u00e1ltal t\u00e1mogatott verzi\u00f3t szeretn\u00e9nek. Mind\u00f6ssze 9.99 doll\u00e1r\u00e9rt egy harmadik term\u00e9k is v\u00e1laszthat\u00f3, a NeoOffice, az OpenOffice.org kor\u00e1bbi munk\u00e1ja. \u00c9rdekes inform\u00e1ci\u00f3 a rendszergazda sz\u00e1m\u00e1ra: a LibreOffice Vanilla-hoz k\u00fcl\u00f6n p\u00e9nz\u00e9rt v\u00e1llalati-szint\u0171 t\u00e1mogat\u00e1s is v\u00e1s\u00e1rolhat\u00f3.<\/p>\n<p>Forr\u00e1s:\u00a0<a href=\"http:\/\/www.infoworld.com\/article\/2937816\/open-source-software\/libreoffice-debuts-in-the-mac-app-store.html?phint=newt%3D%20infoworld_daily&amp;phint=idg_eid%3D21fd4b122dad68e57aeb5354bf123d47#tk.IFWNLE_nlt_daily_am_2015-06-19\">InfoWorld<\/a>.<\/p>\n<p>&nbsp;<\/p>\n<p>&nbsp;<\/p>\n<p style=\"text-align: center;\">Tov\u00e1bbi \u00e9rdekess\u00e9gek\u00e9rt keresse fel\u00a0<strong><a href=\"https:\/\/www.doit.hu\/rendszergazda\/index.php\/informatika-hirek-felho-mobil-es-minden-mas\">rendszergazda blogunkat<\/a><\/strong>!<\/p>\n<p>&nbsp;<\/p>\n","protected":false},"excerpt":{"rendered":"<p>Hossz\u00fa \u00e9vek manu\u00e1lis telep\u00edt\u00e9sei \u00e9s friss\u00edt\u00e9sei ut\u00e1n a ny\u00edlt forr\u00e1sk\u00f3d\u00fa LibreOffice v\u00e9gre a Mac felhaszn\u00e1l\u00f3 \u00e9s rendszergazda sz\u00e1m\u00e1ra is telep\u00edthet\u0151 az Apple Mac App Store-j\u00e1n kereszt\u00fcl. Ez sz\u00e9p eredm\u00e9ny, nem besz\u00e9lve arr\u00f3l, hogy mennyire k\u00e9nyelmes is.<\/p>\n","protected":false},"author":7,"featured_media":949,"comment_status":"closed","ping_status":"closed","sticky":false,"template":"","format":"standard","meta":{"footnotes":""},"categories":[4],"tags":[304,787,746,273,788],"class_list":["post-948","post","type-post","status-publish","format-standard","has-post-thumbnail","hentry","category-informatika-hirek-felho-mobil-es-minden-mas","tag-apple","tag-libreoffice","tag-mac","tag-mac-app-store","tag-neooffice"],"yoast_head":"<!-- This site is optimized with the Yoast SEO plugin v27.4 - https:\/\/yoast.com\/product\/yoast-seo-wordpress\/ -->\n<title>Deb\u00fct\u00e1l a LibreOffice a Mac App Store-j\u00e1ban<\/title>\n<meta name=\"description\" content=\"Hossz\u00fa \u00e9vek manu\u00e1lis telep\u00edt\u00e9sei \u00e9s friss\u00edt\u00e9sei ut\u00e1n a ny\u00edlt forr\u00e1sk\u00f3d\u00fa LibreOffice v\u00e9gre a Mac felhaszn\u00e1l\u00f3 \u00e9s rendszergazda sz\u00e1m\u00e1ra is telep\u00edthet\u0151 az Apple Mac App Store-j\u00e1n kereszt\u00fcl.\" \/>\n<meta name=\"robots\" content=\"index, follow, max-snippet:-1, max-image-preview:large, max-video-preview:-1\" \/>\n<link rel=\"canonical\" href=\"https:\/\/www.doit.hu\/rendszergazda\/informatika-hirek-felho-mobil-es-minden-mas\/236-debutal-a-libreoffice-a-mac-app-store-jaban\/\" \/>\n<meta property=\"og:locale\" content=\"hu_HU\" \/>\n<meta property=\"og:type\" content=\"article\" \/>\n<meta property=\"og:title\" content=\"Deb\u00fct\u00e1l a LibreOffice a Mac App Store-j\u00e1ban\" \/>\n<meta property=\"og:description\" content=\"Hossz\u00fa \u00e9vek manu\u00e1lis telep\u00edt\u00e9sei \u00e9s friss\u00edt\u00e9sei ut\u00e1n a ny\u00edlt forr\u00e1sk\u00f3d\u00fa LibreOffice v\u00e9gre a Mac felhaszn\u00e1l\u00f3 \u00e9s rendszergazda sz\u00e1m\u00e1ra is telep\u00edthet\u0151 az Apple Mac App Store-j\u00e1n kereszt\u00fcl.\" \/>\n<meta property=\"og:url\" content=\"https:\/\/www.doit.hu\/rendszergazda\/informatika-hirek-felho-mobil-es-minden-mas\/236-debutal-a-libreoffice-a-mac-app-store-jaban\/\" \/>\n<meta property=\"og:site_name\" content=\"Rendszergazda szolg\u00e1ltat\u00e1s\" \/>\n<meta property=\"article:publisher\" content=\"https:\/\/www.facebook.com\/DoccaZrt\" \/>\n<meta property=\"article:published_time\" content=\"2019-04-17T08:47:55+00:00\" \/>\n<meta property=\"og:image\" content=\"https:\/\/www.doit.hu\/rendszergazda\/wp-content\/uploads\/2019\/04\/mac-app-store-100591913-primary.idge_.png\" \/>\n\t<meta property=\"og:image:width\" content=\"620\" \/>\n\t<meta property=\"og:image:height\" content=\"413\" \/>\n\t<meta property=\"og:image:type\" content=\"image\/png\" \/>\n<meta name=\"author\" content=\"Docca Zrt.\" \/>\n<meta name=\"twitter:card\" content=\"summary_large_image\" \/>\n<meta name=\"twitter:label1\" content=\"Szerz\u0151:\" \/>\n\t<meta name=\"twitter:data1\" content=\"Docca Zrt.\" \/>\n\t<meta name=\"twitter:label2\" content=\"Becs\u00fclt olvas\u00e1si id\u0151\" \/>\n\t<meta name=\"twitter:data2\" content=\"1 perc\" \/>\n<script type=\"application\/ld+json\" class=\"yoast-schema-graph\">{\"@context\":\"https:\\\/\\\/schema.org\",\"@graph\":[{\"@type\":\"Article\",\"@id\":\"https:\\\/\\\/www.doit.hu\\\/rendszergazda\\\/informatika-hirek-felho-mobil-es-minden-mas\\\/236-debutal-a-libreoffice-a-mac-app-store-jaban\\\/#article\",\"isPartOf\":{\"@id\":\"https:\\\/\\\/www.doit.hu\\\/rendszergazda\\\/informatika-hirek-felho-mobil-es-minden-mas\\\/236-debutal-a-libreoffice-a-mac-app-store-jaban\\\/\"},\"author\":{\"name\":\"Docca Zrt.\",\"@id\":\"https:\\\/\\\/www.doit.hu\\\/rendszergazda\\\/#\\\/schema\\\/person\\\/ac60b29300a3d65825707a7bcd47aa7f\"},\"headline\":\"Deb\u00fct\u00e1l a LibreOffice a Mac App Store-j\u00e1ban\",\"datePublished\":\"2019-04-17T08:47:55+00:00\",\"mainEntityOfPage\":{\"@id\":\"https:\\\/\\\/www.doit.hu\\\/rendszergazda\\\/informatika-hirek-felho-mobil-es-minden-mas\\\/236-debutal-a-libreoffice-a-mac-app-store-jaban\\\/\"},\"wordCount\":176,\"publisher\":{\"@id\":\"https:\\\/\\\/www.doit.hu\\\/rendszergazda\\\/#organization\"},\"image\":{\"@id\":\"https:\\\/\\\/www.doit.hu\\\/rendszergazda\\\/informatika-hirek-felho-mobil-es-minden-mas\\\/236-debutal-a-libreoffice-a-mac-app-store-jaban\\\/#primaryimage\"},\"thumbnailUrl\":\"https:\\\/\\\/www.doit.hu\\\/rendszergazda\\\/wp-content\\\/uploads\\\/2019\\\/04\\\/mac-app-store-100591913-primary.idge_.png\",\"keywords\":[\"apple\",\"LibreOffice\",\"Mac\",\"mac app store\",\"NeoOffice\"],\"articleSection\":[\"Informatika h\u00edrek: felh\u0151, mobil \u00e9s minden m\u00e1s\"],\"inLanguage\":\"hu\"},{\"@type\":\"WebPage\",\"@id\":\"https:\\\/\\\/www.doit.hu\\\/rendszergazda\\\/informatika-hirek-felho-mobil-es-minden-mas\\\/236-debutal-a-libreoffice-a-mac-app-store-jaban\\\/\",\"url\":\"https:\\\/\\\/www.doit.hu\\\/rendszergazda\\\/informatika-hirek-felho-mobil-es-minden-mas\\\/236-debutal-a-libreoffice-a-mac-app-store-jaban\\\/\",\"name\":\"Deb\u00fct\u00e1l a LibreOffice a Mac App Store-j\u00e1ban\",\"isPartOf\":{\"@id\":\"https:\\\/\\\/www.doit.hu\\\/rendszergazda\\\/#website\"},\"primaryImageOfPage\":{\"@id\":\"https:\\\/\\\/www.doit.hu\\\/rendszergazda\\\/informatika-hirek-felho-mobil-es-minden-mas\\\/236-debutal-a-libreoffice-a-mac-app-store-jaban\\\/#primaryimage\"},\"image\":{\"@id\":\"https:\\\/\\\/www.doit.hu\\\/rendszergazda\\\/informatika-hirek-felho-mobil-es-minden-mas\\\/236-debutal-a-libreoffice-a-mac-app-store-jaban\\\/#primaryimage\"},\"thumbnailUrl\":\"https:\\\/\\\/www.doit.hu\\\/rendszergazda\\\/wp-content\\\/uploads\\\/2019\\\/04\\\/mac-app-store-100591913-primary.idge_.png\",\"datePublished\":\"2019-04-17T08:47:55+00:00\",\"description\":\"Hossz\u00fa \u00e9vek manu\u00e1lis telep\u00edt\u00e9sei \u00e9s friss\u00edt\u00e9sei ut\u00e1n a ny\u00edlt forr\u00e1sk\u00f3d\u00fa LibreOffice v\u00e9gre a Mac felhaszn\u00e1l\u00f3 \u00e9s rendszergazda sz\u00e1m\u00e1ra is telep\u00edthet\u0151 az Apple Mac App Store-j\u00e1n kereszt\u00fcl.\",\"breadcrumb\":{\"@id\":\"https:\\\/\\\/www.doit.hu\\\/rendszergazda\\\/informatika-hirek-felho-mobil-es-minden-mas\\\/236-debutal-a-libreoffice-a-mac-app-store-jaban\\\/#breadcrumb\"},\"inLanguage\":\"hu\",\"potentialAction\":[{\"@type\":\"ReadAction\",\"target\":[\"https:\\\/\\\/www.doit.hu\\\/rendszergazda\\\/informatika-hirek-felho-mobil-es-minden-mas\\\/236-debutal-a-libreoffice-a-mac-app-store-jaban\\\/\"]}]},{\"@type\":\"ImageObject\",\"inLanguage\":\"hu\",\"@id\":\"https:\\\/\\\/www.doit.hu\\\/rendszergazda\\\/informatika-hirek-felho-mobil-es-minden-mas\\\/236-debutal-a-libreoffice-a-mac-app-store-jaban\\\/#primaryimage\",\"url\":\"https:\\\/\\\/www.doit.hu\\\/rendszergazda\\\/wp-content\\\/uploads\\\/2019\\\/04\\\/mac-app-store-100591913-primary.idge_.png\",\"contentUrl\":\"https:\\\/\\\/www.doit.hu\\\/rendszergazda\\\/wp-content\\\/uploads\\\/2019\\\/04\\\/mac-app-store-100591913-primary.idge_.png\",\"width\":620,\"height\":413},{\"@type\":\"BreadcrumbList\",\"@id\":\"https:\\\/\\\/www.doit.hu\\\/rendszergazda\\\/informatika-hirek-felho-mobil-es-minden-mas\\\/236-debutal-a-libreoffice-a-mac-app-store-jaban\\\/#breadcrumb\",\"itemListElement\":[{\"@type\":\"ListItem\",\"position\":1,\"name\":\"Home\",\"item\":\"https:\\\/\\\/www.doit.hu\\\/rendszergazda\\\/fooldal-flexi\\\/\"},{\"@type\":\"ListItem\",\"position\":2,\"name\":\"Deb\u00fct\u00e1l a LibreOffice a Mac App Store-j\u00e1ban\"}]},{\"@type\":\"WebSite\",\"@id\":\"https:\\\/\\\/www.doit.hu\\\/rendszergazda\\\/#website\",\"url\":\"https:\\\/\\\/www.doit.hu\\\/rendszergazda\\\/\",\"name\":\"Rendszergazda szolg\u00e1ltat\u00e1s\",\"description\":\"\",\"publisher\":{\"@id\":\"https:\\\/\\\/www.doit.hu\\\/rendszergazda\\\/#organization\"},\"potentialAction\":[{\"@type\":\"SearchAction\",\"target\":{\"@type\":\"EntryPoint\",\"urlTemplate\":\"https:\\\/\\\/www.doit.hu\\\/rendszergazda\\\/?s={search_term_string}\"},\"query-input\":{\"@type\":\"PropertyValueSpecification\",\"valueRequired\":true,\"valueName\":\"search_term_string\"}}],\"inLanguage\":\"hu\"},{\"@type\":\"Organization\",\"@id\":\"https:\\\/\\\/www.doit.hu\\\/rendszergazda\\\/#organization\",\"name\":\"DOCCA Zrt.\",\"url\":\"https:\\\/\\\/www.doit.hu\\\/rendszergazda\\\/\",\"logo\":{\"@type\":\"ImageObject\",\"inLanguage\":\"hu\",\"@id\":\"https:\\\/\\\/www.doit.hu\\\/rendszergazda\\\/#\\\/schema\\\/logo\\\/image\\\/\",\"url\":\"https:\\\/\\\/www.doit.hu\\\/rendszergazda\\\/wp-content\\\/uploads\\\/2019\\\/04\\\/logo.png\",\"contentUrl\":\"https:\\\/\\\/www.doit.hu\\\/rendszergazda\\\/wp-content\\\/uploads\\\/2019\\\/04\\\/logo.png\",\"width\":263,\"height\":82,\"caption\":\"DOCCA Zrt.\"},\"image\":{\"@id\":\"https:\\\/\\\/www.doit.hu\\\/rendszergazda\\\/#\\\/schema\\\/logo\\\/image\\\/\"},\"sameAs\":[\"https:\\\/\\\/www.facebook.com\\\/DoccaZrt\"]},{\"@type\":\"Person\",\"@id\":\"https:\\\/\\\/www.doit.hu\\\/rendszergazda\\\/#\\\/schema\\\/person\\\/ac60b29300a3d65825707a7bcd47aa7f\",\"name\":\"Docca Zrt.\",\"image\":{\"@type\":\"ImageObject\",\"inLanguage\":\"hu\",\"@id\":\"https:\\\/\\\/secure.gravatar.com\\\/avatar\\\/7e3762308ab47147572d4e9f68e02b65139742dfdbb8f7a7314f3c5064a3dbe7?s=96&d=mm&r=g\",\"url\":\"https:\\\/\\\/secure.gravatar.com\\\/avatar\\\/7e3762308ab47147572d4e9f68e02b65139742dfdbb8f7a7314f3c5064a3dbe7?s=96&d=mm&r=g\",\"contentUrl\":\"https:\\\/\\\/secure.gravatar.com\\\/avatar\\\/7e3762308ab47147572d4e9f68e02b65139742dfdbb8f7a7314f3c5064a3dbe7?s=96&d=mm&r=g\",\"caption\":\"Docca Zrt.\"},\"url\":\"https:\\\/\\\/www.doit.hu\\\/rendszergazda\\\/author\\\/docca\\\/\"}]}<\/script>\n<!-- \/ Yoast SEO plugin. -->","yoast_head_json":{"title":"Deb\u00fct\u00e1l a LibreOffice a Mac App Store-j\u00e1ban","description":"Hossz\u00fa \u00e9vek manu\u00e1lis telep\u00edt\u00e9sei \u00e9s friss\u00edt\u00e9sei ut\u00e1n a ny\u00edlt forr\u00e1sk\u00f3d\u00fa LibreOffice v\u00e9gre a Mac felhaszn\u00e1l\u00f3 \u00e9s rendszergazda sz\u00e1m\u00e1ra is telep\u00edthet\u0151 az Apple Mac App Store-j\u00e1n kereszt\u00fcl.","robots":{"index":"index","follow":"follow","max-snippet":"max-snippet:-1","max-image-preview":"max-image-preview:large","max-video-preview":"max-video-preview:-1"},"canonical":"https:\/\/www.doit.hu\/rendszergazda\/informatika-hirek-felho-mobil-es-minden-mas\/236-debutal-a-libreoffice-a-mac-app-store-jaban\/","og_locale":"hu_HU","og_type":"article","og_title":"Deb\u00fct\u00e1l a LibreOffice a Mac App Store-j\u00e1ban","og_description":"Hossz\u00fa \u00e9vek manu\u00e1lis telep\u00edt\u00e9sei \u00e9s friss\u00edt\u00e9sei ut\u00e1n a ny\u00edlt forr\u00e1sk\u00f3d\u00fa LibreOffice v\u00e9gre a Mac felhaszn\u00e1l\u00f3 \u00e9s rendszergazda sz\u00e1m\u00e1ra is telep\u00edthet\u0151 az Apple Mac App Store-j\u00e1n kereszt\u00fcl.","og_url":"https:\/\/www.doit.hu\/rendszergazda\/informatika-hirek-felho-mobil-es-minden-mas\/236-debutal-a-libreoffice-a-mac-app-store-jaban\/","og_site_name":"Rendszergazda szolg\u00e1ltat\u00e1s","article_publisher":"https:\/\/www.facebook.com\/DoccaZrt","article_published_time":"2019-04-17T08:47:55+00:00","og_image":[{"width":620,"height":413,"url":"https:\/\/www.doit.hu\/rendszergazda\/wp-content\/uploads\/2019\/04\/mac-app-store-100591913-primary.idge_.png","type":"image\/png"}],"author":"Docca Zrt.","twitter_card":"summary_large_image","twitter_misc":{"Szerz\u0151:":"Docca Zrt.","Becs\u00fclt olvas\u00e1si id\u0151":"1 perc"},"schema":{"@context":"https:\/\/schema.org","@graph":[{"@type":"Article","@id":"https:\/\/www.doit.hu\/rendszergazda\/informatika-hirek-felho-mobil-es-minden-mas\/236-debutal-a-libreoffice-a-mac-app-store-jaban\/#article","isPartOf":{"@id":"https:\/\/www.doit.hu\/rendszergazda\/informatika-hirek-felho-mobil-es-minden-mas\/236-debutal-a-libreoffice-a-mac-app-store-jaban\/"},"author":{"name":"Docca Zrt.","@id":"https:\/\/www.doit.hu\/rendszergazda\/#\/schema\/person\/ac60b29300a3d65825707a7bcd47aa7f"},"headline":"Deb\u00fct\u00e1l a LibreOffice a Mac App Store-j\u00e1ban","datePublished":"2019-04-17T08:47:55+00:00","mainEntityOfPage":{"@id":"https:\/\/www.doit.hu\/rendszergazda\/informatika-hirek-felho-mobil-es-minden-mas\/236-debutal-a-libreoffice-a-mac-app-store-jaban\/"},"wordCount":176,"publisher":{"@id":"https:\/\/www.doit.hu\/rendszergazda\/#organization"},"image":{"@id":"https:\/\/www.doit.hu\/rendszergazda\/informatika-hirek-felho-mobil-es-minden-mas\/236-debutal-a-libreoffice-a-mac-app-store-jaban\/#primaryimage"},"thumbnailUrl":"https:\/\/www.doit.hu\/rendszergazda\/wp-content\/uploads\/2019\/04\/mac-app-store-100591913-primary.idge_.png","keywords":["apple","LibreOffice","Mac","mac app store","NeoOffice"],"articleSection":["Informatika h\u00edrek: felh\u0151, mobil \u00e9s minden m\u00e1s"],"inLanguage":"hu"},{"@type":"WebPage","@id":"https:\/\/www.doit.hu\/rendszergazda\/informatika-hirek-felho-mobil-es-minden-mas\/236-debutal-a-libreoffice-a-mac-app-store-jaban\/","url":"https:\/\/www.doit.hu\/rendszergazda\/informatika-hirek-felho-mobil-es-minden-mas\/236-debutal-a-libreoffice-a-mac-app-store-jaban\/","name":"Deb\u00fct\u00e1l a LibreOffice a Mac App Store-j\u00e1ban","isPartOf":{"@id":"https:\/\/www.doit.hu\/rendszergazda\/#website"},"primaryImageOfPage":{"@id":"https:\/\/www.doit.hu\/rendszergazda\/informatika-hirek-felho-mobil-es-minden-mas\/236-debutal-a-libreoffice-a-mac-app-store-jaban\/#primaryimage"},"image":{"@id":"https:\/\/www.doit.hu\/rendszergazda\/informatika-hirek-felho-mobil-es-minden-mas\/236-debutal-a-libreoffice-a-mac-app-store-jaban\/#primaryimage"},"thumbnailUrl":"https:\/\/www.doit.hu\/rendszergazda\/wp-content\/uploads\/2019\/04\/mac-app-store-100591913-primary.idge_.png","datePublished":"2019-04-17T08:47:55+00:00","description":"Hossz\u00fa \u00e9vek manu\u00e1lis telep\u00edt\u00e9sei \u00e9s friss\u00edt\u00e9sei ut\u00e1n a ny\u00edlt forr\u00e1sk\u00f3d\u00fa LibreOffice v\u00e9gre a Mac felhaszn\u00e1l\u00f3 \u00e9s rendszergazda sz\u00e1m\u00e1ra is telep\u00edthet\u0151 az Apple Mac App Store-j\u00e1n kereszt\u00fcl.","breadcrumb":{"@id":"https:\/\/www.doit.hu\/rendszergazda\/informatika-hirek-felho-mobil-es-minden-mas\/236-debutal-a-libreoffice-a-mac-app-store-jaban\/#breadcrumb"},"inLanguage":"hu","potentialAction":[{"@type":"ReadAction","target":["https:\/\/www.doit.hu\/rendszergazda\/informatika-hirek-felho-mobil-es-minden-mas\/236-debutal-a-libreoffice-a-mac-app-store-jaban\/"]}]},{"@type":"ImageObject","inLanguage":"hu","@id":"https:\/\/www.doit.hu\/rendszergazda\/informatika-hirek-felho-mobil-es-minden-mas\/236-debutal-a-libreoffice-a-mac-app-store-jaban\/#primaryimage","url":"https:\/\/www.doit.hu\/rendszergazda\/wp-content\/uploads\/2019\/04\/mac-app-store-100591913-primary.idge_.png","contentUrl":"https:\/\/www.doit.hu\/rendszergazda\/wp-content\/uploads\/2019\/04\/mac-app-store-100591913-primary.idge_.png","width":620,"height":413},{"@type":"BreadcrumbList","@id":"https:\/\/www.doit.hu\/rendszergazda\/informatika-hirek-felho-mobil-es-minden-mas\/236-debutal-a-libreoffice-a-mac-app-store-jaban\/#breadcrumb","itemListElement":[{"@type":"ListItem","position":1,"name":"Home","item":"https:\/\/www.doit.hu\/rendszergazda\/fooldal-flexi\/"},{"@type":"ListItem","position":2,"name":"Deb\u00fct\u00e1l a LibreOffice a Mac App Store-j\u00e1ban"}]},{"@type":"WebSite","@id":"https:\/\/www.doit.hu\/rendszergazda\/#website","url":"https:\/\/www.doit.hu\/rendszergazda\/","name":"Rendszergazda szolg\u00e1ltat\u00e1s","description":"","publisher":{"@id":"https:\/\/www.doit.hu\/rendszergazda\/#organization"},"potentialAction":[{"@type":"SearchAction","target":{"@type":"EntryPoint","urlTemplate":"https:\/\/www.doit.hu\/rendszergazda\/?s={search_term_string}"},"query-input":{"@type":"PropertyValueSpecification","valueRequired":true,"valueName":"search_term_string"}}],"inLanguage":"hu"},{"@type":"Organization","@id":"https:\/\/www.doit.hu\/rendszergazda\/#organization","name":"DOCCA Zrt.","url":"https:\/\/www.doit.hu\/rendszergazda\/","logo":{"@type":"ImageObject","inLanguage":"hu","@id":"https:\/\/www.doit.hu\/rendszergazda\/#\/schema\/logo\/image\/","url":"https:\/\/www.doit.hu\/rendszergazda\/wp-content\/uploads\/2019\/04\/logo.png","contentUrl":"https:\/\/www.doit.hu\/rendszergazda\/wp-content\/uploads\/2019\/04\/logo.png","width":263,"height":82,"caption":"DOCCA Zrt."},"image":{"@id":"https:\/\/www.doit.hu\/rendszergazda\/#\/schema\/logo\/image\/"},"sameAs":["https:\/\/www.facebook.com\/DoccaZrt"]},{"@type":"Person","@id":"https:\/\/www.doit.hu\/rendszergazda\/#\/schema\/person\/ac60b29300a3d65825707a7bcd47aa7f","name":"Docca Zrt.","image":{"@type":"ImageObject","inLanguage":"hu","@id":"https:\/\/secure.gravatar.com\/avatar\/7e3762308ab47147572d4e9f68e02b65139742dfdbb8f7a7314f3c5064a3dbe7?s=96&d=mm&r=g","url":"https:\/\/secure.gravatar.com\/avatar\/7e3762308ab47147572d4e9f68e02b65139742dfdbb8f7a7314f3c5064a3dbe7?s=96&d=mm&r=g","contentUrl":"https:\/\/secure.gravatar.com\/avatar\/7e3762308ab47147572d4e9f68e02b65139742dfdbb8f7a7314f3c5064a3dbe7?s=96&d=mm&r=g","caption":"Docca Zrt."},"url":"https:\/\/www.doit.hu\/rendszergazda\/author\/docca\/"}]}},"_links":{"self":[{"href":"https:\/\/www.doit.hu\/rendszergazda\/wp-json\/wp\/v2\/posts\/948","targetHints":{"allow":["GET"]}}],"collection":[{"href":"https:\/\/www.doit.hu\/rendszergazda\/wp-json\/wp\/v2\/posts"}],"about":[{"href":"https:\/\/www.doit.hu\/rendszergazda\/wp-json\/wp\/v2\/types\/post"}],"author":[{"embeddable":true,"href":"https:\/\/www.doit.hu\/rendszergazda\/wp-json\/wp\/v2\/users\/7"}],"replies":[{"embeddable":true,"href":"https:\/\/www.doit.hu\/rendszergazda\/wp-json\/wp\/v2\/comments?post=948"}],"version-history":[{"count":1,"href":"https:\/\/www.doit.hu\/rendszergazda\/wp-json\/wp\/v2\/posts\/948\/revisions"}],"predecessor-version":[{"id":950,"href":"https:\/\/www.doit.hu\/rendszergazda\/wp-json\/wp\/v2\/posts\/948\/revisions\/950"}],"wp:featuredmedia":[{"embeddable":true,"href":"https:\/\/www.doit.hu\/rendszergazda\/wp-json\/wp\/v2\/media\/949"}],"wp:attachment":[{"href":"https:\/\/www.doit.hu\/rendszergazda\/wp-json\/wp\/v2\/media?parent=948"}],"wp:term":[{"taxonomy":"category","embeddable":true,"href":"https:\/\/www.doit.hu\/rendszergazda\/wp-json\/wp\/v2\/categories?post=948"},{"taxonomy":"post_tag","embeddable":true,"href":"https:\/\/www.doit.hu\/rendszergazda\/wp-json\/wp\/v2\/tags?post=948"}],"curies":[{"name":"wp","href":"https:\/\/api.w.org\/{rel}","templated":true}]}}