{"id":939,"date":"2019-04-17T08:11:08","date_gmt":"2019-04-17T08:11:08","guid":{"rendered":"http:\/\/www.doit.hu\/rendszergazda\/?p=939"},"modified":"2022-07-14T11:42:41","modified_gmt":"2022-07-14T11:42:41","slug":"245-a-vilag-flash-nelkul-a-visszaszamlalas-elkezdodott","status":"publish","type":"post","link":"https:\/\/www.doit.hu\/rendszergazda\/informatika-hirek-felho-mobil-es-minden-mas\/245-a-vilag-flash-nelkul-a-visszaszamlalas-elkezdodott\/","title":{"rendered":"A vil\u00e1g Flash n\u00e9lk\u00fcl: A visszasz\u00e1ml\u00e1l\u00e1s elkezd\u0151d\u00f6tt"},"content":{"rendered":"<p><strong>Elemz\u0151k szerint az Adobe sokat szidott internet technol\u00f3gi\u00e1ja gyakorlatilag 5 \u00e9ven bel\u00fcl halott lehet.<\/strong><!--more--><\/p>\n<p>Az Adobe Flash technol\u00f3gi\u00e1ja ostrom alatt &#8211; \u00fajra. Vajon Flash n\u00e9lk\u00fcl el\u00e9rhet\u0151 maradhat a vil\u00e1g?<br \/>\nA Mozilla a m\u00falt h\u00e9ten ideiglenesen blokkolta a Flash Player plug-in haszn\u00e1lat\u00e1t a Firefox b\u00f6ng\u00e9sz\u0151kben, miut\u00e1n a Hacking Team, amely a figyel\u0151 szoftvert k\u00e9sz\u00edti, h\u00e1rom, hackelhet\u0151 hi\u00e1nyoss\u00e1got is tal\u00e1lt a szabadalmaztatott technol\u00f3gi\u00e1ban. A Facebook vez\u00e9r Alex Stamos egyenesen a Flash \u00e9let\u00e9nek v\u00e9g\u00e9t k\u00f6veteli. A Google Chrome b\u00f6ng\u00e9sz\u0151je pedig\u00a0<strong><a href=\"https:\/\/www.doit.hu\/rendszergazda\/index.php\/informatika-hirek-felho-mobil-es-minden-mas\/230-a-google-chrome-leallitja-a-kevesbe-fontos-flash-tartalmakat-hogy-kimelje-az-aksinkat\">sz\u00fcneteltet n\u00e9h\u00e1ny Flash tartalmat<\/a><\/strong>, hogy jav\u00edtsa az er\u0151forr\u00e1s felhaszn\u00e1l\u00e1st; az Apple hasonl\u00f3t hajtott v\u00e9gre a Safarival k\u00f6zel k\u00e9t \u00e9vvel ezel\u0151tt.<br \/>\nM\u00edg a Flash minden desktopon ott van, jelenleg csak a weboldalak mind\u00f6ssze 10,6 %-a haszn\u00e1lja \u00e9s ez a sz\u00e1m cs\u00f6kken\u0151 tendenci\u00e1t mutat. De hogy is n\u00e9zni ki a vil\u00e1g Flash n\u00e9lk\u00fcl?<\/p>\n<p>Tov\u00e1bbi r\u00e9szletek:\u00a0<a href=\"http:\/\/www.infoworld.com\/article\/2949161\/web-2-0\/a-world-without-flash-countdown-begins.html?phint=newt%3Dinfoworld_daily&amp;phint=idg_eid%3D21fd4b122dad68e57aeb5354bf123d47\">InfoWorld<\/a>.<\/p>\n<p style=\"text-align: center;\">Tov\u00e1bbi \u00e9rdekess\u00e9gek\u00e9rt keresse fel\u00a0<strong><a href=\"https:\/\/www.doit.hu\/rendszergazda\/index.php\/informatika-hirek-felho-mobil-es-minden-mas\">rendszergazda blogunkat<\/a><\/strong>!<\/p>\n","protected":false},"excerpt":{"rendered":"<p>Elemz\u0151k szerint az Adobe sokat szidott internet technol\u00f3gi\u00e1ja gyakorlatilag 5 \u00e9ven bel\u00fcl halott lehet.<\/p>\n","protected":false},"author":7,"featured_media":0,"comment_status":"closed","ping_status":"closed","sticky":false,"template":"","format":"standard","meta":{"footnotes":""},"categories":[4],"tags":[782,684,783,241],"class_list":["post-939","post","type-post","status-publish","format-standard","hentry","category-informatika-hirek-felho-mobil-es-minden-mas","tag-adobe","tag-flash","tag-flash-player-plug-in","tag-google-chrome"],"yoast_head":"<!-- This site is optimized with the Yoast SEO plugin v27.4 - https:\/\/yoast.com\/product\/yoast-seo-wordpress\/ -->\n<title>A vil\u00e1g Flash n\u00e9lk\u00fcl | IT \u00fczemeltet\u00e9s blog | doit.hu<\/title>\n<meta name=\"description\" content=\"Az Adobe sokat szidott internet technol\u00f3gi\u00e1ja, a Flash gyakorlatilag 5 \u00e9ven bel\u00fcl elt\u0171nhet - v\u00e9lik elemz\u0151k.\" \/>\n<meta name=\"robots\" content=\"index, follow, max-snippet:-1, max-image-preview:large, max-video-preview:-1\" \/>\n<link rel=\"canonical\" href=\"https:\/\/www.doit.hu\/rendszergazda\/informatika-hirek-felho-mobil-es-minden-mas\/245-a-vilag-flash-nelkul-a-visszaszamlalas-elkezdodott\/\" \/>\n<meta property=\"og:locale\" content=\"hu_HU\" \/>\n<meta property=\"og:type\" content=\"article\" \/>\n<meta property=\"og:title\" content=\"A vil\u00e1g Flash n\u00e9lk\u00fcl | IT \u00fczemeltet\u00e9s blog | doit.hu\" \/>\n<meta property=\"og:description\" content=\"Az Adobe sokat szidott internet technol\u00f3gi\u00e1ja, a Flash gyakorlatilag 5 \u00e9ven bel\u00fcl elt\u0171nhet - v\u00e9lik elemz\u0151k.\" \/>\n<meta property=\"og:url\" content=\"https:\/\/www.doit.hu\/rendszergazda\/informatika-hirek-felho-mobil-es-minden-mas\/245-a-vilag-flash-nelkul-a-visszaszamlalas-elkezdodott\/\" \/>\n<meta property=\"og:site_name\" content=\"Rendszergazda szolg\u00e1ltat\u00e1s\" \/>\n<meta property=\"article:publisher\" content=\"https:\/\/www.facebook.com\/DoccaZrt\" \/>\n<meta property=\"article:published_time\" content=\"2019-04-17T08:11:08+00:00\" \/>\n<meta property=\"article:modified_time\" content=\"2022-07-14T11:42:41+00:00\" \/>\n<meta name=\"author\" content=\"Docca Zrt.\" \/>\n<meta name=\"twitter:card\" content=\"summary_large_image\" \/>\n<meta name=\"twitter:label1\" content=\"Szerz\u0151:\" \/>\n\t<meta name=\"twitter:data1\" content=\"Docca Zrt.\" \/>\n\t<meta name=\"twitter:label2\" content=\"Becs\u00fclt olvas\u00e1si id\u0151\" \/>\n\t<meta name=\"twitter:data2\" content=\"1 perc\" \/>\n<script type=\"application\/ld+json\" class=\"yoast-schema-graph\">{\"@context\":\"https:\\\/\\\/schema.org\",\"@graph\":[{\"@type\":\"Article\",\"@id\":\"https:\\\/\\\/www.doit.hu\\\/rendszergazda\\\/informatika-hirek-felho-mobil-es-minden-mas\\\/245-a-vilag-flash-nelkul-a-visszaszamlalas-elkezdodott\\\/#article\",\"isPartOf\":{\"@id\":\"https:\\\/\\\/www.doit.hu\\\/rendszergazda\\\/informatika-hirek-felho-mobil-es-minden-mas\\\/245-a-vilag-flash-nelkul-a-visszaszamlalas-elkezdodott\\\/\"},\"author\":{\"name\":\"Docca Zrt.\",\"@id\":\"https:\\\/\\\/www.doit.hu\\\/rendszergazda\\\/#\\\/schema\\\/person\\\/ac60b29300a3d65825707a7bcd47aa7f\"},\"headline\":\"A vil\u00e1g Flash n\u00e9lk\u00fcl: A visszasz\u00e1ml\u00e1l\u00e1s elkezd\u0151d\u00f6tt\",\"datePublished\":\"2019-04-17T08:11:08+00:00\",\"dateModified\":\"2022-07-14T11:42:41+00:00\",\"mainEntityOfPage\":{\"@id\":\"https:\\\/\\\/www.doit.hu\\\/rendszergazda\\\/informatika-hirek-felho-mobil-es-minden-mas\\\/245-a-vilag-flash-nelkul-a-visszaszamlalas-elkezdodott\\\/\"},\"wordCount\":212,\"publisher\":{\"@id\":\"https:\\\/\\\/www.doit.hu\\\/rendszergazda\\\/#organization\"},\"keywords\":[\"Adobe\",\"Flash\",\"Flash Player plug-in\",\"google chrome\"],\"articleSection\":[\"Informatika h\u00edrek: felh\u0151, mobil \u00e9s minden m\u00e1s\"],\"inLanguage\":\"hu\"},{\"@type\":\"WebPage\",\"@id\":\"https:\\\/\\\/www.doit.hu\\\/rendszergazda\\\/informatika-hirek-felho-mobil-es-minden-mas\\\/245-a-vilag-flash-nelkul-a-visszaszamlalas-elkezdodott\\\/\",\"url\":\"https:\\\/\\\/www.doit.hu\\\/rendszergazda\\\/informatika-hirek-felho-mobil-es-minden-mas\\\/245-a-vilag-flash-nelkul-a-visszaszamlalas-elkezdodott\\\/\",\"name\":\"A vil\u00e1g Flash n\u00e9lk\u00fcl | IT \u00fczemeltet\u00e9s blog | doit.hu\",\"isPartOf\":{\"@id\":\"https:\\\/\\\/www.doit.hu\\\/rendszergazda\\\/#website\"},\"datePublished\":\"2019-04-17T08:11:08+00:00\",\"dateModified\":\"2022-07-14T11:42:41+00:00\",\"description\":\"Az Adobe sokat szidott internet technol\u00f3gi\u00e1ja, a Flash gyakorlatilag 5 \u00e9ven bel\u00fcl elt\u0171nhet - v\u00e9lik elemz\u0151k.\",\"breadcrumb\":{\"@id\":\"https:\\\/\\\/www.doit.hu\\\/rendszergazda\\\/informatika-hirek-felho-mobil-es-minden-mas\\\/245-a-vilag-flash-nelkul-a-visszaszamlalas-elkezdodott\\\/#breadcrumb\"},\"inLanguage\":\"hu\",\"potentialAction\":[{\"@type\":\"ReadAction\",\"target\":[\"https:\\\/\\\/www.doit.hu\\\/rendszergazda\\\/informatika-hirek-felho-mobil-es-minden-mas\\\/245-a-vilag-flash-nelkul-a-visszaszamlalas-elkezdodott\\\/\"]}]},{\"@type\":\"BreadcrumbList\",\"@id\":\"https:\\\/\\\/www.doit.hu\\\/rendszergazda\\\/informatika-hirek-felho-mobil-es-minden-mas\\\/245-a-vilag-flash-nelkul-a-visszaszamlalas-elkezdodott\\\/#breadcrumb\",\"itemListElement\":[{\"@type\":\"ListItem\",\"position\":1,\"name\":\"Home\",\"item\":\"https:\\\/\\\/www.doit.hu\\\/rendszergazda\\\/fooldal-flexi\\\/\"},{\"@type\":\"ListItem\",\"position\":2,\"name\":\"A vil\u00e1g Flash n\u00e9lk\u00fcl: A visszasz\u00e1ml\u00e1l\u00e1s elkezd\u0151d\u00f6tt\"}]},{\"@type\":\"WebSite\",\"@id\":\"https:\\\/\\\/www.doit.hu\\\/rendszergazda\\\/#website\",\"url\":\"https:\\\/\\\/www.doit.hu\\\/rendszergazda\\\/\",\"name\":\"Rendszergazda szolg\u00e1ltat\u00e1s\",\"description\":\"\",\"publisher\":{\"@id\":\"https:\\\/\\\/www.doit.hu\\\/rendszergazda\\\/#organization\"},\"potentialAction\":[{\"@type\":\"SearchAction\",\"target\":{\"@type\":\"EntryPoint\",\"urlTemplate\":\"https:\\\/\\\/www.doit.hu\\\/rendszergazda\\\/?s={search_term_string}\"},\"query-input\":{\"@type\":\"PropertyValueSpecification\",\"valueRequired\":true,\"valueName\":\"search_term_string\"}}],\"inLanguage\":\"hu\"},{\"@type\":\"Organization\",\"@id\":\"https:\\\/\\\/www.doit.hu\\\/rendszergazda\\\/#organization\",\"name\":\"DOCCA Zrt.\",\"url\":\"https:\\\/\\\/www.doit.hu\\\/rendszergazda\\\/\",\"logo\":{\"@type\":\"ImageObject\",\"inLanguage\":\"hu\",\"@id\":\"https:\\\/\\\/www.doit.hu\\\/rendszergazda\\\/#\\\/schema\\\/logo\\\/image\\\/\",\"url\":\"https:\\\/\\\/www.doit.hu\\\/rendszergazda\\\/wp-content\\\/uploads\\\/2019\\\/04\\\/logo.png\",\"contentUrl\":\"https:\\\/\\\/www.doit.hu\\\/rendszergazda\\\/wp-content\\\/uploads\\\/2019\\\/04\\\/logo.png\",\"width\":263,\"height\":82,\"caption\":\"DOCCA Zrt.\"},\"image\":{\"@id\":\"https:\\\/\\\/www.doit.hu\\\/rendszergazda\\\/#\\\/schema\\\/logo\\\/image\\\/\"},\"sameAs\":[\"https:\\\/\\\/www.facebook.com\\\/DoccaZrt\"]},{\"@type\":\"Person\",\"@id\":\"https:\\\/\\\/www.doit.hu\\\/rendszergazda\\\/#\\\/schema\\\/person\\\/ac60b29300a3d65825707a7bcd47aa7f\",\"name\":\"Docca Zrt.\",\"image\":{\"@type\":\"ImageObject\",\"inLanguage\":\"hu\",\"@id\":\"https:\\\/\\\/secure.gravatar.com\\\/avatar\\\/7e3762308ab47147572d4e9f68e02b65139742dfdbb8f7a7314f3c5064a3dbe7?s=96&d=mm&r=g\",\"url\":\"https:\\\/\\\/secure.gravatar.com\\\/avatar\\\/7e3762308ab47147572d4e9f68e02b65139742dfdbb8f7a7314f3c5064a3dbe7?s=96&d=mm&r=g\",\"contentUrl\":\"https:\\\/\\\/secure.gravatar.com\\\/avatar\\\/7e3762308ab47147572d4e9f68e02b65139742dfdbb8f7a7314f3c5064a3dbe7?s=96&d=mm&r=g\",\"caption\":\"Docca Zrt.\"},\"url\":\"https:\\\/\\\/www.doit.hu\\\/rendszergazda\\\/author\\\/docca\\\/\"}]}<\/script>\n<!-- \/ Yoast SEO plugin. -->","yoast_head_json":{"title":"A vil\u00e1g Flash n\u00e9lk\u00fcl | IT \u00fczemeltet\u00e9s blog | doit.hu","description":"Az Adobe sokat szidott internet technol\u00f3gi\u00e1ja, a Flash gyakorlatilag 5 \u00e9ven bel\u00fcl elt\u0171nhet - v\u00e9lik elemz\u0151k.","robots":{"index":"index","follow":"follow","max-snippet":"max-snippet:-1","max-image-preview":"max-image-preview:large","max-video-preview":"max-video-preview:-1"},"canonical":"https:\/\/www.doit.hu\/rendszergazda\/informatika-hirek-felho-mobil-es-minden-mas\/245-a-vilag-flash-nelkul-a-visszaszamlalas-elkezdodott\/","og_locale":"hu_HU","og_type":"article","og_title":"A vil\u00e1g Flash n\u00e9lk\u00fcl | IT \u00fczemeltet\u00e9s blog | doit.hu","og_description":"Az Adobe sokat szidott internet technol\u00f3gi\u00e1ja, a Flash gyakorlatilag 5 \u00e9ven bel\u00fcl elt\u0171nhet - v\u00e9lik elemz\u0151k.","og_url":"https:\/\/www.doit.hu\/rendszergazda\/informatika-hirek-felho-mobil-es-minden-mas\/245-a-vilag-flash-nelkul-a-visszaszamlalas-elkezdodott\/","og_site_name":"Rendszergazda szolg\u00e1ltat\u00e1s","article_publisher":"https:\/\/www.facebook.com\/DoccaZrt","article_published_time":"2019-04-17T08:11:08+00:00","article_modified_time":"2022-07-14T11:42:41+00:00","author":"Docca Zrt.","twitter_card":"summary_large_image","twitter_misc":{"Szerz\u0151:":"Docca Zrt.","Becs\u00fclt olvas\u00e1si id\u0151":"1 perc"},"schema":{"@context":"https:\/\/schema.org","@graph":[{"@type":"Article","@id":"https:\/\/www.doit.hu\/rendszergazda\/informatika-hirek-felho-mobil-es-minden-mas\/245-a-vilag-flash-nelkul-a-visszaszamlalas-elkezdodott\/#article","isPartOf":{"@id":"https:\/\/www.doit.hu\/rendszergazda\/informatika-hirek-felho-mobil-es-minden-mas\/245-a-vilag-flash-nelkul-a-visszaszamlalas-elkezdodott\/"},"author":{"name":"Docca Zrt.","@id":"https:\/\/www.doit.hu\/rendszergazda\/#\/schema\/person\/ac60b29300a3d65825707a7bcd47aa7f"},"headline":"A vil\u00e1g Flash n\u00e9lk\u00fcl: A visszasz\u00e1ml\u00e1l\u00e1s elkezd\u0151d\u00f6tt","datePublished":"2019-04-17T08:11:08+00:00","dateModified":"2022-07-14T11:42:41+00:00","mainEntityOfPage":{"@id":"https:\/\/www.doit.hu\/rendszergazda\/informatika-hirek-felho-mobil-es-minden-mas\/245-a-vilag-flash-nelkul-a-visszaszamlalas-elkezdodott\/"},"wordCount":212,"publisher":{"@id":"https:\/\/www.doit.hu\/rendszergazda\/#organization"},"keywords":["Adobe","Flash","Flash Player plug-in","google chrome"],"articleSection":["Informatika h\u00edrek: felh\u0151, mobil \u00e9s minden m\u00e1s"],"inLanguage":"hu"},{"@type":"WebPage","@id":"https:\/\/www.doit.hu\/rendszergazda\/informatika-hirek-felho-mobil-es-minden-mas\/245-a-vilag-flash-nelkul-a-visszaszamlalas-elkezdodott\/","url":"https:\/\/www.doit.hu\/rendszergazda\/informatika-hirek-felho-mobil-es-minden-mas\/245-a-vilag-flash-nelkul-a-visszaszamlalas-elkezdodott\/","name":"A vil\u00e1g Flash n\u00e9lk\u00fcl | IT \u00fczemeltet\u00e9s blog | doit.hu","isPartOf":{"@id":"https:\/\/www.doit.hu\/rendszergazda\/#website"},"datePublished":"2019-04-17T08:11:08+00:00","dateModified":"2022-07-14T11:42:41+00:00","description":"Az Adobe sokat szidott internet technol\u00f3gi\u00e1ja, a Flash gyakorlatilag 5 \u00e9ven bel\u00fcl elt\u0171nhet - v\u00e9lik elemz\u0151k.","breadcrumb":{"@id":"https:\/\/www.doit.hu\/rendszergazda\/informatika-hirek-felho-mobil-es-minden-mas\/245-a-vilag-flash-nelkul-a-visszaszamlalas-elkezdodott\/#breadcrumb"},"inLanguage":"hu","potentialAction":[{"@type":"ReadAction","target":["https:\/\/www.doit.hu\/rendszergazda\/informatika-hirek-felho-mobil-es-minden-mas\/245-a-vilag-flash-nelkul-a-visszaszamlalas-elkezdodott\/"]}]},{"@type":"BreadcrumbList","@id":"https:\/\/www.doit.hu\/rendszergazda\/informatika-hirek-felho-mobil-es-minden-mas\/245-a-vilag-flash-nelkul-a-visszaszamlalas-elkezdodott\/#breadcrumb","itemListElement":[{"@type":"ListItem","position":1,"name":"Home","item":"https:\/\/www.doit.hu\/rendszergazda\/fooldal-flexi\/"},{"@type":"ListItem","position":2,"name":"A vil\u00e1g Flash n\u00e9lk\u00fcl: A visszasz\u00e1ml\u00e1l\u00e1s elkezd\u0151d\u00f6tt"}]},{"@type":"WebSite","@id":"https:\/\/www.doit.hu\/rendszergazda\/#website","url":"https:\/\/www.doit.hu\/rendszergazda\/","name":"Rendszergazda szolg\u00e1ltat\u00e1s","description":"","publisher":{"@id":"https:\/\/www.doit.hu\/rendszergazda\/#organization"},"potentialAction":[{"@type":"SearchAction","target":{"@type":"EntryPoint","urlTemplate":"https:\/\/www.doit.hu\/rendszergazda\/?s={search_term_string}"},"query-input":{"@type":"PropertyValueSpecification","valueRequired":true,"valueName":"search_term_string"}}],"inLanguage":"hu"},{"@type":"Organization","@id":"https:\/\/www.doit.hu\/rendszergazda\/#organization","name":"DOCCA Zrt.","url":"https:\/\/www.doit.hu\/rendszergazda\/","logo":{"@type":"ImageObject","inLanguage":"hu","@id":"https:\/\/www.doit.hu\/rendszergazda\/#\/schema\/logo\/image\/","url":"https:\/\/www.doit.hu\/rendszergazda\/wp-content\/uploads\/2019\/04\/logo.png","contentUrl":"https:\/\/www.doit.hu\/rendszergazda\/wp-content\/uploads\/2019\/04\/logo.png","width":263,"height":82,"caption":"DOCCA Zrt."},"image":{"@id":"https:\/\/www.doit.hu\/rendszergazda\/#\/schema\/logo\/image\/"},"sameAs":["https:\/\/www.facebook.com\/DoccaZrt"]},{"@type":"Person","@id":"https:\/\/www.doit.hu\/rendszergazda\/#\/schema\/person\/ac60b29300a3d65825707a7bcd47aa7f","name":"Docca Zrt.","image":{"@type":"ImageObject","inLanguage":"hu","@id":"https:\/\/secure.gravatar.com\/avatar\/7e3762308ab47147572d4e9f68e02b65139742dfdbb8f7a7314f3c5064a3dbe7?s=96&d=mm&r=g","url":"https:\/\/secure.gravatar.com\/avatar\/7e3762308ab47147572d4e9f68e02b65139742dfdbb8f7a7314f3c5064a3dbe7?s=96&d=mm&r=g","contentUrl":"https:\/\/secure.gravatar.com\/avatar\/7e3762308ab47147572d4e9f68e02b65139742dfdbb8f7a7314f3c5064a3dbe7?s=96&d=mm&r=g","caption":"Docca Zrt."},"url":"https:\/\/www.doit.hu\/rendszergazda\/author\/docca\/"}]}},"_links":{"self":[{"href":"https:\/\/www.doit.hu\/rendszergazda\/wp-json\/wp\/v2\/posts\/939","targetHints":{"allow":["GET"]}}],"collection":[{"href":"https:\/\/www.doit.hu\/rendszergazda\/wp-json\/wp\/v2\/posts"}],"about":[{"href":"https:\/\/www.doit.hu\/rendszergazda\/wp-json\/wp\/v2\/types\/post"}],"author":[{"embeddable":true,"href":"https:\/\/www.doit.hu\/rendszergazda\/wp-json\/wp\/v2\/users\/7"}],"replies":[{"embeddable":true,"href":"https:\/\/www.doit.hu\/rendszergazda\/wp-json\/wp\/v2\/comments?post=939"}],"version-history":[{"count":2,"href":"https:\/\/www.doit.hu\/rendszergazda\/wp-json\/wp\/v2\/posts\/939\/revisions"}],"predecessor-version":[{"id":2861,"href":"https:\/\/www.doit.hu\/rendszergazda\/wp-json\/wp\/v2\/posts\/939\/revisions\/2861"}],"wp:attachment":[{"href":"https:\/\/www.doit.hu\/rendszergazda\/wp-json\/wp\/v2\/media?parent=939"}],"wp:term":[{"taxonomy":"category","embeddable":true,"href":"https:\/\/www.doit.hu\/rendszergazda\/wp-json\/wp\/v2\/categories?post=939"},{"taxonomy":"post_tag","embeddable":true,"href":"https:\/\/www.doit.hu\/rendszergazda\/wp-json\/wp\/v2\/tags?post=939"}],"curies":[{"name":"wp","href":"https:\/\/api.w.org\/{rel}","templated":true}]}}