{"id":920,"date":"2019-04-17T07:49:33","date_gmt":"2019-04-17T07:49:33","guid":{"rendered":"http:\/\/www.doit.hu\/rendszergazda\/?p=920"},"modified":"2022-07-28T08:31:48","modified_gmt":"2022-07-28T08:31:48","slug":"264-a-microsoft-jovo-ev-elejetol-automatikus-frissiteskent-fogja-rank-eroszakolni-a-win10-et","status":"publish","type":"post","link":"https:\/\/www.doit.hu\/rendszergazda\/informatika-hirek-felho-mobil-es-minden-mas\/264-a-microsoft-jovo-ev-elejetol-automatikus-frissiteskent-fogja-rank-eroszakolni-a-win10-et\/","title":{"rendered":"A Microsoft j\u00f6v\u0151 \u00e9v elej\u00e9t\u0151l automatikus friss\u00edt\u00e9sk\u00e9nt fogja r\u00e1nk er\u0151szakolni a Win10-et"},"content":{"rendered":"<p><strong>Azon felhaszn\u00e1l\u00f3 vagy rendszergazda, aki nem szeretne m\u00e9g Windows 10-et, felt\u00e9tlen\u00fcl olvassa el az al\u00e1bbiakat.<\/strong><!--more--><\/p>\n<p><img loading=\"lazy\" decoding=\"async\" class=\"aligncenter wp-image-921\" src=\"http:\/\/www.doit.hu\/rendszergazda\/wp-content\/uploads\/2019\/04\/Push.jpg\" alt=\"IT \u00fczemeltet\u00e9s: Win 10 automatikus friss\u00edt\u00e9sk\u00e9nt\" width=\"450\" height=\"338\" srcset=\"https:\/\/www.doit.hu\/rendszergazda\/wp-content\/uploads\/2019\/04\/Push.jpg 600w, https:\/\/www.doit.hu\/rendszergazda\/wp-content\/uploads\/2019\/04\/Push-300x225.jpg 300w, https:\/\/www.doit.hu\/rendszergazda\/wp-content\/uploads\/2019\/04\/Push-450x338.jpg 450w\" sizes=\"auto, (max-width: 450px) 100vw, 450px\" \/><\/p>\n<p>Ha a Windows 7 vagy 8.1 rendszer\u00fcnk automatikus friss\u00edt\u00e9sre van be\u00e1ll\u00edtva, a Windows 10 telep\u00edt\u0151 is beindul majd. B\u00e1r van lehet\u0151s\u00e9g kivenni a friss\u00edt\u00e9sek k\u00f6z\u00fcl (a Windows egy v\u00e9gfelhaszn\u00e1l\u00f3i meg\u00e1llapod\u00e1st \u201c\u00edrat\u201d majd vel\u00fcnk al\u00e1), de egyel\u0151re nem tudni tov\u00e1bbi r\u00e9szleteket mag\u00e1r\u00f3l a mechanizmusr\u00f3l.<br \/>\nVoltak, akik m\u00e1r megtagadt\u00e1k ezt a friss\u00edt\u00e9st, de a g\u00e9p\u00fck megragadt valamilyen k\u00f6ztes \u00e1llapotban: a GWX (Get Windows 10 routine) m\u00e9g futott, 6 GB-nyi adat beker\u00fclt egy rejtett mapp\u00e1ba \u00e9s nem volt egy\u00e9rtelm\u0171 lehet\u0151s\u00e9g nemet mondani a nem k\u00edv\u00e1nt Win 10 telep\u00edt\u0151re.<br \/>\nHab\u00e1r a 31 napos visszat\u00e9r\u00e9si lehet\u0151s\u00e9g az el\u0151z\u0151 verzi\u00f3j\u00fa Windows-ra logikus opci\u00f3nak t\u0171nik, de t\u00f6bb ember is panaszolta, hogy a visszav\u00e1lt\u00e1s ut\u00e1n a g\u00e9p\u00fck nem \u00fagy m\u0171k\u00f6d\u00f6tt, ahogy kor\u00e1bban, r\u00e1ad\u00e1sul a Windows 10 friss\u00edt\u00e9si \u201cnyaggat\u00e1s\u201d \u00fajra \u00e9s \u00fajra felt\u0171nt.<\/p>\n<p>Mindenesetre a Microsoft bloggere biztos\u00edt minket arr\u00f3l, hogy a Windows r\u00e1 fog k\u00e9rdezni, hogy biztosan akarunk-e Windows 10-re friss\u00edteni \u00e9s van lehet\u0151s\u00e9g\u00fcnk nemet mondani azonnal. Vagy ak\u00e1r 31 nap m\u00falva is.<\/p>\n<p>&nbsp;<\/p>\n<p>Forr\u00e1s:\u00a0<a href=\"http:\/\/www.infoworld.com\/article\/2999913\/microsoft-windows\/microsoft-to-start-pushing-automatic-updates-to-win10-early-next-year.html?phint=newt%3Dinfoworld_daily&amp;phint=idg_eid%3D21fd4b122dad68e57aeb5354bf123d47\">InfoWorld<\/a>.<\/p>\n<p style=\"text-align: center;\">Tov\u00e1bbi \u00e9rdekess\u00e9gek\u00e9rt keresse fel\u00a0<strong><a href=\"https:\/\/www.doit.hu\/rendszergazda\/index.php\/informatika-hirek-felho-mobil-es-minden-mas\">rendszergazda blogunkat<\/a><\/strong>!<\/p>\n","protected":false},"excerpt":{"rendered":"<p>Azon felhaszn\u00e1l\u00f3 vagy rendszergazda, aki nem szeretne m\u00e9g Windows 10-et, felt\u00e9tlen\u00fcl olvassa el az al\u00e1bbiakat.<\/p>\n","protected":false},"author":7,"featured_media":921,"comment_status":"closed","ping_status":"closed","sticky":false,"template":"","format":"standard","meta":{"footnotes":""},"categories":[4],"tags":[24,13,7,282,433],"class_list":["post-920","post","type-post","status-publish","format-standard","has-post-thumbnail","hentry","category-informatika-hirek-felho-mobil-es-minden-mas","tag-frissites","tag-microsoft","tag-windows-10","tag-windows-7","tag-windows-8-1"],"yoast_head":"<!-- This site is optimized with the Yoast SEO plugin v27.4 - https:\/\/yoast.com\/product\/yoast-seo-wordpress\/ -->\n<title>Windows 10 automatikus friss\u00edt\u00e9sk\u00e9nt | IT \u00fczemeltet\u00e9s blog |doit.hu<\/title>\n<meta name=\"description\" content=\"Ha a Windows 7 vagy 8.1 rendszere automatikus friss\u00edt\u00e9sre van be\u00e1ll\u00edtva, a Windows 10 telep\u00edt\u0151 is beindul majd.\" \/>\n<meta name=\"robots\" content=\"index, follow, max-snippet:-1, max-image-preview:large, max-video-preview:-1\" \/>\n<link rel=\"canonical\" href=\"https:\/\/www.doit.hu\/rendszergazda\/informatika-hirek-felho-mobil-es-minden-mas\/264-a-microsoft-jovo-ev-elejetol-automatikus-frissiteskent-fogja-rank-eroszakolni-a-win10-et\/\" \/>\n<meta property=\"og:locale\" content=\"hu_HU\" \/>\n<meta property=\"og:type\" content=\"article\" \/>\n<meta property=\"og:title\" content=\"Windows 10 automatikus friss\u00edt\u00e9sk\u00e9nt | IT \u00fczemeltet\u00e9s blog |doit.hu\" \/>\n<meta property=\"og:description\" content=\"Ha a Windows 7 vagy 8.1 rendszere automatikus friss\u00edt\u00e9sre van be\u00e1ll\u00edtva, a Windows 10 telep\u00edt\u0151 is beindul majd.\" \/>\n<meta property=\"og:url\" content=\"https:\/\/www.doit.hu\/rendszergazda\/informatika-hirek-felho-mobil-es-minden-mas\/264-a-microsoft-jovo-ev-elejetol-automatikus-frissiteskent-fogja-rank-eroszakolni-a-win10-et\/\" \/>\n<meta property=\"og:site_name\" content=\"Rendszergazda szolg\u00e1ltat\u00e1s\" \/>\n<meta property=\"article:publisher\" content=\"https:\/\/www.facebook.com\/DoccaZrt\" \/>\n<meta property=\"article:published_time\" content=\"2019-04-17T07:49:33+00:00\" \/>\n<meta property=\"article:modified_time\" content=\"2022-07-28T08:31:48+00:00\" \/>\n<meta property=\"og:image\" content=\"https:\/\/www.doit.hu\/rendszergazda\/wp-content\/uploads\/2019\/04\/Push.jpg\" \/>\n\t<meta property=\"og:image:width\" content=\"600\" \/>\n\t<meta property=\"og:image:height\" content=\"450\" \/>\n\t<meta property=\"og:image:type\" content=\"image\/jpeg\" \/>\n<meta name=\"author\" content=\"Docca Zrt.\" \/>\n<meta name=\"twitter:card\" content=\"summary_large_image\" \/>\n<meta name=\"twitter:label1\" content=\"Szerz\u0151:\" \/>\n\t<meta name=\"twitter:data1\" content=\"Docca Zrt.\" \/>\n\t<meta name=\"twitter:label2\" content=\"Becs\u00fclt olvas\u00e1si id\u0151\" \/>\n\t<meta name=\"twitter:data2\" content=\"1 perc\" \/>\n<script type=\"application\/ld+json\" class=\"yoast-schema-graph\">{\"@context\":\"https:\\\/\\\/schema.org\",\"@graph\":[{\"@type\":\"Article\",\"@id\":\"https:\\\/\\\/www.doit.hu\\\/rendszergazda\\\/informatika-hirek-felho-mobil-es-minden-mas\\\/264-a-microsoft-jovo-ev-elejetol-automatikus-frissiteskent-fogja-rank-eroszakolni-a-win10-et\\\/#article\",\"isPartOf\":{\"@id\":\"https:\\\/\\\/www.doit.hu\\\/rendszergazda\\\/informatika-hirek-felho-mobil-es-minden-mas\\\/264-a-microsoft-jovo-ev-elejetol-automatikus-frissiteskent-fogja-rank-eroszakolni-a-win10-et\\\/\"},\"author\":{\"name\":\"Docca Zrt.\",\"@id\":\"https:\\\/\\\/www.doit.hu\\\/rendszergazda\\\/#\\\/schema\\\/person\\\/e847b4d1d3b6243f1a27bc18e31bd4b6\"},\"headline\":\"A Microsoft j\u00f6v\u0151 \u00e9v elej\u00e9t\u0151l automatikus friss\u00edt\u00e9sk\u00e9nt fogja r\u00e1nk er\u0151szakolni a Win10-et\",\"datePublished\":\"2019-04-17T07:49:33+00:00\",\"dateModified\":\"2022-07-28T08:31:48+00:00\",\"mainEntityOfPage\":{\"@id\":\"https:\\\/\\\/www.doit.hu\\\/rendszergazda\\\/informatika-hirek-felho-mobil-es-minden-mas\\\/264-a-microsoft-jovo-ev-elejetol-automatikus-frissiteskent-fogja-rank-eroszakolni-a-win10-et\\\/\"},\"wordCount\":276,\"publisher\":{\"@id\":\"https:\\\/\\\/www.doit.hu\\\/rendszergazda\\\/#organization\"},\"image\":{\"@id\":\"https:\\\/\\\/www.doit.hu\\\/rendszergazda\\\/informatika-hirek-felho-mobil-es-minden-mas\\\/264-a-microsoft-jovo-ev-elejetol-automatikus-frissiteskent-fogja-rank-eroszakolni-a-win10-et\\\/#primaryimage\"},\"thumbnailUrl\":\"https:\\\/\\\/www.doit.hu\\\/rendszergazda\\\/wp-content\\\/uploads\\\/2019\\\/04\\\/Push.jpg\",\"keywords\":[\"friss\u00edt\u00e9s\",\"microsoft\",\"Windows 10\",\"windows 7\",\"windows 8.1\"],\"articleSection\":[\"Informatika h\u00edrek: felh\u0151, mobil \u00e9s minden m\u00e1s\"],\"inLanguage\":\"hu\"},{\"@type\":\"WebPage\",\"@id\":\"https:\\\/\\\/www.doit.hu\\\/rendszergazda\\\/informatika-hirek-felho-mobil-es-minden-mas\\\/264-a-microsoft-jovo-ev-elejetol-automatikus-frissiteskent-fogja-rank-eroszakolni-a-win10-et\\\/\",\"url\":\"https:\\\/\\\/www.doit.hu\\\/rendszergazda\\\/informatika-hirek-felho-mobil-es-minden-mas\\\/264-a-microsoft-jovo-ev-elejetol-automatikus-frissiteskent-fogja-rank-eroszakolni-a-win10-et\\\/\",\"name\":\"Windows 10 automatikus friss\u00edt\u00e9sk\u00e9nt | IT \u00fczemeltet\u00e9s blog |doit.hu\",\"isPartOf\":{\"@id\":\"https:\\\/\\\/www.doit.hu\\\/rendszergazda\\\/#website\"},\"primaryImageOfPage\":{\"@id\":\"https:\\\/\\\/www.doit.hu\\\/rendszergazda\\\/informatika-hirek-felho-mobil-es-minden-mas\\\/264-a-microsoft-jovo-ev-elejetol-automatikus-frissiteskent-fogja-rank-eroszakolni-a-win10-et\\\/#primaryimage\"},\"image\":{\"@id\":\"https:\\\/\\\/www.doit.hu\\\/rendszergazda\\\/informatika-hirek-felho-mobil-es-minden-mas\\\/264-a-microsoft-jovo-ev-elejetol-automatikus-frissiteskent-fogja-rank-eroszakolni-a-win10-et\\\/#primaryimage\"},\"thumbnailUrl\":\"https:\\\/\\\/www.doit.hu\\\/rendszergazda\\\/wp-content\\\/uploads\\\/2019\\\/04\\\/Push.jpg\",\"datePublished\":\"2019-04-17T07:49:33+00:00\",\"dateModified\":\"2022-07-28T08:31:48+00:00\",\"description\":\"Ha a Windows 7 vagy 8.1 rendszere automatikus friss\u00edt\u00e9sre van be\u00e1ll\u00edtva, a Windows 10 telep\u00edt\u0151 is beindul majd.\",\"breadcrumb\":{\"@id\":\"https:\\\/\\\/www.doit.hu\\\/rendszergazda\\\/informatika-hirek-felho-mobil-es-minden-mas\\\/264-a-microsoft-jovo-ev-elejetol-automatikus-frissiteskent-fogja-rank-eroszakolni-a-win10-et\\\/#breadcrumb\"},\"inLanguage\":\"hu\",\"potentialAction\":[{\"@type\":\"ReadAction\",\"target\":[\"https:\\\/\\\/www.doit.hu\\\/rendszergazda\\\/informatika-hirek-felho-mobil-es-minden-mas\\\/264-a-microsoft-jovo-ev-elejetol-automatikus-frissiteskent-fogja-rank-eroszakolni-a-win10-et\\\/\"]}]},{\"@type\":\"ImageObject\",\"inLanguage\":\"hu\",\"@id\":\"https:\\\/\\\/www.doit.hu\\\/rendszergazda\\\/informatika-hirek-felho-mobil-es-minden-mas\\\/264-a-microsoft-jovo-ev-elejetol-automatikus-frissiteskent-fogja-rank-eroszakolni-a-win10-et\\\/#primaryimage\",\"url\":\"https:\\\/\\\/www.doit.hu\\\/rendszergazda\\\/wp-content\\\/uploads\\\/2019\\\/04\\\/Push.jpg\",\"contentUrl\":\"https:\\\/\\\/www.doit.hu\\\/rendszergazda\\\/wp-content\\\/uploads\\\/2019\\\/04\\\/Push.jpg\",\"width\":600,\"height\":450,\"caption\":\"IT \u00fczemeltet\u00e9s: Win 10 automatikus friss\u00edt\u00e9sk\u00e9nt\"},{\"@type\":\"BreadcrumbList\",\"@id\":\"https:\\\/\\\/www.doit.hu\\\/rendszergazda\\\/informatika-hirek-felho-mobil-es-minden-mas\\\/264-a-microsoft-jovo-ev-elejetol-automatikus-frissiteskent-fogja-rank-eroszakolni-a-win10-et\\\/#breadcrumb\",\"itemListElement\":[{\"@type\":\"ListItem\",\"position\":1,\"name\":\"Home\",\"item\":\"https:\\\/\\\/www.doit.hu\\\/rendszergazda\\\/fooldal-flexi\\\/\"},{\"@type\":\"ListItem\",\"position\":2,\"name\":\"A Microsoft j\u00f6v\u0151 \u00e9v elej\u00e9t\u0151l automatikus friss\u00edt\u00e9sk\u00e9nt fogja r\u00e1nk er\u0151szakolni a Win10-et\"}]},{\"@type\":\"WebSite\",\"@id\":\"https:\\\/\\\/www.doit.hu\\\/rendszergazda\\\/#website\",\"url\":\"https:\\\/\\\/www.doit.hu\\\/rendszergazda\\\/\",\"name\":\"Rendszergazda szolg\u00e1ltat\u00e1s\",\"description\":\"\",\"publisher\":{\"@id\":\"https:\\\/\\\/www.doit.hu\\\/rendszergazda\\\/#organization\"},\"potentialAction\":[{\"@type\":\"SearchAction\",\"target\":{\"@type\":\"EntryPoint\",\"urlTemplate\":\"https:\\\/\\\/www.doit.hu\\\/rendszergazda\\\/?s={search_term_string}\"},\"query-input\":{\"@type\":\"PropertyValueSpecification\",\"valueRequired\":true,\"valueName\":\"search_term_string\"}}],\"inLanguage\":\"hu\"},{\"@type\":\"Organization\",\"@id\":\"https:\\\/\\\/www.doit.hu\\\/rendszergazda\\\/#organization\",\"name\":\"DOCCA Zrt.\",\"url\":\"https:\\\/\\\/www.doit.hu\\\/rendszergazda\\\/\",\"logo\":{\"@type\":\"ImageObject\",\"inLanguage\":\"hu\",\"@id\":\"https:\\\/\\\/www.doit.hu\\\/rendszergazda\\\/#\\\/schema\\\/logo\\\/image\\\/\",\"url\":\"https:\\\/\\\/www.doit.hu\\\/rendszergazda\\\/wp-content\\\/uploads\\\/2019\\\/04\\\/logo.png\",\"contentUrl\":\"https:\\\/\\\/www.doit.hu\\\/rendszergazda\\\/wp-content\\\/uploads\\\/2019\\\/04\\\/logo.png\",\"width\":263,\"height\":82,\"caption\":\"DOCCA Zrt.\"},\"image\":{\"@id\":\"https:\\\/\\\/www.doit.hu\\\/rendszergazda\\\/#\\\/schema\\\/logo\\\/image\\\/\"},\"sameAs\":[\"https:\\\/\\\/www.facebook.com\\\/DoccaZrt\"]},{\"@type\":\"Person\",\"@id\":\"https:\\\/\\\/www.doit.hu\\\/rendszergazda\\\/#\\\/schema\\\/person\\\/e847b4d1d3b6243f1a27bc18e31bd4b6\",\"name\":\"Docca Zrt.\",\"image\":{\"@type\":\"ImageObject\",\"inLanguage\":\"hu\",\"@id\":\"https:\\\/\\\/secure.gravatar.com\\\/avatar\\\/7e3762308ab47147572d4e9f68e02b65139742dfdbb8f7a7314f3c5064a3dbe7?s=96&d=mm&r=g\",\"url\":\"https:\\\/\\\/secure.gravatar.com\\\/avatar\\\/7e3762308ab47147572d4e9f68e02b65139742dfdbb8f7a7314f3c5064a3dbe7?s=96&d=mm&r=g\",\"contentUrl\":\"https:\\\/\\\/secure.gravatar.com\\\/avatar\\\/7e3762308ab47147572d4e9f68e02b65139742dfdbb8f7a7314f3c5064a3dbe7?s=96&d=mm&r=g\",\"caption\":\"Docca Zrt.\"},\"url\":\"https:\\\/\\\/www.doit.hu\\\/rendszergazda\\\/author\\\/docca\\\/\"}]}<\/script>\n<!-- \/ Yoast SEO plugin. -->","yoast_head_json":{"title":"Windows 10 automatikus friss\u00edt\u00e9sk\u00e9nt | IT \u00fczemeltet\u00e9s blog |doit.hu","description":"Ha a Windows 7 vagy 8.1 rendszere automatikus friss\u00edt\u00e9sre van be\u00e1ll\u00edtva, a Windows 10 telep\u00edt\u0151 is beindul majd.","robots":{"index":"index","follow":"follow","max-snippet":"max-snippet:-1","max-image-preview":"max-image-preview:large","max-video-preview":"max-video-preview:-1"},"canonical":"https:\/\/www.doit.hu\/rendszergazda\/informatika-hirek-felho-mobil-es-minden-mas\/264-a-microsoft-jovo-ev-elejetol-automatikus-frissiteskent-fogja-rank-eroszakolni-a-win10-et\/","og_locale":"hu_HU","og_type":"article","og_title":"Windows 10 automatikus friss\u00edt\u00e9sk\u00e9nt | IT \u00fczemeltet\u00e9s blog |doit.hu","og_description":"Ha a Windows 7 vagy 8.1 rendszere automatikus friss\u00edt\u00e9sre van be\u00e1ll\u00edtva, a Windows 10 telep\u00edt\u0151 is beindul majd.","og_url":"https:\/\/www.doit.hu\/rendszergazda\/informatika-hirek-felho-mobil-es-minden-mas\/264-a-microsoft-jovo-ev-elejetol-automatikus-frissiteskent-fogja-rank-eroszakolni-a-win10-et\/","og_site_name":"Rendszergazda szolg\u00e1ltat\u00e1s","article_publisher":"https:\/\/www.facebook.com\/DoccaZrt","article_published_time":"2019-04-17T07:49:33+00:00","article_modified_time":"2022-07-28T08:31:48+00:00","og_image":[{"width":600,"height":450,"url":"https:\/\/www.doit.hu\/rendszergazda\/wp-content\/uploads\/2019\/04\/Push.jpg","type":"image\/jpeg"}],"author":"Docca Zrt.","twitter_card":"summary_large_image","twitter_misc":{"Szerz\u0151:":"Docca Zrt.","Becs\u00fclt olvas\u00e1si id\u0151":"1 perc"},"schema":{"@context":"https:\/\/schema.org","@graph":[{"@type":"Article","@id":"https:\/\/www.doit.hu\/rendszergazda\/informatika-hirek-felho-mobil-es-minden-mas\/264-a-microsoft-jovo-ev-elejetol-automatikus-frissiteskent-fogja-rank-eroszakolni-a-win10-et\/#article","isPartOf":{"@id":"https:\/\/www.doit.hu\/rendszergazda\/informatika-hirek-felho-mobil-es-minden-mas\/264-a-microsoft-jovo-ev-elejetol-automatikus-frissiteskent-fogja-rank-eroszakolni-a-win10-et\/"},"author":{"name":"Docca Zrt.","@id":"https:\/\/www.doit.hu\/rendszergazda\/#\/schema\/person\/e847b4d1d3b6243f1a27bc18e31bd4b6"},"headline":"A Microsoft j\u00f6v\u0151 \u00e9v elej\u00e9t\u0151l automatikus friss\u00edt\u00e9sk\u00e9nt fogja r\u00e1nk er\u0151szakolni a Win10-et","datePublished":"2019-04-17T07:49:33+00:00","dateModified":"2022-07-28T08:31:48+00:00","mainEntityOfPage":{"@id":"https:\/\/www.doit.hu\/rendszergazda\/informatika-hirek-felho-mobil-es-minden-mas\/264-a-microsoft-jovo-ev-elejetol-automatikus-frissiteskent-fogja-rank-eroszakolni-a-win10-et\/"},"wordCount":276,"publisher":{"@id":"https:\/\/www.doit.hu\/rendszergazda\/#organization"},"image":{"@id":"https:\/\/www.doit.hu\/rendszergazda\/informatika-hirek-felho-mobil-es-minden-mas\/264-a-microsoft-jovo-ev-elejetol-automatikus-frissiteskent-fogja-rank-eroszakolni-a-win10-et\/#primaryimage"},"thumbnailUrl":"https:\/\/www.doit.hu\/rendszergazda\/wp-content\/uploads\/2019\/04\/Push.jpg","keywords":["friss\u00edt\u00e9s","microsoft","Windows 10","windows 7","windows 8.1"],"articleSection":["Informatika h\u00edrek: felh\u0151, mobil \u00e9s minden m\u00e1s"],"inLanguage":"hu"},{"@type":"WebPage","@id":"https:\/\/www.doit.hu\/rendszergazda\/informatika-hirek-felho-mobil-es-minden-mas\/264-a-microsoft-jovo-ev-elejetol-automatikus-frissiteskent-fogja-rank-eroszakolni-a-win10-et\/","url":"https:\/\/www.doit.hu\/rendszergazda\/informatika-hirek-felho-mobil-es-minden-mas\/264-a-microsoft-jovo-ev-elejetol-automatikus-frissiteskent-fogja-rank-eroszakolni-a-win10-et\/","name":"Windows 10 automatikus friss\u00edt\u00e9sk\u00e9nt | IT \u00fczemeltet\u00e9s blog |doit.hu","isPartOf":{"@id":"https:\/\/www.doit.hu\/rendszergazda\/#website"},"primaryImageOfPage":{"@id":"https:\/\/www.doit.hu\/rendszergazda\/informatika-hirek-felho-mobil-es-minden-mas\/264-a-microsoft-jovo-ev-elejetol-automatikus-frissiteskent-fogja-rank-eroszakolni-a-win10-et\/#primaryimage"},"image":{"@id":"https:\/\/www.doit.hu\/rendszergazda\/informatika-hirek-felho-mobil-es-minden-mas\/264-a-microsoft-jovo-ev-elejetol-automatikus-frissiteskent-fogja-rank-eroszakolni-a-win10-et\/#primaryimage"},"thumbnailUrl":"https:\/\/www.doit.hu\/rendszergazda\/wp-content\/uploads\/2019\/04\/Push.jpg","datePublished":"2019-04-17T07:49:33+00:00","dateModified":"2022-07-28T08:31:48+00:00","description":"Ha a Windows 7 vagy 8.1 rendszere automatikus friss\u00edt\u00e9sre van be\u00e1ll\u00edtva, a Windows 10 telep\u00edt\u0151 is beindul majd.","breadcrumb":{"@id":"https:\/\/www.doit.hu\/rendszergazda\/informatika-hirek-felho-mobil-es-minden-mas\/264-a-microsoft-jovo-ev-elejetol-automatikus-frissiteskent-fogja-rank-eroszakolni-a-win10-et\/#breadcrumb"},"inLanguage":"hu","potentialAction":[{"@type":"ReadAction","target":["https:\/\/www.doit.hu\/rendszergazda\/informatika-hirek-felho-mobil-es-minden-mas\/264-a-microsoft-jovo-ev-elejetol-automatikus-frissiteskent-fogja-rank-eroszakolni-a-win10-et\/"]}]},{"@type":"ImageObject","inLanguage":"hu","@id":"https:\/\/www.doit.hu\/rendszergazda\/informatika-hirek-felho-mobil-es-minden-mas\/264-a-microsoft-jovo-ev-elejetol-automatikus-frissiteskent-fogja-rank-eroszakolni-a-win10-et\/#primaryimage","url":"https:\/\/www.doit.hu\/rendszergazda\/wp-content\/uploads\/2019\/04\/Push.jpg","contentUrl":"https:\/\/www.doit.hu\/rendszergazda\/wp-content\/uploads\/2019\/04\/Push.jpg","width":600,"height":450,"caption":"IT \u00fczemeltet\u00e9s: Win 10 automatikus friss\u00edt\u00e9sk\u00e9nt"},{"@type":"BreadcrumbList","@id":"https:\/\/www.doit.hu\/rendszergazda\/informatika-hirek-felho-mobil-es-minden-mas\/264-a-microsoft-jovo-ev-elejetol-automatikus-frissiteskent-fogja-rank-eroszakolni-a-win10-et\/#breadcrumb","itemListElement":[{"@type":"ListItem","position":1,"name":"Home","item":"https:\/\/www.doit.hu\/rendszergazda\/fooldal-flexi\/"},{"@type":"ListItem","position":2,"name":"A Microsoft j\u00f6v\u0151 \u00e9v elej\u00e9t\u0151l automatikus friss\u00edt\u00e9sk\u00e9nt fogja r\u00e1nk er\u0151szakolni a Win10-et"}]},{"@type":"WebSite","@id":"https:\/\/www.doit.hu\/rendszergazda\/#website","url":"https:\/\/www.doit.hu\/rendszergazda\/","name":"Rendszergazda szolg\u00e1ltat\u00e1s","description":"","publisher":{"@id":"https:\/\/www.doit.hu\/rendszergazda\/#organization"},"potentialAction":[{"@type":"SearchAction","target":{"@type":"EntryPoint","urlTemplate":"https:\/\/www.doit.hu\/rendszergazda\/?s={search_term_string}"},"query-input":{"@type":"PropertyValueSpecification","valueRequired":true,"valueName":"search_term_string"}}],"inLanguage":"hu"},{"@type":"Organization","@id":"https:\/\/www.doit.hu\/rendszergazda\/#organization","name":"DOCCA Zrt.","url":"https:\/\/www.doit.hu\/rendszergazda\/","logo":{"@type":"ImageObject","inLanguage":"hu","@id":"https:\/\/www.doit.hu\/rendszergazda\/#\/schema\/logo\/image\/","url":"https:\/\/www.doit.hu\/rendszergazda\/wp-content\/uploads\/2019\/04\/logo.png","contentUrl":"https:\/\/www.doit.hu\/rendszergazda\/wp-content\/uploads\/2019\/04\/logo.png","width":263,"height":82,"caption":"DOCCA Zrt."},"image":{"@id":"https:\/\/www.doit.hu\/rendszergazda\/#\/schema\/logo\/image\/"},"sameAs":["https:\/\/www.facebook.com\/DoccaZrt"]},{"@type":"Person","@id":"https:\/\/www.doit.hu\/rendszergazda\/#\/schema\/person\/e847b4d1d3b6243f1a27bc18e31bd4b6","name":"Docca Zrt.","image":{"@type":"ImageObject","inLanguage":"hu","@id":"https:\/\/secure.gravatar.com\/avatar\/7e3762308ab47147572d4e9f68e02b65139742dfdbb8f7a7314f3c5064a3dbe7?s=96&d=mm&r=g","url":"https:\/\/secure.gravatar.com\/avatar\/7e3762308ab47147572d4e9f68e02b65139742dfdbb8f7a7314f3c5064a3dbe7?s=96&d=mm&r=g","contentUrl":"https:\/\/secure.gravatar.com\/avatar\/7e3762308ab47147572d4e9f68e02b65139742dfdbb8f7a7314f3c5064a3dbe7?s=96&d=mm&r=g","caption":"Docca Zrt."},"url":"https:\/\/www.doit.hu\/rendszergazda\/author\/docca\/"}]}},"_links":{"self":[{"href":"https:\/\/www.doit.hu\/rendszergazda\/wp-json\/wp\/v2\/posts\/920","targetHints":{"allow":["GET"]}}],"collection":[{"href":"https:\/\/www.doit.hu\/rendszergazda\/wp-json\/wp\/v2\/posts"}],"about":[{"href":"https:\/\/www.doit.hu\/rendszergazda\/wp-json\/wp\/v2\/types\/post"}],"author":[{"embeddable":true,"href":"https:\/\/www.doit.hu\/rendszergazda\/wp-json\/wp\/v2\/users\/7"}],"replies":[{"embeddable":true,"href":"https:\/\/www.doit.hu\/rendszergazda\/wp-json\/wp\/v2\/comments?post=920"}],"version-history":[{"count":3,"href":"https:\/\/www.doit.hu\/rendszergazda\/wp-json\/wp\/v2\/posts\/920\/revisions"}],"predecessor-version":[{"id":3171,"href":"https:\/\/www.doit.hu\/rendszergazda\/wp-json\/wp\/v2\/posts\/920\/revisions\/3171"}],"wp:featuredmedia":[{"embeddable":true,"href":"https:\/\/www.doit.hu\/rendszergazda\/wp-json\/wp\/v2\/media\/921"}],"wp:attachment":[{"href":"https:\/\/www.doit.hu\/rendszergazda\/wp-json\/wp\/v2\/media?parent=920"}],"wp:term":[{"taxonomy":"category","embeddable":true,"href":"https:\/\/www.doit.hu\/rendszergazda\/wp-json\/wp\/v2\/categories?post=920"},{"taxonomy":"post_tag","embeddable":true,"href":"https:\/\/www.doit.hu\/rendszergazda\/wp-json\/wp\/v2\/tags?post=920"}],"curies":[{"name":"wp","href":"https:\/\/api.w.org\/{rel}","templated":true}]}}