{"id":907,"date":"2019-04-17T07:37:38","date_gmt":"2019-04-17T07:37:38","guid":{"rendered":"http:\/\/www.doit.hu\/rendszergazda\/?p=907"},"modified":"2019-04-17T07:37:38","modified_gmt":"2019-04-17T07:37:38","slug":"271-onedrive-felhasznalok-vagyunk-orizzuk-meg-tarhelymeretunket","status":"publish","type":"post","link":"https:\/\/www.doit.hu\/rendszergazda\/informatika-hirek-felho-mobil-es-minden-mas\/271-onedrive-felhasznalok-vagyunk-orizzuk-meg-tarhelymeretunket\/","title":{"rendered":"OneDrive felhaszn\u00e1l\u00f3k vagyunk? \u0150rizz\u00fck meg t\u00e1rhelym\u00e9ret\u00fcnket."},"content":{"rendered":"<p><strong>Azon felhaszn\u00e1l\u00f3k vagy rendszergazd\u00e1k, akik rendelkeznek OneDrive t\u00e1rhellyel, felt\u00e9tlen\u00fcl olvass\u00e1k el az al\u00e1bbiakat.<\/strong><!--more--><\/p>\n<p><img loading=\"lazy\" decoding=\"async\" class=\"size-full wp-image-908 aligncenter\" src=\"http:\/\/www.doit.hu\/rendszergazda\/wp-content\/uploads\/2019\/04\/onedrivesystemshero.jpg\" alt=\"\" width=\"595\" height=\"335\" srcset=\"https:\/\/www.doit.hu\/rendszergazda\/wp-content\/uploads\/2019\/04\/onedrivesystemshero.jpg 595w, https:\/\/www.doit.hu\/rendszergazda\/wp-content\/uploads\/2019\/04\/onedrivesystemshero-300x169.jpg 300w, https:\/\/www.doit.hu\/rendszergazda\/wp-content\/uploads\/2019\/04\/onedrivesystemshero-450x253.jpg 450w\" sizes=\"auto, (max-width: 595px) 100vw, 595px\" \/><\/p>\n<p>Microsoft alig t\u00f6bb mint egy h\u00f3napja jelentett be, a OneDrive felh\u0151 alap\u00fa t\u00e1rol\u00f3ra vonatkoz\u00f3 v\u00e1ltoztat\u00e1saikat,ami nem aratott t\u00fal nagy sikert.<br \/>\nA v\u00e1ltoztat\u00e1sok k\u00f6z\u00f6tt szerepel, hogy az Office 365 el\u0151fizet\u0151knek kor\u00e1bban biztos\u00edtott korl\u00e1tlan t\u00e1rhely\u00e9t, vissza\u00e1ll\u00edtj\u00e1k 1Tb-ra.<br \/>\nUgyanakkor bejelent\u00e9sre ker\u00fclt, hogy minden OneDrive felhaszn\u00e1l\u00f3 t\u00e1rhely\u00e9t 15Gb-r\u00f3l 5Gb-ra cs\u00f6kkentik, valamint a 15Gb t\u00e1rhely\u0171 kamera k\u00e9pek &#8222;Camera Roll&#8221; b\u00f3nusz t\u00e1rhely, ahol sz\u00e1mos okos telefon felhaszn\u00e1l\u00f3 t\u00e1rolhatta fot\u00f3it, teljesen megsz\u00fcntet\u00e9sre ker\u00fcl.<br \/>\nSz\u00e1mos felhaszn\u00e1l\u00f3 nagyon rossz h\u00edrnek v\u00e9lte ezt, mivel gyakori felhaszn\u00e1l\u00e1ssal t\u00e1rolnak az \u00f3ri\u00e1sc\u00e9g ny\u00fajtotta felh\u0151t\u00e1rhelyen.<\/p>\n<p><strong>A J\u00f3 h\u00edr, hogy lehet\u0151s\u00e9g\u00fcnk van megtartani t\u00e1rhely\u00fcnket, miel\u0151tt annak cs\u00f6kkent\u00e9se bek\u00f6vetkezne.<\/strong><\/p>\n<p>2016 janu\u00e1r 31.-ig l\u00e1togassunk el az al\u00e1bbi oldalra:\u00a0<a href=\"https:\/\/preview.onedrive.com\/bonus\/\">https:\/\/preview.onedrive.com\/bonus\/<\/a><\/p>\n<p><img loading=\"lazy\" decoding=\"async\" class=\"wp-image-909 aligncenter\" src=\"http:\/\/www.doit.hu\/rendszergazda\/wp-content\/uploads\/2019\/04\/onedrivekeepyourstoragehero-1030x482.png\" alt=\"\" width=\"450\" height=\"210\" srcset=\"https:\/\/www.doit.hu\/rendszergazda\/wp-content\/uploads\/2019\/04\/onedrivekeepyourstoragehero-1030x482.png 1030w, https:\/\/www.doit.hu\/rendszergazda\/wp-content\/uploads\/2019\/04\/onedrivekeepyourstoragehero-300x140.png 300w, https:\/\/www.doit.hu\/rendszergazda\/wp-content\/uploads\/2019\/04\/onedrivekeepyourstoragehero-768x359.png 768w, https:\/\/www.doit.hu\/rendszergazda\/wp-content\/uploads\/2019\/04\/onedrivekeepyourstoragehero-705x330.png 705w, https:\/\/www.doit.hu\/rendszergazda\/wp-content\/uploads\/2019\/04\/onedrivekeepyourstoragehero-450x210.png 450w, https:\/\/www.doit.hu\/rendszergazda\/wp-content\/uploads\/2019\/04\/onedrivekeepyourstoragehero.png 1405w\" sizes=\"auto, (max-width: 450px) 100vw, 450px\" \/><\/p>\n<p style=\"text-align: center;\">Kattintsunk a &#8222;Keep your free storage&#8221; gombra!<\/p>\n<p><img loading=\"lazy\" decoding=\"async\" class=\"wp-image-910 aligncenter\" src=\"http:\/\/www.doit.hu\/rendszergazda\/wp-content\/uploads\/2019\/04\/onedrivekeepyourstoragesuccess-1030x441.png\" alt=\"\" width=\"450\" height=\"193\" srcset=\"https:\/\/www.doit.hu\/rendszergazda\/wp-content\/uploads\/2019\/04\/onedrivekeepyourstoragesuccess-1030x441.png 1030w, https:\/\/www.doit.hu\/rendszergazda\/wp-content\/uploads\/2019\/04\/onedrivekeepyourstoragesuccess-300x129.png 300w, https:\/\/www.doit.hu\/rendszergazda\/wp-content\/uploads\/2019\/04\/onedrivekeepyourstoragesuccess-768x329.png 768w, https:\/\/www.doit.hu\/rendszergazda\/wp-content\/uploads\/2019\/04\/onedrivekeepyourstoragesuccess-705x302.png 705w, https:\/\/www.doit.hu\/rendszergazda\/wp-content\/uploads\/2019\/04\/onedrivekeepyourstoragesuccess-450x193.png 450w, https:\/\/www.doit.hu\/rendszergazda\/wp-content\/uploads\/2019\/04\/onedrivekeepyourstoragesuccess.png 1050w\" sizes=\"auto, (max-width: 450px) 100vw, 450px\" \/><\/p>\n<p style=\"text-align: center;\">Majd jelentkezz\u00fcnk be a fi\u00f3kunkba!<\/p>\n<p>&nbsp;<\/p>\n<p>Fontos, minden olyan OneDrive fi\u00f3kunkkal v\u00e9gezz\u00fck el ezt a m\u0171veletet, amin szeretn\u00e9nk, hogy t\u00e1rhely\u00fcnk ne essen \u00e1ldozatul a cs\u00f6kkent\u00e9snek.<br \/>\nTerm\u00e9szetesen, aki elmulasztja ezt m\u0171veletet, 2016 Janu\u00e1r 31.-e ut\u00e1n m\u00e1r csak az 5GB t\u00e1rhellyel fog rendelkezni, kamerak\u00e9pek b\u00f3nusz t\u00e1rhely n\u00e9lk\u00fcl.<br \/>\nA korl\u00e1toz\u00e1sba be nem f\u00e9r\u0151 adatainkat m\u00e9g 12 h\u00f3napig lesz lehet\u0151s\u00e9g\u00fcnk lementeni, \u00edgy adataink nem fognak elveszni.<\/p>\n<p>&nbsp;<\/p>\n<p>Forr\u00e1s:\u00a0<a href=\"http:\/\/winsupersite.com\/onedrive\/onedrive-users-get-option-retain-their-original-free-storage-quotas?utm_rid=CPMIN000065251723&amp;utm_campaign=65772&amp;utm_medium=email&amp;elq2=680da661ece14340b5676ac5f3ae2509&amp;elq=680da661ece14340b5676ac5f3ae2509&amp;elqCampaignId=8019&amp;elqaid=65772&amp;elqat=1&amp;elqTrackId=1374e7bcd7954383b87773003e3b9317\">SuperSite for Windows<\/a>.<a href=\"http:\/\/winsupersite.com\/onedrive\/onedrive-users-get-option-retain-their-original-free-storage-quotas?utm_rid=CPMIN000065251723&amp;utm_campaign=65772&amp;utm_medium=email&amp;elq2=680da661ece14340b5676ac5f3ae2509&amp;elq=680da661ece14340b5676ac5f3ae2509&amp;elqCampaignId=8019&amp;elqaid=65772&amp;elqat=1&amp;elqTrackId=1374e7bcd7954383b87773003e3b9317\"><br \/>\n<\/a><\/p>\n<p>&nbsp;<\/p>\n<p style=\"text-align: center;\">Tov\u00e1bbi \u00e9rdekess\u00e9gek\u00e9rt keresse fel\u00a0<strong><a href=\"https:\/\/www.doit.hu\/rendszergazda\/index.php\/informatika-hirek-felho-mobil-es-minden-mas\">rendszergazda blogunkat<\/a><\/strong>!<\/p>\n","protected":false},"excerpt":{"rendered":"<p>Azon felhaszn\u00e1l\u00f3k vagy rendszergazd\u00e1k, akik rendelkeznek OneDrive t\u00e1rhellyel, felt\u00e9tlen\u00fcl olvass\u00e1k el az al\u00e1bbiakat.<\/p>\n","protected":false},"author":7,"featured_media":908,"comment_status":"closed","ping_status":"closed","sticky":false,"template":"","format":"standard","meta":{"footnotes":""},"categories":[4],"tags":[759,320,757,760,758],"class_list":["post-907","post","type-post","status-publish","format-standard","has-post-thumbnail","hentry","category-informatika-hirek-felho-mobil-es-minden-mas","tag-felhasznalo","tag-office-365","tag-onedrive","tag-onedrive-fiok","tag-tarhely"],"yoast_head":"<!-- This site is optimized with the Yoast SEO plugin v27.4 - https:\/\/yoast.com\/product\/yoast-seo-wordpress\/ -->\n<title>OneDrive felhaszn\u00e1l\u00f3k vagyunk? \u0150rizz\u00fck meg t\u00e1rhelym\u00e9ret\u00fcnket.<\/title>\n<meta name=\"description\" content=\"Microsoft alig t\u00f6bb mint egy h\u00f3napja jelentett be, a OneDrive felh\u0151 alap\u00fa t\u00e1rol\u00f3ra vonatkoz\u00f3 v\u00e1ltoztat\u00e1saikat,ami nem aratott t\u00fal nagy sikert.\" \/>\n<meta name=\"robots\" content=\"index, follow, max-snippet:-1, max-image-preview:large, max-video-preview:-1\" \/>\n<link rel=\"canonical\" href=\"https:\/\/www.doit.hu\/rendszergazda\/informatika-hirek-felho-mobil-es-minden-mas\/271-onedrive-felhasznalok-vagyunk-orizzuk-meg-tarhelymeretunket\/\" \/>\n<meta property=\"og:locale\" content=\"hu_HU\" \/>\n<meta property=\"og:type\" content=\"article\" \/>\n<meta property=\"og:title\" content=\"OneDrive felhaszn\u00e1l\u00f3k vagyunk? \u0150rizz\u00fck meg t\u00e1rhelym\u00e9ret\u00fcnket.\" \/>\n<meta property=\"og:description\" content=\"Microsoft alig t\u00f6bb mint egy h\u00f3napja jelentett be, a OneDrive felh\u0151 alap\u00fa t\u00e1rol\u00f3ra vonatkoz\u00f3 v\u00e1ltoztat\u00e1saikat,ami nem aratott t\u00fal nagy sikert.\" \/>\n<meta property=\"og:url\" content=\"https:\/\/www.doit.hu\/rendszergazda\/informatika-hirek-felho-mobil-es-minden-mas\/271-onedrive-felhasznalok-vagyunk-orizzuk-meg-tarhelymeretunket\/\" \/>\n<meta property=\"og:site_name\" content=\"Rendszergazda szolg\u00e1ltat\u00e1s\" \/>\n<meta property=\"article:publisher\" content=\"https:\/\/www.facebook.com\/DoccaZrt\" \/>\n<meta property=\"article:published_time\" content=\"2019-04-17T07:37:38+00:00\" \/>\n<meta property=\"og:image\" content=\"https:\/\/www.doit.hu\/rendszergazda\/wp-content\/uploads\/2019\/04\/onedrivesystemshero.jpg\" \/>\n\t<meta property=\"og:image:width\" content=\"595\" \/>\n\t<meta property=\"og:image:height\" content=\"335\" \/>\n\t<meta property=\"og:image:type\" content=\"image\/jpeg\" \/>\n<meta name=\"author\" content=\"Docca Zrt.\" \/>\n<meta name=\"twitter:card\" content=\"summary_large_image\" \/>\n<meta name=\"twitter:label1\" content=\"Szerz\u0151:\" \/>\n\t<meta name=\"twitter:data1\" content=\"Docca Zrt.\" \/>\n\t<meta name=\"twitter:label2\" content=\"Becs\u00fclt olvas\u00e1si id\u0151\" \/>\n\t<meta name=\"twitter:data2\" content=\"2 perc\" \/>\n<script type=\"application\/ld+json\" class=\"yoast-schema-graph\">{\"@context\":\"https:\\\/\\\/schema.org\",\"@graph\":[{\"@type\":\"Article\",\"@id\":\"https:\\\/\\\/www.doit.hu\\\/rendszergazda\\\/informatika-hirek-felho-mobil-es-minden-mas\\\/271-onedrive-felhasznalok-vagyunk-orizzuk-meg-tarhelymeretunket\\\/#article\",\"isPartOf\":{\"@id\":\"https:\\\/\\\/www.doit.hu\\\/rendszergazda\\\/informatika-hirek-felho-mobil-es-minden-mas\\\/271-onedrive-felhasznalok-vagyunk-orizzuk-meg-tarhelymeretunket\\\/\"},\"author\":{\"name\":\"Docca Zrt.\",\"@id\":\"https:\\\/\\\/www.doit.hu\\\/rendszergazda\\\/#\\\/schema\\\/person\\\/ac60b29300a3d65825707a7bcd47aa7f\"},\"headline\":\"OneDrive felhaszn\u00e1l\u00f3k vagyunk? \u0150rizz\u00fck meg t\u00e1rhelym\u00e9ret\u00fcnket.\",\"datePublished\":\"2019-04-17T07:37:38+00:00\",\"mainEntityOfPage\":{\"@id\":\"https:\\\/\\\/www.doit.hu\\\/rendszergazda\\\/informatika-hirek-felho-mobil-es-minden-mas\\\/271-onedrive-felhasznalok-vagyunk-orizzuk-meg-tarhelymeretunket\\\/\"},\"wordCount\":315,\"publisher\":{\"@id\":\"https:\\\/\\\/www.doit.hu\\\/rendszergazda\\\/#organization\"},\"image\":{\"@id\":\"https:\\\/\\\/www.doit.hu\\\/rendszergazda\\\/informatika-hirek-felho-mobil-es-minden-mas\\\/271-onedrive-felhasznalok-vagyunk-orizzuk-meg-tarhelymeretunket\\\/#primaryimage\"},\"thumbnailUrl\":\"https:\\\/\\\/www.doit.hu\\\/rendszergazda\\\/wp-content\\\/uploads\\\/2019\\\/04\\\/onedrivesystemshero.jpg\",\"keywords\":[\"felhaszn\u00e1l\u00f3\",\"office 365\",\"OneDrive\",\"OneDrive fi\u00f3k\",\"t\u00e1rhely\"],\"articleSection\":[\"Informatika h\u00edrek: felh\u0151, mobil \u00e9s minden m\u00e1s\"],\"inLanguage\":\"hu\"},{\"@type\":\"WebPage\",\"@id\":\"https:\\\/\\\/www.doit.hu\\\/rendszergazda\\\/informatika-hirek-felho-mobil-es-minden-mas\\\/271-onedrive-felhasznalok-vagyunk-orizzuk-meg-tarhelymeretunket\\\/\",\"url\":\"https:\\\/\\\/www.doit.hu\\\/rendszergazda\\\/informatika-hirek-felho-mobil-es-minden-mas\\\/271-onedrive-felhasznalok-vagyunk-orizzuk-meg-tarhelymeretunket\\\/\",\"name\":\"OneDrive felhaszn\u00e1l\u00f3k vagyunk? \u0150rizz\u00fck meg t\u00e1rhelym\u00e9ret\u00fcnket.\",\"isPartOf\":{\"@id\":\"https:\\\/\\\/www.doit.hu\\\/rendszergazda\\\/#website\"},\"primaryImageOfPage\":{\"@id\":\"https:\\\/\\\/www.doit.hu\\\/rendszergazda\\\/informatika-hirek-felho-mobil-es-minden-mas\\\/271-onedrive-felhasznalok-vagyunk-orizzuk-meg-tarhelymeretunket\\\/#primaryimage\"},\"image\":{\"@id\":\"https:\\\/\\\/www.doit.hu\\\/rendszergazda\\\/informatika-hirek-felho-mobil-es-minden-mas\\\/271-onedrive-felhasznalok-vagyunk-orizzuk-meg-tarhelymeretunket\\\/#primaryimage\"},\"thumbnailUrl\":\"https:\\\/\\\/www.doit.hu\\\/rendszergazda\\\/wp-content\\\/uploads\\\/2019\\\/04\\\/onedrivesystemshero.jpg\",\"datePublished\":\"2019-04-17T07:37:38+00:00\",\"description\":\"Microsoft alig t\u00f6bb mint egy h\u00f3napja jelentett be, a OneDrive felh\u0151 alap\u00fa t\u00e1rol\u00f3ra vonatkoz\u00f3 v\u00e1ltoztat\u00e1saikat,ami nem aratott t\u00fal nagy sikert.\",\"breadcrumb\":{\"@id\":\"https:\\\/\\\/www.doit.hu\\\/rendszergazda\\\/informatika-hirek-felho-mobil-es-minden-mas\\\/271-onedrive-felhasznalok-vagyunk-orizzuk-meg-tarhelymeretunket\\\/#breadcrumb\"},\"inLanguage\":\"hu\",\"potentialAction\":[{\"@type\":\"ReadAction\",\"target\":[\"https:\\\/\\\/www.doit.hu\\\/rendszergazda\\\/informatika-hirek-felho-mobil-es-minden-mas\\\/271-onedrive-felhasznalok-vagyunk-orizzuk-meg-tarhelymeretunket\\\/\"]}]},{\"@type\":\"ImageObject\",\"inLanguage\":\"hu\",\"@id\":\"https:\\\/\\\/www.doit.hu\\\/rendszergazda\\\/informatika-hirek-felho-mobil-es-minden-mas\\\/271-onedrive-felhasznalok-vagyunk-orizzuk-meg-tarhelymeretunket\\\/#primaryimage\",\"url\":\"https:\\\/\\\/www.doit.hu\\\/rendszergazda\\\/wp-content\\\/uploads\\\/2019\\\/04\\\/onedrivesystemshero.jpg\",\"contentUrl\":\"https:\\\/\\\/www.doit.hu\\\/rendszergazda\\\/wp-content\\\/uploads\\\/2019\\\/04\\\/onedrivesystemshero.jpg\",\"width\":595,\"height\":335},{\"@type\":\"BreadcrumbList\",\"@id\":\"https:\\\/\\\/www.doit.hu\\\/rendszergazda\\\/informatika-hirek-felho-mobil-es-minden-mas\\\/271-onedrive-felhasznalok-vagyunk-orizzuk-meg-tarhelymeretunket\\\/#breadcrumb\",\"itemListElement\":[{\"@type\":\"ListItem\",\"position\":1,\"name\":\"Home\",\"item\":\"https:\\\/\\\/www.doit.hu\\\/rendszergazda\\\/fooldal-flexi\\\/\"},{\"@type\":\"ListItem\",\"position\":2,\"name\":\"OneDrive felhaszn\u00e1l\u00f3k vagyunk? \u0150rizz\u00fck meg t\u00e1rhelym\u00e9ret\u00fcnket.\"}]},{\"@type\":\"WebSite\",\"@id\":\"https:\\\/\\\/www.doit.hu\\\/rendszergazda\\\/#website\",\"url\":\"https:\\\/\\\/www.doit.hu\\\/rendszergazda\\\/\",\"name\":\"Rendszergazda szolg\u00e1ltat\u00e1s\",\"description\":\"\",\"publisher\":{\"@id\":\"https:\\\/\\\/www.doit.hu\\\/rendszergazda\\\/#organization\"},\"potentialAction\":[{\"@type\":\"SearchAction\",\"target\":{\"@type\":\"EntryPoint\",\"urlTemplate\":\"https:\\\/\\\/www.doit.hu\\\/rendszergazda\\\/?s={search_term_string}\"},\"query-input\":{\"@type\":\"PropertyValueSpecification\",\"valueRequired\":true,\"valueName\":\"search_term_string\"}}],\"inLanguage\":\"hu\"},{\"@type\":\"Organization\",\"@id\":\"https:\\\/\\\/www.doit.hu\\\/rendszergazda\\\/#organization\",\"name\":\"DOCCA Zrt.\",\"url\":\"https:\\\/\\\/www.doit.hu\\\/rendszergazda\\\/\",\"logo\":{\"@type\":\"ImageObject\",\"inLanguage\":\"hu\",\"@id\":\"https:\\\/\\\/www.doit.hu\\\/rendszergazda\\\/#\\\/schema\\\/logo\\\/image\\\/\",\"url\":\"https:\\\/\\\/www.doit.hu\\\/rendszergazda\\\/wp-content\\\/uploads\\\/2019\\\/04\\\/logo.png\",\"contentUrl\":\"https:\\\/\\\/www.doit.hu\\\/rendszergazda\\\/wp-content\\\/uploads\\\/2019\\\/04\\\/logo.png\",\"width\":263,\"height\":82,\"caption\":\"DOCCA Zrt.\"},\"image\":{\"@id\":\"https:\\\/\\\/www.doit.hu\\\/rendszergazda\\\/#\\\/schema\\\/logo\\\/image\\\/\"},\"sameAs\":[\"https:\\\/\\\/www.facebook.com\\\/DoccaZrt\"]},{\"@type\":\"Person\",\"@id\":\"https:\\\/\\\/www.doit.hu\\\/rendszergazda\\\/#\\\/schema\\\/person\\\/ac60b29300a3d65825707a7bcd47aa7f\",\"name\":\"Docca Zrt.\",\"image\":{\"@type\":\"ImageObject\",\"inLanguage\":\"hu\",\"@id\":\"https:\\\/\\\/secure.gravatar.com\\\/avatar\\\/7e3762308ab47147572d4e9f68e02b65139742dfdbb8f7a7314f3c5064a3dbe7?s=96&d=mm&r=g\",\"url\":\"https:\\\/\\\/secure.gravatar.com\\\/avatar\\\/7e3762308ab47147572d4e9f68e02b65139742dfdbb8f7a7314f3c5064a3dbe7?s=96&d=mm&r=g\",\"contentUrl\":\"https:\\\/\\\/secure.gravatar.com\\\/avatar\\\/7e3762308ab47147572d4e9f68e02b65139742dfdbb8f7a7314f3c5064a3dbe7?s=96&d=mm&r=g\",\"caption\":\"Docca Zrt.\"},\"url\":\"https:\\\/\\\/www.doit.hu\\\/rendszergazda\\\/author\\\/docca\\\/\"}]}<\/script>\n<!-- \/ Yoast SEO plugin. -->","yoast_head_json":{"title":"OneDrive felhaszn\u00e1l\u00f3k vagyunk? \u0150rizz\u00fck meg t\u00e1rhelym\u00e9ret\u00fcnket.","description":"Microsoft alig t\u00f6bb mint egy h\u00f3napja jelentett be, a OneDrive felh\u0151 alap\u00fa t\u00e1rol\u00f3ra vonatkoz\u00f3 v\u00e1ltoztat\u00e1saikat,ami nem aratott t\u00fal nagy sikert.","robots":{"index":"index","follow":"follow","max-snippet":"max-snippet:-1","max-image-preview":"max-image-preview:large","max-video-preview":"max-video-preview:-1"},"canonical":"https:\/\/www.doit.hu\/rendszergazda\/informatika-hirek-felho-mobil-es-minden-mas\/271-onedrive-felhasznalok-vagyunk-orizzuk-meg-tarhelymeretunket\/","og_locale":"hu_HU","og_type":"article","og_title":"OneDrive felhaszn\u00e1l\u00f3k vagyunk? \u0150rizz\u00fck meg t\u00e1rhelym\u00e9ret\u00fcnket.","og_description":"Microsoft alig t\u00f6bb mint egy h\u00f3napja jelentett be, a OneDrive felh\u0151 alap\u00fa t\u00e1rol\u00f3ra vonatkoz\u00f3 v\u00e1ltoztat\u00e1saikat,ami nem aratott t\u00fal nagy sikert.","og_url":"https:\/\/www.doit.hu\/rendszergazda\/informatika-hirek-felho-mobil-es-minden-mas\/271-onedrive-felhasznalok-vagyunk-orizzuk-meg-tarhelymeretunket\/","og_site_name":"Rendszergazda szolg\u00e1ltat\u00e1s","article_publisher":"https:\/\/www.facebook.com\/DoccaZrt","article_published_time":"2019-04-17T07:37:38+00:00","og_image":[{"width":595,"height":335,"url":"https:\/\/www.doit.hu\/rendszergazda\/wp-content\/uploads\/2019\/04\/onedrivesystemshero.jpg","type":"image\/jpeg"}],"author":"Docca Zrt.","twitter_card":"summary_large_image","twitter_misc":{"Szerz\u0151:":"Docca Zrt.","Becs\u00fclt olvas\u00e1si id\u0151":"2 perc"},"schema":{"@context":"https:\/\/schema.org","@graph":[{"@type":"Article","@id":"https:\/\/www.doit.hu\/rendszergazda\/informatika-hirek-felho-mobil-es-minden-mas\/271-onedrive-felhasznalok-vagyunk-orizzuk-meg-tarhelymeretunket\/#article","isPartOf":{"@id":"https:\/\/www.doit.hu\/rendszergazda\/informatika-hirek-felho-mobil-es-minden-mas\/271-onedrive-felhasznalok-vagyunk-orizzuk-meg-tarhelymeretunket\/"},"author":{"name":"Docca Zrt.","@id":"https:\/\/www.doit.hu\/rendszergazda\/#\/schema\/person\/ac60b29300a3d65825707a7bcd47aa7f"},"headline":"OneDrive felhaszn\u00e1l\u00f3k vagyunk? \u0150rizz\u00fck meg t\u00e1rhelym\u00e9ret\u00fcnket.","datePublished":"2019-04-17T07:37:38+00:00","mainEntityOfPage":{"@id":"https:\/\/www.doit.hu\/rendszergazda\/informatika-hirek-felho-mobil-es-minden-mas\/271-onedrive-felhasznalok-vagyunk-orizzuk-meg-tarhelymeretunket\/"},"wordCount":315,"publisher":{"@id":"https:\/\/www.doit.hu\/rendszergazda\/#organization"},"image":{"@id":"https:\/\/www.doit.hu\/rendszergazda\/informatika-hirek-felho-mobil-es-minden-mas\/271-onedrive-felhasznalok-vagyunk-orizzuk-meg-tarhelymeretunket\/#primaryimage"},"thumbnailUrl":"https:\/\/www.doit.hu\/rendszergazda\/wp-content\/uploads\/2019\/04\/onedrivesystemshero.jpg","keywords":["felhaszn\u00e1l\u00f3","office 365","OneDrive","OneDrive fi\u00f3k","t\u00e1rhely"],"articleSection":["Informatika h\u00edrek: felh\u0151, mobil \u00e9s minden m\u00e1s"],"inLanguage":"hu"},{"@type":"WebPage","@id":"https:\/\/www.doit.hu\/rendszergazda\/informatika-hirek-felho-mobil-es-minden-mas\/271-onedrive-felhasznalok-vagyunk-orizzuk-meg-tarhelymeretunket\/","url":"https:\/\/www.doit.hu\/rendszergazda\/informatika-hirek-felho-mobil-es-minden-mas\/271-onedrive-felhasznalok-vagyunk-orizzuk-meg-tarhelymeretunket\/","name":"OneDrive felhaszn\u00e1l\u00f3k vagyunk? \u0150rizz\u00fck meg t\u00e1rhelym\u00e9ret\u00fcnket.","isPartOf":{"@id":"https:\/\/www.doit.hu\/rendszergazda\/#website"},"primaryImageOfPage":{"@id":"https:\/\/www.doit.hu\/rendszergazda\/informatika-hirek-felho-mobil-es-minden-mas\/271-onedrive-felhasznalok-vagyunk-orizzuk-meg-tarhelymeretunket\/#primaryimage"},"image":{"@id":"https:\/\/www.doit.hu\/rendszergazda\/informatika-hirek-felho-mobil-es-minden-mas\/271-onedrive-felhasznalok-vagyunk-orizzuk-meg-tarhelymeretunket\/#primaryimage"},"thumbnailUrl":"https:\/\/www.doit.hu\/rendszergazda\/wp-content\/uploads\/2019\/04\/onedrivesystemshero.jpg","datePublished":"2019-04-17T07:37:38+00:00","description":"Microsoft alig t\u00f6bb mint egy h\u00f3napja jelentett be, a OneDrive felh\u0151 alap\u00fa t\u00e1rol\u00f3ra vonatkoz\u00f3 v\u00e1ltoztat\u00e1saikat,ami nem aratott t\u00fal nagy sikert.","breadcrumb":{"@id":"https:\/\/www.doit.hu\/rendszergazda\/informatika-hirek-felho-mobil-es-minden-mas\/271-onedrive-felhasznalok-vagyunk-orizzuk-meg-tarhelymeretunket\/#breadcrumb"},"inLanguage":"hu","potentialAction":[{"@type":"ReadAction","target":["https:\/\/www.doit.hu\/rendszergazda\/informatika-hirek-felho-mobil-es-minden-mas\/271-onedrive-felhasznalok-vagyunk-orizzuk-meg-tarhelymeretunket\/"]}]},{"@type":"ImageObject","inLanguage":"hu","@id":"https:\/\/www.doit.hu\/rendszergazda\/informatika-hirek-felho-mobil-es-minden-mas\/271-onedrive-felhasznalok-vagyunk-orizzuk-meg-tarhelymeretunket\/#primaryimage","url":"https:\/\/www.doit.hu\/rendszergazda\/wp-content\/uploads\/2019\/04\/onedrivesystemshero.jpg","contentUrl":"https:\/\/www.doit.hu\/rendszergazda\/wp-content\/uploads\/2019\/04\/onedrivesystemshero.jpg","width":595,"height":335},{"@type":"BreadcrumbList","@id":"https:\/\/www.doit.hu\/rendszergazda\/informatika-hirek-felho-mobil-es-minden-mas\/271-onedrive-felhasznalok-vagyunk-orizzuk-meg-tarhelymeretunket\/#breadcrumb","itemListElement":[{"@type":"ListItem","position":1,"name":"Home","item":"https:\/\/www.doit.hu\/rendszergazda\/fooldal-flexi\/"},{"@type":"ListItem","position":2,"name":"OneDrive felhaszn\u00e1l\u00f3k vagyunk? \u0150rizz\u00fck meg t\u00e1rhelym\u00e9ret\u00fcnket."}]},{"@type":"WebSite","@id":"https:\/\/www.doit.hu\/rendszergazda\/#website","url":"https:\/\/www.doit.hu\/rendszergazda\/","name":"Rendszergazda szolg\u00e1ltat\u00e1s","description":"","publisher":{"@id":"https:\/\/www.doit.hu\/rendszergazda\/#organization"},"potentialAction":[{"@type":"SearchAction","target":{"@type":"EntryPoint","urlTemplate":"https:\/\/www.doit.hu\/rendszergazda\/?s={search_term_string}"},"query-input":{"@type":"PropertyValueSpecification","valueRequired":true,"valueName":"search_term_string"}}],"inLanguage":"hu"},{"@type":"Organization","@id":"https:\/\/www.doit.hu\/rendszergazda\/#organization","name":"DOCCA Zrt.","url":"https:\/\/www.doit.hu\/rendszergazda\/","logo":{"@type":"ImageObject","inLanguage":"hu","@id":"https:\/\/www.doit.hu\/rendszergazda\/#\/schema\/logo\/image\/","url":"https:\/\/www.doit.hu\/rendszergazda\/wp-content\/uploads\/2019\/04\/logo.png","contentUrl":"https:\/\/www.doit.hu\/rendszergazda\/wp-content\/uploads\/2019\/04\/logo.png","width":263,"height":82,"caption":"DOCCA Zrt."},"image":{"@id":"https:\/\/www.doit.hu\/rendszergazda\/#\/schema\/logo\/image\/"},"sameAs":["https:\/\/www.facebook.com\/DoccaZrt"]},{"@type":"Person","@id":"https:\/\/www.doit.hu\/rendszergazda\/#\/schema\/person\/ac60b29300a3d65825707a7bcd47aa7f","name":"Docca Zrt.","image":{"@type":"ImageObject","inLanguage":"hu","@id":"https:\/\/secure.gravatar.com\/avatar\/7e3762308ab47147572d4e9f68e02b65139742dfdbb8f7a7314f3c5064a3dbe7?s=96&d=mm&r=g","url":"https:\/\/secure.gravatar.com\/avatar\/7e3762308ab47147572d4e9f68e02b65139742dfdbb8f7a7314f3c5064a3dbe7?s=96&d=mm&r=g","contentUrl":"https:\/\/secure.gravatar.com\/avatar\/7e3762308ab47147572d4e9f68e02b65139742dfdbb8f7a7314f3c5064a3dbe7?s=96&d=mm&r=g","caption":"Docca Zrt."},"url":"https:\/\/www.doit.hu\/rendszergazda\/author\/docca\/"}]}},"_links":{"self":[{"href":"https:\/\/www.doit.hu\/rendszergazda\/wp-json\/wp\/v2\/posts\/907","targetHints":{"allow":["GET"]}}],"collection":[{"href":"https:\/\/www.doit.hu\/rendszergazda\/wp-json\/wp\/v2\/posts"}],"about":[{"href":"https:\/\/www.doit.hu\/rendszergazda\/wp-json\/wp\/v2\/types\/post"}],"author":[{"embeddable":true,"href":"https:\/\/www.doit.hu\/rendszergazda\/wp-json\/wp\/v2\/users\/7"}],"replies":[{"embeddable":true,"href":"https:\/\/www.doit.hu\/rendszergazda\/wp-json\/wp\/v2\/comments?post=907"}],"version-history":[{"count":1,"href":"https:\/\/www.doit.hu\/rendszergazda\/wp-json\/wp\/v2\/posts\/907\/revisions"}],"predecessor-version":[{"id":911,"href":"https:\/\/www.doit.hu\/rendszergazda\/wp-json\/wp\/v2\/posts\/907\/revisions\/911"}],"wp:featuredmedia":[{"embeddable":true,"href":"https:\/\/www.doit.hu\/rendszergazda\/wp-json\/wp\/v2\/media\/908"}],"wp:attachment":[{"href":"https:\/\/www.doit.hu\/rendszergazda\/wp-json\/wp\/v2\/media?parent=907"}],"wp:term":[{"taxonomy":"category","embeddable":true,"href":"https:\/\/www.doit.hu\/rendszergazda\/wp-json\/wp\/v2\/categories?post=907"},{"taxonomy":"post_tag","embeddable":true,"href":"https:\/\/www.doit.hu\/rendszergazda\/wp-json\/wp\/v2\/tags?post=907"}],"curies":[{"name":"wp","href":"https:\/\/api.w.org\/{rel}","templated":true}]}}