{"id":901,"date":"2019-04-17T07:26:10","date_gmt":"2019-04-17T07:26:10","guid":{"rendered":"http:\/\/www.doit.hu\/rendszergazda\/?p=901"},"modified":"2022-07-28T07:52:15","modified_gmt":"2022-07-28T07:52:15","slug":"274-megerkezett-a-javitas-a-problemat-okozo-kb3093594-frissitesre","status":"publish","type":"post","link":"https:\/\/www.doit.hu\/rendszergazda\/informatika-hirek-felho-mobil-es-minden-mas\/274-megerkezett-a-javitas-a-problemat-okozo-kb3093594-frissitesre\/","title":{"rendered":"Meg\u00e9rkezett a jav\u00edt\u00e1s, a probl\u00e9m\u00e1t okoz\u00f3 KB3093594 friss\u00edt\u00e9sre."},"content":{"rendered":"<p><strong>Ha a rendszergazda, vagy a felhaszn\u00e1l\u00f3 azt tapasztalta, hogy Windows Live Mail 2012 alkalmaz\u00e1sa \u00f6sszeomlott a kor\u00e1bbi friss\u00edt\u00e9s telep\u00edt\u00e9s\u00e9t k\u00f6vet\u0151en, mindenk\u00e9ppen olvassa el az al\u00e1bbiakat.<\/strong><!--more--><\/p>\n<p><img loading=\"lazy\" decoding=\"async\" class=\"aligncenter wp-image-902 size-full\" src=\"https:\/\/www.doit.hu\/rendszergazda\/wp-content\/uploads\/2019\/04\/Windows-vulnerability-patch-update.jpg\" alt=\"Jav\u00edt\u00e1s a KB3093594 friss\u00edt\u00e9sre \" width=\"728\" height=\"380\" srcset=\"https:\/\/www.doit.hu\/rendszergazda\/wp-content\/uploads\/2019\/04\/Windows-vulnerability-patch-update.jpg 728w, https:\/\/www.doit.hu\/rendszergazda\/wp-content\/uploads\/2019\/04\/Windows-vulnerability-patch-update-300x157.jpg 300w, https:\/\/www.doit.hu\/rendszergazda\/wp-content\/uploads\/2019\/04\/Windows-vulnerability-patch-update-705x368.jpg 705w, https:\/\/www.doit.hu\/rendszergazda\/wp-content\/uploads\/2019\/04\/Windows-vulnerability-patch-update-450x235.jpg 450w\" sizes=\"auto, (max-width: 728px) 100vw, 728px\" \/><\/p>\n<p>Egy\u00a0<strong><a href=\"https:\/\/www.doit.hu\/rendszergazda\/index.php\/informatika-hirek-felho-mobil-es-minden-mas\/269-ovakodjunk-a-windows-live-mail-2012-kb-3093594-javitasatol-windows-lefagyast-eredmenyezhet\">kor\u00e1bbi posztban m\u00e1r \u00edrtunk arr\u00f3l<\/a><\/strong>, hogy a KB3093594 friss\u00edt\u00e9s Windows Live Mail \u00f6sszeoml\u00e1s\u00e1t okozhatja.<br \/>\nNos, a Microsoft december 17-\u00e9n kiadta az eml\u00edtett friss\u00edt\u00e9s jav\u00edt\u00e1s\u00e1t.<br \/>\nAmennyiben december 17 el\u0151tt megjelent friss\u00edt\u00e9st telep\u00edtett\u00fck \u00e9s WLM alkalmaz\u00e1sunk \u00f6sszeomlott, ellen\u0151rizz\u00fck az el\u00e9rhet\u0151 friss\u00edt\u00e9seket, ugyanis december 17-\u00e9n megjelent egy jav\u00edt\u00e1s, ugyancsak KB3093594 n\u00e9ven, ami az eml\u00edtett hib\u00e1t hivatott orvosolni.<\/p>\n<p>&nbsp;<\/p>\n<p>Forr\u00e1s:\u00a0<a href=\"http:\/\/www.infoworld.com\/article\/3016851\/microsoft-windows\/microsoft-reissues-botched-windows-live-mail-2012-patch-kb-3093594.html?token=%23tk.IFWNLE_nlt_infoworld_daily_2015-12-18&amp;idg_eid=21fd4b122dad68e57aeb5354bf123d47&amp;utm_source=Sailthru&amp;utm_medium=email&amp;utm_campaign=InfoWorld%20Daily:%20Afternoon%20Edition%202015-12-18&amp;utm_term=infoworld_daily#tk.IFW_nlt_infoworld_daily_2015-12-18\">InfoWorld<\/a>.<br \/>\n<a href=\"http:\/\/www.infoworld.com\/article\/3016851\/microsoft-windows\/microsoft-reissues-botched-windows-live-mail-2012-patch-kb-3093594.html?token=%23tk.IFWNLE_nlt_infoworld_daily_2015-12-18&amp;idg_eid=21fd4b122dad68e57aeb5354bf123d47&amp;utm_source=Sailthru&amp;utm_medium=email&amp;utm_campaign=InfoWorld%20Daily\"><br \/>\n<\/a><\/p>\n<p style=\"text-align: center;\">Tov\u00e1bbi \u00e9rdekess\u00e9gek\u00e9rt keresse fel\u00a0<strong><a href=\"https:\/\/www.doit.hu\/rendszergazda\/index.php\/informatika-hirek-felho-mobil-es-minden-mas\">rendszergazda blogunkat<\/a><\/strong>!<\/p>\n<p>&nbsp;<\/p>\n","protected":false},"excerpt":{"rendered":"<p>Ha a rendszergazda, vagy a felhaszn\u00e1l\u00f3 azt tapasztalta, hogy Windows Live Mail 2012 alkalmaz\u00e1sa \u00f6sszeomlott a kor\u00e1bbi friss\u00edt\u00e9s telep\u00edt\u00e9s\u00e9t k\u00f6vet\u0151en, mindenk\u00e9ppen olvassa el az al\u00e1bbiakat.<\/p>\n","protected":false},"author":7,"featured_media":902,"comment_status":"closed","ping_status":"closed","sticky":false,"template":"","format":"standard","meta":{"footnotes":""},"categories":[4],"tags":[24,754,753,752],"class_list":["post-901","post","type-post","status-publish","format-standard","has-post-thumbnail","hentry","category-informatika-hirek-felho-mobil-es-minden-mas","tag-frissites","tag-javitas","tag-osszeomlas","tag-windows-live-mail"],"yoast_head":"<!-- This site is optimized with the Yoast SEO plugin v27.4 - https:\/\/yoast.com\/product\/yoast-seo-wordpress\/ -->\n<title>Jav\u00edt\u00e1s a KB3093594 friss\u00edt\u00e9sre | Windows rendszergazda blog |doit.hu<\/title>\n<meta name=\"description\" content=\"Ha azt tapasztalta, hogy Windows Live Mail 2012 alkalmaz\u00e1sa \u00f6sszeomlott a kor\u00e1bbi friss\u00edt\u00e9s telep\u00edt\u00e9s\u00e9t k\u00f6vet\u0151en, mindenk\u00e9ppen olvassa el \u00edr\u00e1sunkat.\" \/>\n<meta name=\"robots\" content=\"index, follow, max-snippet:-1, max-image-preview:large, max-video-preview:-1\" \/>\n<link rel=\"canonical\" href=\"https:\/\/www.doit.hu\/rendszergazda\/informatika-hirek-felho-mobil-es-minden-mas\/274-megerkezett-a-javitas-a-problemat-okozo-kb3093594-frissitesre\/\" \/>\n<meta property=\"og:locale\" content=\"hu_HU\" \/>\n<meta property=\"og:type\" content=\"article\" \/>\n<meta property=\"og:title\" content=\"Jav\u00edt\u00e1s a KB3093594 friss\u00edt\u00e9sre | Windows rendszergazda blog |doit.hu\" \/>\n<meta property=\"og:description\" content=\"Ha azt tapasztalta, hogy Windows Live Mail 2012 alkalmaz\u00e1sa \u00f6sszeomlott a kor\u00e1bbi friss\u00edt\u00e9s telep\u00edt\u00e9s\u00e9t k\u00f6vet\u0151en, mindenk\u00e9ppen olvassa el \u00edr\u00e1sunkat.\" \/>\n<meta property=\"og:url\" content=\"https:\/\/www.doit.hu\/rendszergazda\/informatika-hirek-felho-mobil-es-minden-mas\/274-megerkezett-a-javitas-a-problemat-okozo-kb3093594-frissitesre\/\" \/>\n<meta property=\"og:site_name\" content=\"Rendszergazda szolg\u00e1ltat\u00e1s\" \/>\n<meta property=\"article:publisher\" content=\"https:\/\/www.facebook.com\/DoccaZrt\" \/>\n<meta property=\"article:published_time\" content=\"2019-04-17T07:26:10+00:00\" \/>\n<meta property=\"article:modified_time\" content=\"2022-07-28T07:52:15+00:00\" \/>\n<meta property=\"og:image\" content=\"https:\/\/www.doit.hu\/rendszergazda\/wp-content\/uploads\/2019\/04\/Windows-vulnerability-patch-update.jpg\" \/>\n\t<meta property=\"og:image:width\" content=\"728\" \/>\n\t<meta property=\"og:image:height\" content=\"380\" \/>\n\t<meta property=\"og:image:type\" content=\"image\/jpeg\" \/>\n<meta name=\"author\" content=\"Docca Zrt.\" \/>\n<meta name=\"twitter:card\" content=\"summary_large_image\" \/>\n<meta name=\"twitter:label1\" content=\"Szerz\u0151:\" \/>\n\t<meta name=\"twitter:data1\" content=\"Docca Zrt.\" \/>\n\t<meta name=\"twitter:label2\" content=\"Becs\u00fclt olvas\u00e1si id\u0151\" \/>\n\t<meta name=\"twitter:data2\" content=\"1 perc\" \/>\n<script type=\"application\/ld+json\" class=\"yoast-schema-graph\">{\"@context\":\"https:\\\/\\\/schema.org\",\"@graph\":[{\"@type\":\"Article\",\"@id\":\"https:\\\/\\\/www.doit.hu\\\/rendszergazda\\\/informatika-hirek-felho-mobil-es-minden-mas\\\/274-megerkezett-a-javitas-a-problemat-okozo-kb3093594-frissitesre\\\/#article\",\"isPartOf\":{\"@id\":\"https:\\\/\\\/www.doit.hu\\\/rendszergazda\\\/informatika-hirek-felho-mobil-es-minden-mas\\\/274-megerkezett-a-javitas-a-problemat-okozo-kb3093594-frissitesre\\\/\"},\"author\":{\"name\":\"Docca Zrt.\",\"@id\":\"https:\\\/\\\/www.doit.hu\\\/rendszergazda\\\/#\\\/schema\\\/person\\\/ac60b29300a3d65825707a7bcd47aa7f\"},\"headline\":\"Meg\u00e9rkezett a jav\u00edt\u00e1s, a probl\u00e9m\u00e1t okoz\u00f3 KB3093594 friss\u00edt\u00e9sre.\",\"datePublished\":\"2019-04-17T07:26:10+00:00\",\"dateModified\":\"2022-07-28T07:52:15+00:00\",\"mainEntityOfPage\":{\"@id\":\"https:\\\/\\\/www.doit.hu\\\/rendszergazda\\\/informatika-hirek-felho-mobil-es-minden-mas\\\/274-megerkezett-a-javitas-a-problemat-okozo-kb3093594-frissitesre\\\/\"},\"wordCount\":150,\"publisher\":{\"@id\":\"https:\\\/\\\/www.doit.hu\\\/rendszergazda\\\/#organization\"},\"image\":{\"@id\":\"https:\\\/\\\/www.doit.hu\\\/rendszergazda\\\/informatika-hirek-felho-mobil-es-minden-mas\\\/274-megerkezett-a-javitas-a-problemat-okozo-kb3093594-frissitesre\\\/#primaryimage\"},\"thumbnailUrl\":\"https:\\\/\\\/www.doit.hu\\\/rendszergazda\\\/wp-content\\\/uploads\\\/2019\\\/04\\\/Windows-vulnerability-patch-update.jpg\",\"keywords\":[\"friss\u00edt\u00e9s\",\"jav\u00edt\u00e1s\",\"\u00f6sszeoml\u00e1s\",\"Windows Live Mail\"],\"articleSection\":[\"Informatika h\u00edrek: felh\u0151, mobil \u00e9s minden m\u00e1s\"],\"inLanguage\":\"hu\"},{\"@type\":\"WebPage\",\"@id\":\"https:\\\/\\\/www.doit.hu\\\/rendszergazda\\\/informatika-hirek-felho-mobil-es-minden-mas\\\/274-megerkezett-a-javitas-a-problemat-okozo-kb3093594-frissitesre\\\/\",\"url\":\"https:\\\/\\\/www.doit.hu\\\/rendszergazda\\\/informatika-hirek-felho-mobil-es-minden-mas\\\/274-megerkezett-a-javitas-a-problemat-okozo-kb3093594-frissitesre\\\/\",\"name\":\"Jav\u00edt\u00e1s a KB3093594 friss\u00edt\u00e9sre | Windows rendszergazda blog |doit.hu\",\"isPartOf\":{\"@id\":\"https:\\\/\\\/www.doit.hu\\\/rendszergazda\\\/#website\"},\"primaryImageOfPage\":{\"@id\":\"https:\\\/\\\/www.doit.hu\\\/rendszergazda\\\/informatika-hirek-felho-mobil-es-minden-mas\\\/274-megerkezett-a-javitas-a-problemat-okozo-kb3093594-frissitesre\\\/#primaryimage\"},\"image\":{\"@id\":\"https:\\\/\\\/www.doit.hu\\\/rendszergazda\\\/informatika-hirek-felho-mobil-es-minden-mas\\\/274-megerkezett-a-javitas-a-problemat-okozo-kb3093594-frissitesre\\\/#primaryimage\"},\"thumbnailUrl\":\"https:\\\/\\\/www.doit.hu\\\/rendszergazda\\\/wp-content\\\/uploads\\\/2019\\\/04\\\/Windows-vulnerability-patch-update.jpg\",\"datePublished\":\"2019-04-17T07:26:10+00:00\",\"dateModified\":\"2022-07-28T07:52:15+00:00\",\"description\":\"Ha azt tapasztalta, hogy Windows Live Mail 2012 alkalmaz\u00e1sa \u00f6sszeomlott a kor\u00e1bbi friss\u00edt\u00e9s telep\u00edt\u00e9s\u00e9t k\u00f6vet\u0151en, mindenk\u00e9ppen olvassa el \u00edr\u00e1sunkat.\",\"breadcrumb\":{\"@id\":\"https:\\\/\\\/www.doit.hu\\\/rendszergazda\\\/informatika-hirek-felho-mobil-es-minden-mas\\\/274-megerkezett-a-javitas-a-problemat-okozo-kb3093594-frissitesre\\\/#breadcrumb\"},\"inLanguage\":\"hu\",\"potentialAction\":[{\"@type\":\"ReadAction\",\"target\":[\"https:\\\/\\\/www.doit.hu\\\/rendszergazda\\\/informatika-hirek-felho-mobil-es-minden-mas\\\/274-megerkezett-a-javitas-a-problemat-okozo-kb3093594-frissitesre\\\/\"]}]},{\"@type\":\"ImageObject\",\"inLanguage\":\"hu\",\"@id\":\"https:\\\/\\\/www.doit.hu\\\/rendszergazda\\\/informatika-hirek-felho-mobil-es-minden-mas\\\/274-megerkezett-a-javitas-a-problemat-okozo-kb3093594-frissitesre\\\/#primaryimage\",\"url\":\"https:\\\/\\\/www.doit.hu\\\/rendszergazda\\\/wp-content\\\/uploads\\\/2019\\\/04\\\/Windows-vulnerability-patch-update.jpg\",\"contentUrl\":\"https:\\\/\\\/www.doit.hu\\\/rendszergazda\\\/wp-content\\\/uploads\\\/2019\\\/04\\\/Windows-vulnerability-patch-update.jpg\",\"width\":728,\"height\":380,\"caption\":\"Jav\u00edt\u00e1s a KB3093594 friss\u00edt\u00e9sre\"},{\"@type\":\"BreadcrumbList\",\"@id\":\"https:\\\/\\\/www.doit.hu\\\/rendszergazda\\\/informatika-hirek-felho-mobil-es-minden-mas\\\/274-megerkezett-a-javitas-a-problemat-okozo-kb3093594-frissitesre\\\/#breadcrumb\",\"itemListElement\":[{\"@type\":\"ListItem\",\"position\":1,\"name\":\"Home\",\"item\":\"https:\\\/\\\/www.doit.hu\\\/rendszergazda\\\/fooldal-flexi\\\/\"},{\"@type\":\"ListItem\",\"position\":2,\"name\":\"Meg\u00e9rkezett a jav\u00edt\u00e1s, a probl\u00e9m\u00e1t okoz\u00f3 KB3093594 friss\u00edt\u00e9sre.\"}]},{\"@type\":\"WebSite\",\"@id\":\"https:\\\/\\\/www.doit.hu\\\/rendszergazda\\\/#website\",\"url\":\"https:\\\/\\\/www.doit.hu\\\/rendszergazda\\\/\",\"name\":\"Rendszergazda szolg\u00e1ltat\u00e1s\",\"description\":\"\",\"publisher\":{\"@id\":\"https:\\\/\\\/www.doit.hu\\\/rendszergazda\\\/#organization\"},\"potentialAction\":[{\"@type\":\"SearchAction\",\"target\":{\"@type\":\"EntryPoint\",\"urlTemplate\":\"https:\\\/\\\/www.doit.hu\\\/rendszergazda\\\/?s={search_term_string}\"},\"query-input\":{\"@type\":\"PropertyValueSpecification\",\"valueRequired\":true,\"valueName\":\"search_term_string\"}}],\"inLanguage\":\"hu\"},{\"@type\":\"Organization\",\"@id\":\"https:\\\/\\\/www.doit.hu\\\/rendszergazda\\\/#organization\",\"name\":\"DOCCA Zrt.\",\"url\":\"https:\\\/\\\/www.doit.hu\\\/rendszergazda\\\/\",\"logo\":{\"@type\":\"ImageObject\",\"inLanguage\":\"hu\",\"@id\":\"https:\\\/\\\/www.doit.hu\\\/rendszergazda\\\/#\\\/schema\\\/logo\\\/image\\\/\",\"url\":\"https:\\\/\\\/www.doit.hu\\\/rendszergazda\\\/wp-content\\\/uploads\\\/2019\\\/04\\\/logo.png\",\"contentUrl\":\"https:\\\/\\\/www.doit.hu\\\/rendszergazda\\\/wp-content\\\/uploads\\\/2019\\\/04\\\/logo.png\",\"width\":263,\"height\":82,\"caption\":\"DOCCA Zrt.\"},\"image\":{\"@id\":\"https:\\\/\\\/www.doit.hu\\\/rendszergazda\\\/#\\\/schema\\\/logo\\\/image\\\/\"},\"sameAs\":[\"https:\\\/\\\/www.facebook.com\\\/DoccaZrt\"]},{\"@type\":\"Person\",\"@id\":\"https:\\\/\\\/www.doit.hu\\\/rendszergazda\\\/#\\\/schema\\\/person\\\/ac60b29300a3d65825707a7bcd47aa7f\",\"name\":\"Docca Zrt.\",\"image\":{\"@type\":\"ImageObject\",\"inLanguage\":\"hu\",\"@id\":\"https:\\\/\\\/secure.gravatar.com\\\/avatar\\\/7e3762308ab47147572d4e9f68e02b65139742dfdbb8f7a7314f3c5064a3dbe7?s=96&d=mm&r=g\",\"url\":\"https:\\\/\\\/secure.gravatar.com\\\/avatar\\\/7e3762308ab47147572d4e9f68e02b65139742dfdbb8f7a7314f3c5064a3dbe7?s=96&d=mm&r=g\",\"contentUrl\":\"https:\\\/\\\/secure.gravatar.com\\\/avatar\\\/7e3762308ab47147572d4e9f68e02b65139742dfdbb8f7a7314f3c5064a3dbe7?s=96&d=mm&r=g\",\"caption\":\"Docca Zrt.\"},\"url\":\"https:\\\/\\\/www.doit.hu\\\/rendszergazda\\\/author\\\/docca\\\/\"}]}<\/script>\n<!-- \/ Yoast SEO plugin. -->","yoast_head_json":{"title":"Jav\u00edt\u00e1s a KB3093594 friss\u00edt\u00e9sre | Windows rendszergazda blog |doit.hu","description":"Ha azt tapasztalta, hogy Windows Live Mail 2012 alkalmaz\u00e1sa \u00f6sszeomlott a kor\u00e1bbi friss\u00edt\u00e9s telep\u00edt\u00e9s\u00e9t k\u00f6vet\u0151en, mindenk\u00e9ppen olvassa el \u00edr\u00e1sunkat.","robots":{"index":"index","follow":"follow","max-snippet":"max-snippet:-1","max-image-preview":"max-image-preview:large","max-video-preview":"max-video-preview:-1"},"canonical":"https:\/\/www.doit.hu\/rendszergazda\/informatika-hirek-felho-mobil-es-minden-mas\/274-megerkezett-a-javitas-a-problemat-okozo-kb3093594-frissitesre\/","og_locale":"hu_HU","og_type":"article","og_title":"Jav\u00edt\u00e1s a KB3093594 friss\u00edt\u00e9sre | Windows rendszergazda blog |doit.hu","og_description":"Ha azt tapasztalta, hogy Windows Live Mail 2012 alkalmaz\u00e1sa \u00f6sszeomlott a kor\u00e1bbi friss\u00edt\u00e9s telep\u00edt\u00e9s\u00e9t k\u00f6vet\u0151en, mindenk\u00e9ppen olvassa el \u00edr\u00e1sunkat.","og_url":"https:\/\/www.doit.hu\/rendszergazda\/informatika-hirek-felho-mobil-es-minden-mas\/274-megerkezett-a-javitas-a-problemat-okozo-kb3093594-frissitesre\/","og_site_name":"Rendszergazda szolg\u00e1ltat\u00e1s","article_publisher":"https:\/\/www.facebook.com\/DoccaZrt","article_published_time":"2019-04-17T07:26:10+00:00","article_modified_time":"2022-07-28T07:52:15+00:00","og_image":[{"width":728,"height":380,"url":"https:\/\/www.doit.hu\/rendszergazda\/wp-content\/uploads\/2019\/04\/Windows-vulnerability-patch-update.jpg","type":"image\/jpeg"}],"author":"Docca Zrt.","twitter_card":"summary_large_image","twitter_misc":{"Szerz\u0151:":"Docca Zrt.","Becs\u00fclt olvas\u00e1si id\u0151":"1 perc"},"schema":{"@context":"https:\/\/schema.org","@graph":[{"@type":"Article","@id":"https:\/\/www.doit.hu\/rendszergazda\/informatika-hirek-felho-mobil-es-minden-mas\/274-megerkezett-a-javitas-a-problemat-okozo-kb3093594-frissitesre\/#article","isPartOf":{"@id":"https:\/\/www.doit.hu\/rendszergazda\/informatika-hirek-felho-mobil-es-minden-mas\/274-megerkezett-a-javitas-a-problemat-okozo-kb3093594-frissitesre\/"},"author":{"name":"Docca Zrt.","@id":"https:\/\/www.doit.hu\/rendszergazda\/#\/schema\/person\/ac60b29300a3d65825707a7bcd47aa7f"},"headline":"Meg\u00e9rkezett a jav\u00edt\u00e1s, a probl\u00e9m\u00e1t okoz\u00f3 KB3093594 friss\u00edt\u00e9sre.","datePublished":"2019-04-17T07:26:10+00:00","dateModified":"2022-07-28T07:52:15+00:00","mainEntityOfPage":{"@id":"https:\/\/www.doit.hu\/rendszergazda\/informatika-hirek-felho-mobil-es-minden-mas\/274-megerkezett-a-javitas-a-problemat-okozo-kb3093594-frissitesre\/"},"wordCount":150,"publisher":{"@id":"https:\/\/www.doit.hu\/rendszergazda\/#organization"},"image":{"@id":"https:\/\/www.doit.hu\/rendszergazda\/informatika-hirek-felho-mobil-es-minden-mas\/274-megerkezett-a-javitas-a-problemat-okozo-kb3093594-frissitesre\/#primaryimage"},"thumbnailUrl":"https:\/\/www.doit.hu\/rendszergazda\/wp-content\/uploads\/2019\/04\/Windows-vulnerability-patch-update.jpg","keywords":["friss\u00edt\u00e9s","jav\u00edt\u00e1s","\u00f6sszeoml\u00e1s","Windows Live Mail"],"articleSection":["Informatika h\u00edrek: felh\u0151, mobil \u00e9s minden m\u00e1s"],"inLanguage":"hu"},{"@type":"WebPage","@id":"https:\/\/www.doit.hu\/rendszergazda\/informatika-hirek-felho-mobil-es-minden-mas\/274-megerkezett-a-javitas-a-problemat-okozo-kb3093594-frissitesre\/","url":"https:\/\/www.doit.hu\/rendszergazda\/informatika-hirek-felho-mobil-es-minden-mas\/274-megerkezett-a-javitas-a-problemat-okozo-kb3093594-frissitesre\/","name":"Jav\u00edt\u00e1s a KB3093594 friss\u00edt\u00e9sre | Windows rendszergazda blog |doit.hu","isPartOf":{"@id":"https:\/\/www.doit.hu\/rendszergazda\/#website"},"primaryImageOfPage":{"@id":"https:\/\/www.doit.hu\/rendszergazda\/informatika-hirek-felho-mobil-es-minden-mas\/274-megerkezett-a-javitas-a-problemat-okozo-kb3093594-frissitesre\/#primaryimage"},"image":{"@id":"https:\/\/www.doit.hu\/rendszergazda\/informatika-hirek-felho-mobil-es-minden-mas\/274-megerkezett-a-javitas-a-problemat-okozo-kb3093594-frissitesre\/#primaryimage"},"thumbnailUrl":"https:\/\/www.doit.hu\/rendszergazda\/wp-content\/uploads\/2019\/04\/Windows-vulnerability-patch-update.jpg","datePublished":"2019-04-17T07:26:10+00:00","dateModified":"2022-07-28T07:52:15+00:00","description":"Ha azt tapasztalta, hogy Windows Live Mail 2012 alkalmaz\u00e1sa \u00f6sszeomlott a kor\u00e1bbi friss\u00edt\u00e9s telep\u00edt\u00e9s\u00e9t k\u00f6vet\u0151en, mindenk\u00e9ppen olvassa el \u00edr\u00e1sunkat.","breadcrumb":{"@id":"https:\/\/www.doit.hu\/rendszergazda\/informatika-hirek-felho-mobil-es-minden-mas\/274-megerkezett-a-javitas-a-problemat-okozo-kb3093594-frissitesre\/#breadcrumb"},"inLanguage":"hu","potentialAction":[{"@type":"ReadAction","target":["https:\/\/www.doit.hu\/rendszergazda\/informatika-hirek-felho-mobil-es-minden-mas\/274-megerkezett-a-javitas-a-problemat-okozo-kb3093594-frissitesre\/"]}]},{"@type":"ImageObject","inLanguage":"hu","@id":"https:\/\/www.doit.hu\/rendszergazda\/informatika-hirek-felho-mobil-es-minden-mas\/274-megerkezett-a-javitas-a-problemat-okozo-kb3093594-frissitesre\/#primaryimage","url":"https:\/\/www.doit.hu\/rendszergazda\/wp-content\/uploads\/2019\/04\/Windows-vulnerability-patch-update.jpg","contentUrl":"https:\/\/www.doit.hu\/rendszergazda\/wp-content\/uploads\/2019\/04\/Windows-vulnerability-patch-update.jpg","width":728,"height":380,"caption":"Jav\u00edt\u00e1s a KB3093594 friss\u00edt\u00e9sre"},{"@type":"BreadcrumbList","@id":"https:\/\/www.doit.hu\/rendszergazda\/informatika-hirek-felho-mobil-es-minden-mas\/274-megerkezett-a-javitas-a-problemat-okozo-kb3093594-frissitesre\/#breadcrumb","itemListElement":[{"@type":"ListItem","position":1,"name":"Home","item":"https:\/\/www.doit.hu\/rendszergazda\/fooldal-flexi\/"},{"@type":"ListItem","position":2,"name":"Meg\u00e9rkezett a jav\u00edt\u00e1s, a probl\u00e9m\u00e1t okoz\u00f3 KB3093594 friss\u00edt\u00e9sre."}]},{"@type":"WebSite","@id":"https:\/\/www.doit.hu\/rendszergazda\/#website","url":"https:\/\/www.doit.hu\/rendszergazda\/","name":"Rendszergazda szolg\u00e1ltat\u00e1s","description":"","publisher":{"@id":"https:\/\/www.doit.hu\/rendszergazda\/#organization"},"potentialAction":[{"@type":"SearchAction","target":{"@type":"EntryPoint","urlTemplate":"https:\/\/www.doit.hu\/rendszergazda\/?s={search_term_string}"},"query-input":{"@type":"PropertyValueSpecification","valueRequired":true,"valueName":"search_term_string"}}],"inLanguage":"hu"},{"@type":"Organization","@id":"https:\/\/www.doit.hu\/rendszergazda\/#organization","name":"DOCCA Zrt.","url":"https:\/\/www.doit.hu\/rendszergazda\/","logo":{"@type":"ImageObject","inLanguage":"hu","@id":"https:\/\/www.doit.hu\/rendszergazda\/#\/schema\/logo\/image\/","url":"https:\/\/www.doit.hu\/rendszergazda\/wp-content\/uploads\/2019\/04\/logo.png","contentUrl":"https:\/\/www.doit.hu\/rendszergazda\/wp-content\/uploads\/2019\/04\/logo.png","width":263,"height":82,"caption":"DOCCA Zrt."},"image":{"@id":"https:\/\/www.doit.hu\/rendszergazda\/#\/schema\/logo\/image\/"},"sameAs":["https:\/\/www.facebook.com\/DoccaZrt"]},{"@type":"Person","@id":"https:\/\/www.doit.hu\/rendszergazda\/#\/schema\/person\/ac60b29300a3d65825707a7bcd47aa7f","name":"Docca Zrt.","image":{"@type":"ImageObject","inLanguage":"hu","@id":"https:\/\/secure.gravatar.com\/avatar\/7e3762308ab47147572d4e9f68e02b65139742dfdbb8f7a7314f3c5064a3dbe7?s=96&d=mm&r=g","url":"https:\/\/secure.gravatar.com\/avatar\/7e3762308ab47147572d4e9f68e02b65139742dfdbb8f7a7314f3c5064a3dbe7?s=96&d=mm&r=g","contentUrl":"https:\/\/secure.gravatar.com\/avatar\/7e3762308ab47147572d4e9f68e02b65139742dfdbb8f7a7314f3c5064a3dbe7?s=96&d=mm&r=g","caption":"Docca Zrt."},"url":"https:\/\/www.doit.hu\/rendszergazda\/author\/docca\/"}]}},"_links":{"self":[{"href":"https:\/\/www.doit.hu\/rendszergazda\/wp-json\/wp\/v2\/posts\/901","targetHints":{"allow":["GET"]}}],"collection":[{"href":"https:\/\/www.doit.hu\/rendszergazda\/wp-json\/wp\/v2\/posts"}],"about":[{"href":"https:\/\/www.doit.hu\/rendszergazda\/wp-json\/wp\/v2\/types\/post"}],"author":[{"embeddable":true,"href":"https:\/\/www.doit.hu\/rendszergazda\/wp-json\/wp\/v2\/users\/7"}],"replies":[{"embeddable":true,"href":"https:\/\/www.doit.hu\/rendszergazda\/wp-json\/wp\/v2\/comments?post=901"}],"version-history":[{"count":3,"href":"https:\/\/www.doit.hu\/rendszergazda\/wp-json\/wp\/v2\/posts\/901\/revisions"}],"predecessor-version":[{"id":3100,"href":"https:\/\/www.doit.hu\/rendszergazda\/wp-json\/wp\/v2\/posts\/901\/revisions\/3100"}],"wp:featuredmedia":[{"embeddable":true,"href":"https:\/\/www.doit.hu\/rendszergazda\/wp-json\/wp\/v2\/media\/902"}],"wp:attachment":[{"href":"https:\/\/www.doit.hu\/rendszergazda\/wp-json\/wp\/v2\/media?parent=901"}],"wp:term":[{"taxonomy":"category","embeddable":true,"href":"https:\/\/www.doit.hu\/rendszergazda\/wp-json\/wp\/v2\/categories?post=901"},{"taxonomy":"post_tag","embeddable":true,"href":"https:\/\/www.doit.hu\/rendszergazda\/wp-json\/wp\/v2\/tags?post=901"}],"curies":[{"name":"wp","href":"https:\/\/api.w.org\/{rel}","templated":true}]}}