{"id":875,"date":"2019-04-15T14:08:10","date_gmt":"2019-04-15T14:08:10","guid":{"rendered":"http:\/\/www.doit.hu\/rendszergazda\/?p=875"},"modified":"2022-07-28T08:38:18","modified_gmt":"2022-07-28T08:38:18","slug":"288-it-rendszergazda-dilemmaja-rendszerfelugyelet-modjanak-kivalasztasa","status":"publish","type":"post","link":"https:\/\/www.doit.hu\/rendszergazda\/informatika-hirek-felho-mobil-es-minden-mas\/288-it-rendszergazda-dilemmaja-rendszerfelugyelet-modjanak-kivalasztasa\/","title":{"rendered":"Windows 10 vs OS X: Vajon melyik rendszer ny\u00fajt t\u00f6bbet a Rendszergazda sz\u00e1m\u00e1ra?"},"content":{"rendered":"<p><strong>A Microsoft az Apple szeml\u00e9let\u00e9t kezdte haszn\u00e1lni a PC menedzsel\u00e9sekhez, azonban nem szak\u00edt a j\u00f3l bev\u00e1lt Configuration Manager-el.<br \/>\n<\/strong><\/p>\n<p><!--more--><\/p>\n<p><img loading=\"lazy\" decoding=\"async\" class=\"aligncenter wp-image-876\" src=\"http:\/\/www.doit.hu\/rendszergazda\/wp-content\/uploads\/2019\/04\/os_x_vs_windows.jpg\" alt=\"Rendszergazda seg\u00edts\u00e9g: Windows 10 vs OS X\" width=\"600\" height=\"338\" srcset=\"https:\/\/www.doit.hu\/rendszergazda\/wp-content\/uploads\/2019\/04\/os_x_vs_windows.jpg 800w, https:\/\/www.doit.hu\/rendszergazda\/wp-content\/uploads\/2019\/04\/os_x_vs_windows-300x169.jpg 300w, https:\/\/www.doit.hu\/rendszergazda\/wp-content\/uploads\/2019\/04\/os_x_vs_windows-768x432.jpg 768w, https:\/\/www.doit.hu\/rendszergazda\/wp-content\/uploads\/2019\/04\/os_x_vs_windows-705x397.jpg 705w, https:\/\/www.doit.hu\/rendszergazda\/wp-content\/uploads\/2019\/04\/os_x_vs_windows-450x253.jpg 450w\" sizes=\"auto, (max-width: 600px) 100vw, 600px\" \/><\/p>\n<p>Manaps\u00e1g m\u00e1r minden menedzselhet\u0151, mintha csak egy mobileszk\u00f6z lenne. API-k haszn\u00e1lata biztos\u00edtja egy oper\u00e1ci\u00f3s rendszeren sz\u00e1m\u00e1ra, hogy egy v\u00e1llalat ir\u00e1nyelve k\u00f6vetkezetesen v\u00e9grehajt\u00e1sra ker\u00fclj\u00f6n, minden eszk\u00f6z\u00f6n.<\/p>\n<p>A 2010-es iOS 4.2 \u00f3ta az IT rendszergazd\u00e1k ily m\u00f3don Ipad-okat \u00e9s Iphone-okat k\u00e9pesek menedzselni, mely t\u00f6bb tucat mobileszk\u00f6z menedzsment eszk\u00f6z (MDM) el\u0151tt nyitott utat. Az Android ugyanezt tette 2010-ben, b\u00e1r kisebb m\u00e9rt\u00e9kben az Android Froyo 2.2.-vel. Majd Mac csatlakozott az API alap\u00fa menedzsment csoporthoz, a 2011-es OS X Lion-t\u00f3l kezd\u0151d\u0151en.<br \/>\nMost a Microsofton van a sor a Windows 10-el.<br \/>\nEz azt jelenti, hogy rendszergazdak\u00e9nt, API-kkal k\u00e9pesek vagyunk Windows 10 sz\u00e1m\u00edt\u00f3g\u00e9pek menedzsel\u00e9s\u00e9re, k\u00fcl\u00f6nf\u00e9le kliensalkalmaz\u00e1sok telep\u00edt\u00e9se n\u00e9lk\u00fcl. val\u00f3szin\u0171leg ugyanazzal a mobileszk\u00f6z menedzsment alkalmaz\u00e1ssal, amit m\u00e1r haszn\u00e1lunk az IOS, Android \u00e9s Mac eszk\u00f6z\u00f6k menedzsel\u00e9s\u00e9re.<br \/>\nEz felvet egy k\u00e9rd\u00e9st: Windows 10-es menedzsment API-k, felveszik-e a versenyt azokkal, melyek m\u00e1r az OSX-ekn\u00e9l r\u00e9g\u00f3ta el\u00e9rhet\u0151ek?<br \/>\n<a href=\"http:\/\/www.infoworld.com\/article\/3006555\/microsoft-windows\/windows-10-vs-os-x-which-gives-sys-admin-more-control.html?nsdr=true\">Ide kattintva l\u00e1thatjuk<\/a>\u00a0t\u00e1bl\u00e1zatban \u00f6sszefoglalva a k\u00fcl\u00f6nbs\u00e9get a Windows 10 \u00e9s az OS X El Capitan k\u00f6z\u00f6tt.<br \/>\nMint l\u00e1thatjuk az alapvet\u0151 funkci\u00f3k megegyeznek, de menedzsment n\u00e9h\u00e1ny ter\u00fcletein k\u00fcl\u00f6nb\u00f6znek egym\u00e1st\u00f3l.<\/p>\n<p>&nbsp;<\/p>\n<p><strong>It rendszergazda dilemm\u00e1ja: Rendszerfel\u00fcgyelet m\u00f3dj\u00e1nak kiv\u00e1laszt\u00e1sa.<\/strong><\/p>\n<p>&nbsp;<\/p>\n<p>Att\u00f3l f\u00fcggetlen\u00fcl, hogy a Windows 10 API-t haszn\u00e1ljuk vagy sem, tov\u00e1bbra is haszn\u00e1lhatjuk a Microsoft Configuration Manager-\u00e9t, mely az ut\u00f3bbi \u00e9vekben IOS \u00e9s Android menedzsment API-kkal gyarapodott, azonban MAC OS X API-val nem.<br \/>\nA Microsoft azt szeretn\u00e9, ha a v\u00e1llalkoz\u00e1sok a Configuration Manager-t helyben telep\u00edtett megold\u00e1sk\u00e9nt haszn\u00e1ln\u00e1k, vagy Intune-t a felh\u0151ben, ragaszkodva a Microsoft fel\u00fcgyeleti eszk\u00f6zeihez, mely nemr\u00e9g ker\u00fclt friss\u00edt\u00e9sre.<br \/>\nDe ha egy IT szervezet, vagy rendszergazda ink\u00e1bb egy mobil menedzsmenteszk\u00f6zh\u00f6z ragaszkodna, a Windows 10 menedzselhet\u0151 oly m\u00f3don is, egy k\u00f6z\u00f6s konzolr\u00f3l.<br \/>\nHa egyszerre szeretn\u00e9nk egy modern \u00e9s egys\u00e9ges\u00edtett API alap\u00fa menedzsment eszk\u00f6zt, a Microsoft iTunes rendszerfel\u00fcgyeleti eszk\u00f6z k\u00e9pes kezelni IOS, Android, Windows 10 \u00e9s November 23-\u00e1t\u00f3l, OS X 10.9 Mavericks \u00e9s k\u00e9s\u0151bbi kiad\u00e1sokat is.<br \/>\nA fejlett mobil menedzsment gy\u00e1rt\u00f3k, mint a MobileIron \u00e9s VMware AirWatch mind a n\u00e9gy oper\u00e1ci\u00f3s rendszert k\u00e9pesek kezelni.<br \/>\nEzek a gy\u00e1rt\u00f3k is k\u00edn\u00e1lnak extra funkci\u00f3kat, az API ny\u00fajtotta lehet\u0151s\u00e9geken k\u00edv\u00fcl is.<\/p>\n<p>&nbsp;<\/p>\n<p>Forr\u00e1s:\u00a0<a href=\"http:\/\/www.infoworld.com\/article\/3006555\/microsoft-windows\/windows-10-vs-os-x-which-gives-sys-admin-more-control.html?nsdr=true\">InfoWorld<\/a>.<a href=\"http:\/\/www.infoworld.com\/article\/3006555\/microsoft-windows\/windows-10-vs-os-x-which-gives-sys-admin-more-control.html?nsdr=true\"><br \/>\n<\/a><\/p>\n<p style=\"text-align: center;\">Tov\u00e1bbi \u00e9rdekess\u00e9gek\u00e9rt keresse fel\u00a0<strong><a href=\"https:\/\/www.doit.hu\/rendszergazda\/index.php\/informatika-hirek-felho-mobil-es-minden-mas\">rendszergazda blogunkat<\/a><\/strong>!<\/p>\n","protected":false},"excerpt":{"rendered":"<p>A Microsoft az Apple szeml\u00e9let\u00e9t kezdte haszn\u00e1lni a PC menedzsel\u00e9sekhez, azonban nem szak\u00edt a j\u00f3l bev\u00e1lt Configuration Manager-el.<\/p>\n","protected":false},"author":7,"featured_media":876,"comment_status":"closed","ping_status":"closed","sticky":false,"template":"","format":"standard","meta":{"footnotes":""},"categories":[4],"tags":[738,121,223,740,739,7],"class_list":["post-875","post","type-post","status-publish","format-standard","has-post-thumbnail","hentry","category-informatika-hirek-felho-mobil-es-minden-mas","tag-configuration-manager","tag-kulonbseg","tag-mac-os-x","tag-osszehasonlitas","tag-pc-menedzseles","tag-windows-10"],"yoast_head":"<!-- This site is optimized with the Yoast SEO plugin v27.4 - https:\/\/yoast.com\/product\/yoast-seo-wordpress\/ -->\n<title>Windows 10 vs OS X | IT rendszer\u00fczemeltet\u00e9s blog |doit.hu<\/title>\n<meta name=\"description\" content=\"\u00d6sszehasonl\u00edtjuk a Windows 10-et \u00e9s a Mac OS X-et, hogy kider\u00fclj\u00f6n, vajon melyik rendszer ny\u00fajt t\u00f6bbet a rendszergazda sz\u00e1m\u00e1ra\" \/>\n<meta name=\"robots\" content=\"index, follow, max-snippet:-1, max-image-preview:large, max-video-preview:-1\" \/>\n<link rel=\"canonical\" href=\"https:\/\/www.doit.hu\/rendszergazda\/informatika-hirek-felho-mobil-es-minden-mas\/288-it-rendszergazda-dilemmaja-rendszerfelugyelet-modjanak-kivalasztasa\/\" \/>\n<meta property=\"og:locale\" content=\"hu_HU\" \/>\n<meta property=\"og:type\" content=\"article\" \/>\n<meta property=\"og:title\" content=\"Windows 10 vs OS X | IT rendszer\u00fczemeltet\u00e9s blog |doit.hu\" \/>\n<meta property=\"og:description\" content=\"\u00d6sszehasonl\u00edtjuk a Windows 10-et \u00e9s a Mac OS X-et, hogy kider\u00fclj\u00f6n, vajon melyik rendszer ny\u00fajt t\u00f6bbet a rendszergazda sz\u00e1m\u00e1ra\" \/>\n<meta property=\"og:url\" content=\"https:\/\/www.doit.hu\/rendszergazda\/informatika-hirek-felho-mobil-es-minden-mas\/288-it-rendszergazda-dilemmaja-rendszerfelugyelet-modjanak-kivalasztasa\/\" \/>\n<meta property=\"og:site_name\" content=\"Rendszergazda szolg\u00e1ltat\u00e1s\" \/>\n<meta property=\"article:publisher\" content=\"https:\/\/www.facebook.com\/DoccaZrt\" \/>\n<meta property=\"article:published_time\" content=\"2019-04-15T14:08:10+00:00\" \/>\n<meta property=\"article:modified_time\" content=\"2022-07-28T08:38:18+00:00\" \/>\n<meta property=\"og:image\" content=\"https:\/\/www.doit.hu\/rendszergazda\/wp-content\/uploads\/2019\/04\/os_x_vs_windows.jpg\" \/>\n\t<meta property=\"og:image:width\" content=\"800\" \/>\n\t<meta property=\"og:image:height\" content=\"450\" \/>\n\t<meta property=\"og:image:type\" content=\"image\/jpeg\" \/>\n<meta name=\"author\" content=\"Docca Zrt.\" \/>\n<meta name=\"twitter:card\" content=\"summary_large_image\" \/>\n<meta name=\"twitter:label1\" content=\"Szerz\u0151:\" \/>\n\t<meta name=\"twitter:data1\" content=\"Docca Zrt.\" \/>\n\t<meta name=\"twitter:label2\" content=\"Becs\u00fclt olvas\u00e1si id\u0151\" \/>\n\t<meta name=\"twitter:data2\" content=\"3 perc\" \/>\n<script type=\"application\/ld+json\" class=\"yoast-schema-graph\">{\"@context\":\"https:\\\/\\\/schema.org\",\"@graph\":[{\"@type\":\"Article\",\"@id\":\"https:\\\/\\\/www.doit.hu\\\/rendszergazda\\\/informatika-hirek-felho-mobil-es-minden-mas\\\/288-it-rendszergazda-dilemmaja-rendszerfelugyelet-modjanak-kivalasztasa\\\/#article\",\"isPartOf\":{\"@id\":\"https:\\\/\\\/www.doit.hu\\\/rendszergazda\\\/informatika-hirek-felho-mobil-es-minden-mas\\\/288-it-rendszergazda-dilemmaja-rendszerfelugyelet-modjanak-kivalasztasa\\\/\"},\"author\":{\"name\":\"Docca Zrt.\",\"@id\":\"https:\\\/\\\/www.doit.hu\\\/rendszergazda\\\/#\\\/schema\\\/person\\\/ac60b29300a3d65825707a7bcd47aa7f\"},\"headline\":\"Windows 10 vs OS X: Vajon melyik rendszer ny\u00fajt t\u00f6bbet a Rendszergazda sz\u00e1m\u00e1ra?\",\"datePublished\":\"2019-04-15T14:08:10+00:00\",\"dateModified\":\"2022-07-28T08:38:18+00:00\",\"mainEntityOfPage\":{\"@id\":\"https:\\\/\\\/www.doit.hu\\\/rendszergazda\\\/informatika-hirek-felho-mobil-es-minden-mas\\\/288-it-rendszergazda-dilemmaja-rendszerfelugyelet-modjanak-kivalasztasa\\\/\"},\"wordCount\":511,\"publisher\":{\"@id\":\"https:\\\/\\\/www.doit.hu\\\/rendszergazda\\\/#organization\"},\"image\":{\"@id\":\"https:\\\/\\\/www.doit.hu\\\/rendszergazda\\\/informatika-hirek-felho-mobil-es-minden-mas\\\/288-it-rendszergazda-dilemmaja-rendszerfelugyelet-modjanak-kivalasztasa\\\/#primaryimage\"},\"thumbnailUrl\":\"https:\\\/\\\/www.doit.hu\\\/rendszergazda\\\/wp-content\\\/uploads\\\/2019\\\/04\\\/os_x_vs_windows.jpg\",\"keywords\":[\"Configuration Manager\",\"k\u00fcl\u00f6nbs\u00e9g\",\"mac os x\",\"\u00f6sszehasonl\u00edt\u00e1s\",\"PC menedzsel\u00e9s\",\"Windows 10\"],\"articleSection\":[\"Informatika h\u00edrek: felh\u0151, mobil \u00e9s minden m\u00e1s\"],\"inLanguage\":\"hu\"},{\"@type\":\"WebPage\",\"@id\":\"https:\\\/\\\/www.doit.hu\\\/rendszergazda\\\/informatika-hirek-felho-mobil-es-minden-mas\\\/288-it-rendszergazda-dilemmaja-rendszerfelugyelet-modjanak-kivalasztasa\\\/\",\"url\":\"https:\\\/\\\/www.doit.hu\\\/rendszergazda\\\/informatika-hirek-felho-mobil-es-minden-mas\\\/288-it-rendszergazda-dilemmaja-rendszerfelugyelet-modjanak-kivalasztasa\\\/\",\"name\":\"Windows 10 vs OS X | IT rendszer\u00fczemeltet\u00e9s blog |doit.hu\",\"isPartOf\":{\"@id\":\"https:\\\/\\\/www.doit.hu\\\/rendszergazda\\\/#website\"},\"primaryImageOfPage\":{\"@id\":\"https:\\\/\\\/www.doit.hu\\\/rendszergazda\\\/informatika-hirek-felho-mobil-es-minden-mas\\\/288-it-rendszergazda-dilemmaja-rendszerfelugyelet-modjanak-kivalasztasa\\\/#primaryimage\"},\"image\":{\"@id\":\"https:\\\/\\\/www.doit.hu\\\/rendszergazda\\\/informatika-hirek-felho-mobil-es-minden-mas\\\/288-it-rendszergazda-dilemmaja-rendszerfelugyelet-modjanak-kivalasztasa\\\/#primaryimage\"},\"thumbnailUrl\":\"https:\\\/\\\/www.doit.hu\\\/rendszergazda\\\/wp-content\\\/uploads\\\/2019\\\/04\\\/os_x_vs_windows.jpg\",\"datePublished\":\"2019-04-15T14:08:10+00:00\",\"dateModified\":\"2022-07-28T08:38:18+00:00\",\"description\":\"\u00d6sszehasonl\u00edtjuk a Windows 10-et \u00e9s a Mac OS X-et, hogy kider\u00fclj\u00f6n, vajon melyik rendszer ny\u00fajt t\u00f6bbet a rendszergazda sz\u00e1m\u00e1ra\",\"breadcrumb\":{\"@id\":\"https:\\\/\\\/www.doit.hu\\\/rendszergazda\\\/informatika-hirek-felho-mobil-es-minden-mas\\\/288-it-rendszergazda-dilemmaja-rendszerfelugyelet-modjanak-kivalasztasa\\\/#breadcrumb\"},\"inLanguage\":\"hu\",\"potentialAction\":[{\"@type\":\"ReadAction\",\"target\":[\"https:\\\/\\\/www.doit.hu\\\/rendszergazda\\\/informatika-hirek-felho-mobil-es-minden-mas\\\/288-it-rendszergazda-dilemmaja-rendszerfelugyelet-modjanak-kivalasztasa\\\/\"]}]},{\"@type\":\"ImageObject\",\"inLanguage\":\"hu\",\"@id\":\"https:\\\/\\\/www.doit.hu\\\/rendszergazda\\\/informatika-hirek-felho-mobil-es-minden-mas\\\/288-it-rendszergazda-dilemmaja-rendszerfelugyelet-modjanak-kivalasztasa\\\/#primaryimage\",\"url\":\"https:\\\/\\\/www.doit.hu\\\/rendszergazda\\\/wp-content\\\/uploads\\\/2019\\\/04\\\/os_x_vs_windows.jpg\",\"contentUrl\":\"https:\\\/\\\/www.doit.hu\\\/rendszergazda\\\/wp-content\\\/uploads\\\/2019\\\/04\\\/os_x_vs_windows.jpg\",\"width\":800,\"height\":450,\"caption\":\"Rendszergazda seg\u00edts\u00e9g: Windows 10 vs OS X\"},{\"@type\":\"BreadcrumbList\",\"@id\":\"https:\\\/\\\/www.doit.hu\\\/rendszergazda\\\/informatika-hirek-felho-mobil-es-minden-mas\\\/288-it-rendszergazda-dilemmaja-rendszerfelugyelet-modjanak-kivalasztasa\\\/#breadcrumb\",\"itemListElement\":[{\"@type\":\"ListItem\",\"position\":1,\"name\":\"Home\",\"item\":\"https:\\\/\\\/www.doit.hu\\\/rendszergazda\\\/fooldal-flexi\\\/\"},{\"@type\":\"ListItem\",\"position\":2,\"name\":\"Windows 10 vs OS X: Vajon melyik rendszer ny\u00fajt t\u00f6bbet a Rendszergazda sz\u00e1m\u00e1ra?\"}]},{\"@type\":\"WebSite\",\"@id\":\"https:\\\/\\\/www.doit.hu\\\/rendszergazda\\\/#website\",\"url\":\"https:\\\/\\\/www.doit.hu\\\/rendszergazda\\\/\",\"name\":\"Rendszergazda szolg\u00e1ltat\u00e1s\",\"description\":\"\",\"publisher\":{\"@id\":\"https:\\\/\\\/www.doit.hu\\\/rendszergazda\\\/#organization\"},\"potentialAction\":[{\"@type\":\"SearchAction\",\"target\":{\"@type\":\"EntryPoint\",\"urlTemplate\":\"https:\\\/\\\/www.doit.hu\\\/rendszergazda\\\/?s={search_term_string}\"},\"query-input\":{\"@type\":\"PropertyValueSpecification\",\"valueRequired\":true,\"valueName\":\"search_term_string\"}}],\"inLanguage\":\"hu\"},{\"@type\":\"Organization\",\"@id\":\"https:\\\/\\\/www.doit.hu\\\/rendszergazda\\\/#organization\",\"name\":\"DOCCA Zrt.\",\"url\":\"https:\\\/\\\/www.doit.hu\\\/rendszergazda\\\/\",\"logo\":{\"@type\":\"ImageObject\",\"inLanguage\":\"hu\",\"@id\":\"https:\\\/\\\/www.doit.hu\\\/rendszergazda\\\/#\\\/schema\\\/logo\\\/image\\\/\",\"url\":\"https:\\\/\\\/www.doit.hu\\\/rendszergazda\\\/wp-content\\\/uploads\\\/2019\\\/04\\\/logo.png\",\"contentUrl\":\"https:\\\/\\\/www.doit.hu\\\/rendszergazda\\\/wp-content\\\/uploads\\\/2019\\\/04\\\/logo.png\",\"width\":263,\"height\":82,\"caption\":\"DOCCA Zrt.\"},\"image\":{\"@id\":\"https:\\\/\\\/www.doit.hu\\\/rendszergazda\\\/#\\\/schema\\\/logo\\\/image\\\/\"},\"sameAs\":[\"https:\\\/\\\/www.facebook.com\\\/DoccaZrt\"]},{\"@type\":\"Person\",\"@id\":\"https:\\\/\\\/www.doit.hu\\\/rendszergazda\\\/#\\\/schema\\\/person\\\/ac60b29300a3d65825707a7bcd47aa7f\",\"name\":\"Docca Zrt.\",\"image\":{\"@type\":\"ImageObject\",\"inLanguage\":\"hu\",\"@id\":\"https:\\\/\\\/secure.gravatar.com\\\/avatar\\\/7e3762308ab47147572d4e9f68e02b65139742dfdbb8f7a7314f3c5064a3dbe7?s=96&d=mm&r=g\",\"url\":\"https:\\\/\\\/secure.gravatar.com\\\/avatar\\\/7e3762308ab47147572d4e9f68e02b65139742dfdbb8f7a7314f3c5064a3dbe7?s=96&d=mm&r=g\",\"contentUrl\":\"https:\\\/\\\/secure.gravatar.com\\\/avatar\\\/7e3762308ab47147572d4e9f68e02b65139742dfdbb8f7a7314f3c5064a3dbe7?s=96&d=mm&r=g\",\"caption\":\"Docca Zrt.\"},\"url\":\"https:\\\/\\\/www.doit.hu\\\/rendszergazda\\\/author\\\/docca\\\/\"}]}<\/script>\n<!-- \/ Yoast SEO plugin. -->","yoast_head_json":{"title":"Windows 10 vs OS X | IT rendszer\u00fczemeltet\u00e9s blog |doit.hu","description":"\u00d6sszehasonl\u00edtjuk a Windows 10-et \u00e9s a Mac OS X-et, hogy kider\u00fclj\u00f6n, vajon melyik rendszer ny\u00fajt t\u00f6bbet a rendszergazda sz\u00e1m\u00e1ra","robots":{"index":"index","follow":"follow","max-snippet":"max-snippet:-1","max-image-preview":"max-image-preview:large","max-video-preview":"max-video-preview:-1"},"canonical":"https:\/\/www.doit.hu\/rendszergazda\/informatika-hirek-felho-mobil-es-minden-mas\/288-it-rendszergazda-dilemmaja-rendszerfelugyelet-modjanak-kivalasztasa\/","og_locale":"hu_HU","og_type":"article","og_title":"Windows 10 vs OS X | IT rendszer\u00fczemeltet\u00e9s blog |doit.hu","og_description":"\u00d6sszehasonl\u00edtjuk a Windows 10-et \u00e9s a Mac OS X-et, hogy kider\u00fclj\u00f6n, vajon melyik rendszer ny\u00fajt t\u00f6bbet a rendszergazda sz\u00e1m\u00e1ra","og_url":"https:\/\/www.doit.hu\/rendszergazda\/informatika-hirek-felho-mobil-es-minden-mas\/288-it-rendszergazda-dilemmaja-rendszerfelugyelet-modjanak-kivalasztasa\/","og_site_name":"Rendszergazda szolg\u00e1ltat\u00e1s","article_publisher":"https:\/\/www.facebook.com\/DoccaZrt","article_published_time":"2019-04-15T14:08:10+00:00","article_modified_time":"2022-07-28T08:38:18+00:00","og_image":[{"width":800,"height":450,"url":"https:\/\/www.doit.hu\/rendszergazda\/wp-content\/uploads\/2019\/04\/os_x_vs_windows.jpg","type":"image\/jpeg"}],"author":"Docca Zrt.","twitter_card":"summary_large_image","twitter_misc":{"Szerz\u0151:":"Docca Zrt.","Becs\u00fclt olvas\u00e1si id\u0151":"3 perc"},"schema":{"@context":"https:\/\/schema.org","@graph":[{"@type":"Article","@id":"https:\/\/www.doit.hu\/rendszergazda\/informatika-hirek-felho-mobil-es-minden-mas\/288-it-rendszergazda-dilemmaja-rendszerfelugyelet-modjanak-kivalasztasa\/#article","isPartOf":{"@id":"https:\/\/www.doit.hu\/rendszergazda\/informatika-hirek-felho-mobil-es-minden-mas\/288-it-rendszergazda-dilemmaja-rendszerfelugyelet-modjanak-kivalasztasa\/"},"author":{"name":"Docca Zrt.","@id":"https:\/\/www.doit.hu\/rendszergazda\/#\/schema\/person\/ac60b29300a3d65825707a7bcd47aa7f"},"headline":"Windows 10 vs OS X: Vajon melyik rendszer ny\u00fajt t\u00f6bbet a Rendszergazda sz\u00e1m\u00e1ra?","datePublished":"2019-04-15T14:08:10+00:00","dateModified":"2022-07-28T08:38:18+00:00","mainEntityOfPage":{"@id":"https:\/\/www.doit.hu\/rendszergazda\/informatika-hirek-felho-mobil-es-minden-mas\/288-it-rendszergazda-dilemmaja-rendszerfelugyelet-modjanak-kivalasztasa\/"},"wordCount":511,"publisher":{"@id":"https:\/\/www.doit.hu\/rendszergazda\/#organization"},"image":{"@id":"https:\/\/www.doit.hu\/rendszergazda\/informatika-hirek-felho-mobil-es-minden-mas\/288-it-rendszergazda-dilemmaja-rendszerfelugyelet-modjanak-kivalasztasa\/#primaryimage"},"thumbnailUrl":"https:\/\/www.doit.hu\/rendszergazda\/wp-content\/uploads\/2019\/04\/os_x_vs_windows.jpg","keywords":["Configuration Manager","k\u00fcl\u00f6nbs\u00e9g","mac os x","\u00f6sszehasonl\u00edt\u00e1s","PC menedzsel\u00e9s","Windows 10"],"articleSection":["Informatika h\u00edrek: felh\u0151, mobil \u00e9s minden m\u00e1s"],"inLanguage":"hu"},{"@type":"WebPage","@id":"https:\/\/www.doit.hu\/rendszergazda\/informatika-hirek-felho-mobil-es-minden-mas\/288-it-rendszergazda-dilemmaja-rendszerfelugyelet-modjanak-kivalasztasa\/","url":"https:\/\/www.doit.hu\/rendszergazda\/informatika-hirek-felho-mobil-es-minden-mas\/288-it-rendszergazda-dilemmaja-rendszerfelugyelet-modjanak-kivalasztasa\/","name":"Windows 10 vs OS X | IT rendszer\u00fczemeltet\u00e9s blog |doit.hu","isPartOf":{"@id":"https:\/\/www.doit.hu\/rendszergazda\/#website"},"primaryImageOfPage":{"@id":"https:\/\/www.doit.hu\/rendszergazda\/informatika-hirek-felho-mobil-es-minden-mas\/288-it-rendszergazda-dilemmaja-rendszerfelugyelet-modjanak-kivalasztasa\/#primaryimage"},"image":{"@id":"https:\/\/www.doit.hu\/rendszergazda\/informatika-hirek-felho-mobil-es-minden-mas\/288-it-rendszergazda-dilemmaja-rendszerfelugyelet-modjanak-kivalasztasa\/#primaryimage"},"thumbnailUrl":"https:\/\/www.doit.hu\/rendszergazda\/wp-content\/uploads\/2019\/04\/os_x_vs_windows.jpg","datePublished":"2019-04-15T14:08:10+00:00","dateModified":"2022-07-28T08:38:18+00:00","description":"\u00d6sszehasonl\u00edtjuk a Windows 10-et \u00e9s a Mac OS X-et, hogy kider\u00fclj\u00f6n, vajon melyik rendszer ny\u00fajt t\u00f6bbet a rendszergazda sz\u00e1m\u00e1ra","breadcrumb":{"@id":"https:\/\/www.doit.hu\/rendszergazda\/informatika-hirek-felho-mobil-es-minden-mas\/288-it-rendszergazda-dilemmaja-rendszerfelugyelet-modjanak-kivalasztasa\/#breadcrumb"},"inLanguage":"hu","potentialAction":[{"@type":"ReadAction","target":["https:\/\/www.doit.hu\/rendszergazda\/informatika-hirek-felho-mobil-es-minden-mas\/288-it-rendszergazda-dilemmaja-rendszerfelugyelet-modjanak-kivalasztasa\/"]}]},{"@type":"ImageObject","inLanguage":"hu","@id":"https:\/\/www.doit.hu\/rendszergazda\/informatika-hirek-felho-mobil-es-minden-mas\/288-it-rendszergazda-dilemmaja-rendszerfelugyelet-modjanak-kivalasztasa\/#primaryimage","url":"https:\/\/www.doit.hu\/rendszergazda\/wp-content\/uploads\/2019\/04\/os_x_vs_windows.jpg","contentUrl":"https:\/\/www.doit.hu\/rendszergazda\/wp-content\/uploads\/2019\/04\/os_x_vs_windows.jpg","width":800,"height":450,"caption":"Rendszergazda seg\u00edts\u00e9g: Windows 10 vs OS X"},{"@type":"BreadcrumbList","@id":"https:\/\/www.doit.hu\/rendszergazda\/informatika-hirek-felho-mobil-es-minden-mas\/288-it-rendszergazda-dilemmaja-rendszerfelugyelet-modjanak-kivalasztasa\/#breadcrumb","itemListElement":[{"@type":"ListItem","position":1,"name":"Home","item":"https:\/\/www.doit.hu\/rendszergazda\/fooldal-flexi\/"},{"@type":"ListItem","position":2,"name":"Windows 10 vs OS X: Vajon melyik rendszer ny\u00fajt t\u00f6bbet a Rendszergazda sz\u00e1m\u00e1ra?"}]},{"@type":"WebSite","@id":"https:\/\/www.doit.hu\/rendszergazda\/#website","url":"https:\/\/www.doit.hu\/rendszergazda\/","name":"Rendszergazda szolg\u00e1ltat\u00e1s","description":"","publisher":{"@id":"https:\/\/www.doit.hu\/rendszergazda\/#organization"},"potentialAction":[{"@type":"SearchAction","target":{"@type":"EntryPoint","urlTemplate":"https:\/\/www.doit.hu\/rendszergazda\/?s={search_term_string}"},"query-input":{"@type":"PropertyValueSpecification","valueRequired":true,"valueName":"search_term_string"}}],"inLanguage":"hu"},{"@type":"Organization","@id":"https:\/\/www.doit.hu\/rendszergazda\/#organization","name":"DOCCA Zrt.","url":"https:\/\/www.doit.hu\/rendszergazda\/","logo":{"@type":"ImageObject","inLanguage":"hu","@id":"https:\/\/www.doit.hu\/rendszergazda\/#\/schema\/logo\/image\/","url":"https:\/\/www.doit.hu\/rendszergazda\/wp-content\/uploads\/2019\/04\/logo.png","contentUrl":"https:\/\/www.doit.hu\/rendszergazda\/wp-content\/uploads\/2019\/04\/logo.png","width":263,"height":82,"caption":"DOCCA Zrt."},"image":{"@id":"https:\/\/www.doit.hu\/rendszergazda\/#\/schema\/logo\/image\/"},"sameAs":["https:\/\/www.facebook.com\/DoccaZrt"]},{"@type":"Person","@id":"https:\/\/www.doit.hu\/rendszergazda\/#\/schema\/person\/ac60b29300a3d65825707a7bcd47aa7f","name":"Docca Zrt.","image":{"@type":"ImageObject","inLanguage":"hu","@id":"https:\/\/secure.gravatar.com\/avatar\/7e3762308ab47147572d4e9f68e02b65139742dfdbb8f7a7314f3c5064a3dbe7?s=96&d=mm&r=g","url":"https:\/\/secure.gravatar.com\/avatar\/7e3762308ab47147572d4e9f68e02b65139742dfdbb8f7a7314f3c5064a3dbe7?s=96&d=mm&r=g","contentUrl":"https:\/\/secure.gravatar.com\/avatar\/7e3762308ab47147572d4e9f68e02b65139742dfdbb8f7a7314f3c5064a3dbe7?s=96&d=mm&r=g","caption":"Docca Zrt."},"url":"https:\/\/www.doit.hu\/rendszergazda\/author\/docca\/"}]}},"_links":{"self":[{"href":"https:\/\/www.doit.hu\/rendszergazda\/wp-json\/wp\/v2\/posts\/875","targetHints":{"allow":["GET"]}}],"collection":[{"href":"https:\/\/www.doit.hu\/rendszergazda\/wp-json\/wp\/v2\/posts"}],"about":[{"href":"https:\/\/www.doit.hu\/rendszergazda\/wp-json\/wp\/v2\/types\/post"}],"author":[{"embeddable":true,"href":"https:\/\/www.doit.hu\/rendszergazda\/wp-json\/wp\/v2\/users\/7"}],"replies":[{"embeddable":true,"href":"https:\/\/www.doit.hu\/rendszergazda\/wp-json\/wp\/v2\/comments?post=875"}],"version-history":[{"count":3,"href":"https:\/\/www.doit.hu\/rendszergazda\/wp-json\/wp\/v2\/posts\/875\/revisions"}],"predecessor-version":[{"id":3189,"href":"https:\/\/www.doit.hu\/rendszergazda\/wp-json\/wp\/v2\/posts\/875\/revisions\/3189"}],"wp:featuredmedia":[{"embeddable":true,"href":"https:\/\/www.doit.hu\/rendszergazda\/wp-json\/wp\/v2\/media\/876"}],"wp:attachment":[{"href":"https:\/\/www.doit.hu\/rendszergazda\/wp-json\/wp\/v2\/media?parent=875"}],"wp:term":[{"taxonomy":"category","embeddable":true,"href":"https:\/\/www.doit.hu\/rendszergazda\/wp-json\/wp\/v2\/categories?post=875"},{"taxonomy":"post_tag","embeddable":true,"href":"https:\/\/www.doit.hu\/rendszergazda\/wp-json\/wp\/v2\/tags?post=875"}],"curies":[{"name":"wp","href":"https:\/\/api.w.org\/{rel}","templated":true}]}}