{"id":817,"date":"2019-04-15T12:55:28","date_gmt":"2019-04-15T12:55:28","guid":{"rendered":"http:\/\/www.doit.hu\/rendszergazda\/?p=817"},"modified":"2022-07-28T08:17:26","modified_gmt":"2022-07-28T08:17:26","slug":"324-szeptember-13-an-mutatkozik-be-az-ios-10","status":"publish","type":"post","link":"https:\/\/www.doit.hu\/rendszergazda\/informatika-hirek-felho-mobil-es-minden-mas\/324-szeptember-13-an-mutatkozik-be-az-ios-10\/","title":{"rendered":"Szeptember 13-\u00e1n mutatkozik be az iOS 10"},"content":{"rendered":"<p><strong>Hivatalosan szeptember 13-\u00e1n kedden \u00e9rkezik az iOS 10, amely ingyenesen let\u00f6lthet\u0151 lesz minden t\u00e1mogatott iPhone, iPad vagy iPod touch eszk\u00f6zre. Ugyanekkor jelenik meg a watchOS 3 az Apple Watch-hoz \u00e9s a tvOS 10 is az Apple TV-hez.<\/strong><!--more--><\/p>\n<p><img loading=\"lazy\" decoding=\"async\" class=\"aligncenter wp-image-818 size-full\" src=\"https:\/\/www.doit.hu\/rendszergazda\/wp-content\/uploads\/2019\/04\/ios-10-splash-610x330.jpg\" alt=\"Informatika rendszer\u00fczemeltet\u0151 blog: iOS 10\" width=\"610\" height=\"330\" srcset=\"https:\/\/www.doit.hu\/rendszergazda\/wp-content\/uploads\/2019\/04\/ios-10-splash-610x330.jpg 610w, https:\/\/www.doit.hu\/rendszergazda\/wp-content\/uploads\/2019\/04\/ios-10-splash-610x330-300x162.jpg 300w, https:\/\/www.doit.hu\/rendszergazda\/wp-content\/uploads\/2019\/04\/ios-10-splash-610x330-450x243.jpg 450w\" sizes=\"auto, (max-width: 610px) 100vw, 610px\" \/><\/p>\n<p>Az iOS 10 szoftverfriss\u00edt\u00e9sk\u00e9nt j\u00f6n majd a Be\u00e1ll\u00edt\u00e1sok (Settings) alkalmaz\u00e1sba, de iTunes seg\u00edts\u00e9g\u00e9vel sz\u00e1m\u00edt\u00f3g\u00e9ppel is telep\u00edthet\u0151 lesz.<\/p>\n<p>A legt\u00f6bb mai iPhone, iPad \u00e9s iPod touch hardware t\u00e1mogatja ezt a friss\u00edt\u00e9st, de\u00a0<strong><a href=\"http:\/\/osxdaily.com\/2016\/06\/14\/ios-10-compatibility-list\/\">itt tal\u00e1lhat\u00f3 az iOS 10 kompatibilis k\u00e9sz\u00fcl\u00e9kek teljes list\u00e1ja<\/a><\/strong>.<\/p>\n<p>Az iOS 10 sz\u00e1mos \u00fajdons\u00e1got \u00e9s finom\u00edt\u00e1st tartalmaz, pl.: Az \u00dczenetek (Messages) alkalmaz\u00e1st alaposan kipofozt\u00e1k \u2013 anim\u00e1ci\u00f3kkal, egyedi matric\u00e1kkal, \u00e9s GIF billenty\u0171zetekkel, k\u00e9z\u00edr\u00e1ssal, emoji ford\u00edt\u00f3val. A T\u00e9rk\u00e9pek (Maps) app javaslatokat ad \u00e9s asztalt is lehet vele foglalni. Az Eml\u00e9keztet\u0151k (Notifications) r\u00e9szt \u00fajradiz\u00e1jnolt\u00e1k, \u00faj a k\u00e9perny\u0151z\u00e1r, a Zene (Music) appot is \u00fajragondolt\u00e1k, a Fot\u00f3k (Music) app \u00fajdons\u00e1gai k\u00f6z\u00f6tt pedig Eml\u00e9kek (Memories) \u00e9s arcfelismer\u00e9s funkci\u00f3k is vannak.<\/p>\n<p>Az iOS 10-hez t\u00f6bb b\u00e9ta verzi\u00f3t bocs\u00e1tottak ki a fejleszt\u0151k \u00e9s nagyk\u00f6z\u00f6ns\u00e9g sz\u00e1m\u00e1ra a megfelel\u0151 b\u00e9tatesztel\u0151 programokkal egy\u00fctt. Az iOS b\u00e9ta verzi\u00f3it haszn\u00e1l\u00f3k az iOS 10 v\u00e9gleges verzi\u00f3t is megtal\u00e1lj\u00e1k a k\u00e9sz\u00fcl\u00e9k\u00fck\u00f6n, amint ez sz\u00e9lesk\u00f6r\u0171en el\u00e9rhet\u0151 lesz.<\/p>\n<p>Az iOS 10 GM most fejleszt\u0151k sz\u00e1m\u00e1ra el\u00e9rhet\u0151.<\/p>\n<p>A macOS Sierra\u00a0<strong><a href=\"https:\/\/www.doit.hu\/rendszergazda\/index.php\/informatika-hirek-felho-mobil-es-minden-mas\/325-szeptember-20-an-erkezik-a-macos-sierra\">szeptember 20-\u00e1t\u00f3l lesz ingyenesen let\u00f6lthet\u0151<\/a><\/strong>.<\/p>\n<p>&nbsp;<\/p>\n<p>Forr\u00e1s:\u00a0<a href=\"http:\/\/osxdaily.com\/2016\/09\/07\/ios-10-release-date-set-for-september-13\/?utm_source=feedburner&amp;utm_medium=email&amp;utm_campaign=Feed%3A+osxdaily+%28OS+X+Daily%29\">OS X Daily<\/a>.<\/p>\n<p>&nbsp;<\/p>\n<p style=\"text-align: center;\">Tov\u00e1bbi \u00e9rdekess\u00e9gek\u00e9rt keresse fel\u00a0<strong><a href=\"https:\/\/www.doit.hu\/rendszergazda\/index.php\/informatika-hirek-felho-mobil-es-minden-mas\">rendszergazda blogunkat<\/a><\/strong>!<\/p>\n","protected":false},"excerpt":{"rendered":"<p>Hivatalosan szeptember 13-\u00e1n kedden \u00e9rkezik az iOS 10, amely ingyenesen let\u00f6lthet\u0151 lesz minden t\u00e1mogatott iPhone, iPad vagy iPod touch eszk\u00f6zre. Ugyanekkor jelenik meg a watchOS 3 az Apple Watch-hoz \u00e9s a tvOS 10 is az Apple TV-hez.<\/p>\n","protected":false},"author":7,"featured_media":818,"comment_status":"closed","ping_status":"closed","sticky":false,"template":"","format":"standard","meta":{"footnotes":""},"categories":[4],"tags":[215,300,674,676,673,303,677],"class_list":["post-817","post","type-post","status-publish","format-standard","has-post-thumbnail","hentry","category-informatika-hirek-felho-mobil-es-minden-mas","tag-apple-tv","tag-apple-watch","tag-ingyenes-letoltes","tag-ios-10","tag-ipad","tag-iphone","tag-watchos-3"],"yoast_head":"<!-- This site is optimized with the Yoast SEO plugin v27.4 - https:\/\/yoast.com\/product\/yoast-seo-wordpress\/ -->\n<title>\u00c9rkezik az iOS 10 | Informatika rendszer\u00fczemeltet\u0151 blog |doit.hu<\/title>\n<meta name=\"description\" content=\"Hamarosan \u00e9rkezik az ingyenesen let\u00f6lthet\u0151 iOS 10 iPhone, iPad vagy iPod touch eszk\u00f6zre. Olvassa el rendszergazda koll\u00e9g\u00e1nk \u00edr\u00e1s\u00e1t az \u00faj iOS 10-r\u0151l!\" \/>\n<meta name=\"robots\" content=\"index, follow, max-snippet:-1, max-image-preview:large, max-video-preview:-1\" \/>\n<link rel=\"canonical\" href=\"https:\/\/www.doit.hu\/rendszergazda\/informatika-hirek-felho-mobil-es-minden-mas\/324-szeptember-13-an-mutatkozik-be-az-ios-10\/\" \/>\n<meta property=\"og:locale\" content=\"hu_HU\" \/>\n<meta property=\"og:type\" content=\"article\" \/>\n<meta property=\"og:title\" content=\"\u00c9rkezik az iOS 10 | Informatika rendszer\u00fczemeltet\u0151 blog |doit.hu\" \/>\n<meta property=\"og:description\" content=\"Hamarosan \u00e9rkezik az ingyenesen let\u00f6lthet\u0151 iOS 10 iPhone, iPad vagy iPod touch eszk\u00f6zre. Olvassa el rendszergazda koll\u00e9g\u00e1nk \u00edr\u00e1s\u00e1t az \u00faj iOS 10-r\u0151l!\" \/>\n<meta property=\"og:url\" content=\"https:\/\/www.doit.hu\/rendszergazda\/informatika-hirek-felho-mobil-es-minden-mas\/324-szeptember-13-an-mutatkozik-be-az-ios-10\/\" \/>\n<meta property=\"og:site_name\" content=\"Rendszergazda szolg\u00e1ltat\u00e1s\" \/>\n<meta property=\"article:publisher\" content=\"https:\/\/www.facebook.com\/DoccaZrt\" \/>\n<meta property=\"article:published_time\" content=\"2019-04-15T12:55:28+00:00\" \/>\n<meta property=\"article:modified_time\" content=\"2022-07-28T08:17:26+00:00\" \/>\n<meta property=\"og:image\" content=\"https:\/\/www.doit.hu\/rendszergazda\/wp-content\/uploads\/2019\/04\/ios-10-splash-610x330.jpg\" \/>\n\t<meta property=\"og:image:width\" content=\"610\" \/>\n\t<meta property=\"og:image:height\" content=\"330\" \/>\n\t<meta property=\"og:image:type\" content=\"image\/jpeg\" \/>\n<meta name=\"author\" content=\"Docca Zrt.\" \/>\n<meta name=\"twitter:card\" content=\"summary_large_image\" \/>\n<meta name=\"twitter:label1\" content=\"Szerz\u0151:\" \/>\n\t<meta name=\"twitter:data1\" content=\"Docca Zrt.\" \/>\n\t<meta name=\"twitter:label2\" content=\"Becs\u00fclt olvas\u00e1si id\u0151\" \/>\n\t<meta name=\"twitter:data2\" content=\"2 perc\" \/>\n<script type=\"application\/ld+json\" class=\"yoast-schema-graph\">{\"@context\":\"https:\\\/\\\/schema.org\",\"@graph\":[{\"@type\":\"Article\",\"@id\":\"https:\\\/\\\/www.doit.hu\\\/rendszergazda\\\/informatika-hirek-felho-mobil-es-minden-mas\\\/324-szeptember-13-an-mutatkozik-be-az-ios-10\\\/#article\",\"isPartOf\":{\"@id\":\"https:\\\/\\\/www.doit.hu\\\/rendszergazda\\\/informatika-hirek-felho-mobil-es-minden-mas\\\/324-szeptember-13-an-mutatkozik-be-az-ios-10\\\/\"},\"author\":{\"name\":\"Docca Zrt.\",\"@id\":\"https:\\\/\\\/www.doit.hu\\\/rendszergazda\\\/#\\\/schema\\\/person\\\/ac60b29300a3d65825707a7bcd47aa7f\"},\"headline\":\"Szeptember 13-\u00e1n mutatkozik be az iOS 10\",\"datePublished\":\"2019-04-15T12:55:28+00:00\",\"dateModified\":\"2022-07-28T08:17:26+00:00\",\"mainEntityOfPage\":{\"@id\":\"https:\\\/\\\/www.doit.hu\\\/rendszergazda\\\/informatika-hirek-felho-mobil-es-minden-mas\\\/324-szeptember-13-an-mutatkozik-be-az-ios-10\\\/\"},\"wordCount\":307,\"publisher\":{\"@id\":\"https:\\\/\\\/www.doit.hu\\\/rendszergazda\\\/#organization\"},\"image\":{\"@id\":\"https:\\\/\\\/www.doit.hu\\\/rendszergazda\\\/informatika-hirek-felho-mobil-es-minden-mas\\\/324-szeptember-13-an-mutatkozik-be-az-ios-10\\\/#primaryimage\"},\"thumbnailUrl\":\"https:\\\/\\\/www.doit.hu\\\/rendszergazda\\\/wp-content\\\/uploads\\\/2019\\\/04\\\/ios-10-splash-610x330.jpg\",\"keywords\":[\"apple tv\",\"apple watch\",\"ingyenes let\u00f6lt\u00e9s\",\"iOS 10\",\"ipad\",\"iphone\",\"watchOS 3\"],\"articleSection\":[\"Informatika h\u00edrek: felh\u0151, mobil \u00e9s minden m\u00e1s\"],\"inLanguage\":\"hu\"},{\"@type\":\"WebPage\",\"@id\":\"https:\\\/\\\/www.doit.hu\\\/rendszergazda\\\/informatika-hirek-felho-mobil-es-minden-mas\\\/324-szeptember-13-an-mutatkozik-be-az-ios-10\\\/\",\"url\":\"https:\\\/\\\/www.doit.hu\\\/rendszergazda\\\/informatika-hirek-felho-mobil-es-minden-mas\\\/324-szeptember-13-an-mutatkozik-be-az-ios-10\\\/\",\"name\":\"\u00c9rkezik az iOS 10 | Informatika rendszer\u00fczemeltet\u0151 blog |doit.hu\",\"isPartOf\":{\"@id\":\"https:\\\/\\\/www.doit.hu\\\/rendszergazda\\\/#website\"},\"primaryImageOfPage\":{\"@id\":\"https:\\\/\\\/www.doit.hu\\\/rendszergazda\\\/informatika-hirek-felho-mobil-es-minden-mas\\\/324-szeptember-13-an-mutatkozik-be-az-ios-10\\\/#primaryimage\"},\"image\":{\"@id\":\"https:\\\/\\\/www.doit.hu\\\/rendszergazda\\\/informatika-hirek-felho-mobil-es-minden-mas\\\/324-szeptember-13-an-mutatkozik-be-az-ios-10\\\/#primaryimage\"},\"thumbnailUrl\":\"https:\\\/\\\/www.doit.hu\\\/rendszergazda\\\/wp-content\\\/uploads\\\/2019\\\/04\\\/ios-10-splash-610x330.jpg\",\"datePublished\":\"2019-04-15T12:55:28+00:00\",\"dateModified\":\"2022-07-28T08:17:26+00:00\",\"description\":\"Hamarosan \u00e9rkezik az ingyenesen let\u00f6lthet\u0151 iOS 10 iPhone, iPad vagy iPod touch eszk\u00f6zre. Olvassa el rendszergazda koll\u00e9g\u00e1nk \u00edr\u00e1s\u00e1t az \u00faj iOS 10-r\u0151l!\",\"breadcrumb\":{\"@id\":\"https:\\\/\\\/www.doit.hu\\\/rendszergazda\\\/informatika-hirek-felho-mobil-es-minden-mas\\\/324-szeptember-13-an-mutatkozik-be-az-ios-10\\\/#breadcrumb\"},\"inLanguage\":\"hu\",\"potentialAction\":[{\"@type\":\"ReadAction\",\"target\":[\"https:\\\/\\\/www.doit.hu\\\/rendszergazda\\\/informatika-hirek-felho-mobil-es-minden-mas\\\/324-szeptember-13-an-mutatkozik-be-az-ios-10\\\/\"]}]},{\"@type\":\"ImageObject\",\"inLanguage\":\"hu\",\"@id\":\"https:\\\/\\\/www.doit.hu\\\/rendszergazda\\\/informatika-hirek-felho-mobil-es-minden-mas\\\/324-szeptember-13-an-mutatkozik-be-az-ios-10\\\/#primaryimage\",\"url\":\"https:\\\/\\\/www.doit.hu\\\/rendszergazda\\\/wp-content\\\/uploads\\\/2019\\\/04\\\/ios-10-splash-610x330.jpg\",\"contentUrl\":\"https:\\\/\\\/www.doit.hu\\\/rendszergazda\\\/wp-content\\\/uploads\\\/2019\\\/04\\\/ios-10-splash-610x330.jpg\",\"width\":610,\"height\":330,\"caption\":\"Informatika rendszer\u00fczemeltet\u0151 blog: iOS 10\"},{\"@type\":\"BreadcrumbList\",\"@id\":\"https:\\\/\\\/www.doit.hu\\\/rendszergazda\\\/informatika-hirek-felho-mobil-es-minden-mas\\\/324-szeptember-13-an-mutatkozik-be-az-ios-10\\\/#breadcrumb\",\"itemListElement\":[{\"@type\":\"ListItem\",\"position\":1,\"name\":\"Home\",\"item\":\"https:\\\/\\\/www.doit.hu\\\/rendszergazda\\\/fooldal-flexi\\\/\"},{\"@type\":\"ListItem\",\"position\":2,\"name\":\"Szeptember 13-\u00e1n mutatkozik be az iOS 10\"}]},{\"@type\":\"WebSite\",\"@id\":\"https:\\\/\\\/www.doit.hu\\\/rendszergazda\\\/#website\",\"url\":\"https:\\\/\\\/www.doit.hu\\\/rendszergazda\\\/\",\"name\":\"Rendszergazda szolg\u00e1ltat\u00e1s\",\"description\":\"\",\"publisher\":{\"@id\":\"https:\\\/\\\/www.doit.hu\\\/rendszergazda\\\/#organization\"},\"potentialAction\":[{\"@type\":\"SearchAction\",\"target\":{\"@type\":\"EntryPoint\",\"urlTemplate\":\"https:\\\/\\\/www.doit.hu\\\/rendszergazda\\\/?s={search_term_string}\"},\"query-input\":{\"@type\":\"PropertyValueSpecification\",\"valueRequired\":true,\"valueName\":\"search_term_string\"}}],\"inLanguage\":\"hu\"},{\"@type\":\"Organization\",\"@id\":\"https:\\\/\\\/www.doit.hu\\\/rendszergazda\\\/#organization\",\"name\":\"DOCCA Zrt.\",\"url\":\"https:\\\/\\\/www.doit.hu\\\/rendszergazda\\\/\",\"logo\":{\"@type\":\"ImageObject\",\"inLanguage\":\"hu\",\"@id\":\"https:\\\/\\\/www.doit.hu\\\/rendszergazda\\\/#\\\/schema\\\/logo\\\/image\\\/\",\"url\":\"https:\\\/\\\/www.doit.hu\\\/rendszergazda\\\/wp-content\\\/uploads\\\/2019\\\/04\\\/logo.png\",\"contentUrl\":\"https:\\\/\\\/www.doit.hu\\\/rendszergazda\\\/wp-content\\\/uploads\\\/2019\\\/04\\\/logo.png\",\"width\":263,\"height\":82,\"caption\":\"DOCCA Zrt.\"},\"image\":{\"@id\":\"https:\\\/\\\/www.doit.hu\\\/rendszergazda\\\/#\\\/schema\\\/logo\\\/image\\\/\"},\"sameAs\":[\"https:\\\/\\\/www.facebook.com\\\/DoccaZrt\"]},{\"@type\":\"Person\",\"@id\":\"https:\\\/\\\/www.doit.hu\\\/rendszergazda\\\/#\\\/schema\\\/person\\\/ac60b29300a3d65825707a7bcd47aa7f\",\"name\":\"Docca Zrt.\",\"image\":{\"@type\":\"ImageObject\",\"inLanguage\":\"hu\",\"@id\":\"https:\\\/\\\/secure.gravatar.com\\\/avatar\\\/7e3762308ab47147572d4e9f68e02b65139742dfdbb8f7a7314f3c5064a3dbe7?s=96&d=mm&r=g\",\"url\":\"https:\\\/\\\/secure.gravatar.com\\\/avatar\\\/7e3762308ab47147572d4e9f68e02b65139742dfdbb8f7a7314f3c5064a3dbe7?s=96&d=mm&r=g\",\"contentUrl\":\"https:\\\/\\\/secure.gravatar.com\\\/avatar\\\/7e3762308ab47147572d4e9f68e02b65139742dfdbb8f7a7314f3c5064a3dbe7?s=96&d=mm&r=g\",\"caption\":\"Docca Zrt.\"},\"url\":\"https:\\\/\\\/www.doit.hu\\\/rendszergazda\\\/author\\\/docca\\\/\"}]}<\/script>\n<!-- \/ Yoast SEO plugin. -->","yoast_head_json":{"title":"\u00c9rkezik az iOS 10 | Informatika rendszer\u00fczemeltet\u0151 blog |doit.hu","description":"Hamarosan \u00e9rkezik az ingyenesen let\u00f6lthet\u0151 iOS 10 iPhone, iPad vagy iPod touch eszk\u00f6zre. Olvassa el rendszergazda koll\u00e9g\u00e1nk \u00edr\u00e1s\u00e1t az \u00faj iOS 10-r\u0151l!","robots":{"index":"index","follow":"follow","max-snippet":"max-snippet:-1","max-image-preview":"max-image-preview:large","max-video-preview":"max-video-preview:-1"},"canonical":"https:\/\/www.doit.hu\/rendszergazda\/informatika-hirek-felho-mobil-es-minden-mas\/324-szeptember-13-an-mutatkozik-be-az-ios-10\/","og_locale":"hu_HU","og_type":"article","og_title":"\u00c9rkezik az iOS 10 | Informatika rendszer\u00fczemeltet\u0151 blog |doit.hu","og_description":"Hamarosan \u00e9rkezik az ingyenesen let\u00f6lthet\u0151 iOS 10 iPhone, iPad vagy iPod touch eszk\u00f6zre. Olvassa el rendszergazda koll\u00e9g\u00e1nk \u00edr\u00e1s\u00e1t az \u00faj iOS 10-r\u0151l!","og_url":"https:\/\/www.doit.hu\/rendszergazda\/informatika-hirek-felho-mobil-es-minden-mas\/324-szeptember-13-an-mutatkozik-be-az-ios-10\/","og_site_name":"Rendszergazda szolg\u00e1ltat\u00e1s","article_publisher":"https:\/\/www.facebook.com\/DoccaZrt","article_published_time":"2019-04-15T12:55:28+00:00","article_modified_time":"2022-07-28T08:17:26+00:00","og_image":[{"width":610,"height":330,"url":"https:\/\/www.doit.hu\/rendszergazda\/wp-content\/uploads\/2019\/04\/ios-10-splash-610x330.jpg","type":"image\/jpeg"}],"author":"Docca Zrt.","twitter_card":"summary_large_image","twitter_misc":{"Szerz\u0151:":"Docca Zrt.","Becs\u00fclt olvas\u00e1si id\u0151":"2 perc"},"schema":{"@context":"https:\/\/schema.org","@graph":[{"@type":"Article","@id":"https:\/\/www.doit.hu\/rendszergazda\/informatika-hirek-felho-mobil-es-minden-mas\/324-szeptember-13-an-mutatkozik-be-az-ios-10\/#article","isPartOf":{"@id":"https:\/\/www.doit.hu\/rendszergazda\/informatika-hirek-felho-mobil-es-minden-mas\/324-szeptember-13-an-mutatkozik-be-az-ios-10\/"},"author":{"name":"Docca Zrt.","@id":"https:\/\/www.doit.hu\/rendszergazda\/#\/schema\/person\/ac60b29300a3d65825707a7bcd47aa7f"},"headline":"Szeptember 13-\u00e1n mutatkozik be az iOS 10","datePublished":"2019-04-15T12:55:28+00:00","dateModified":"2022-07-28T08:17:26+00:00","mainEntityOfPage":{"@id":"https:\/\/www.doit.hu\/rendszergazda\/informatika-hirek-felho-mobil-es-minden-mas\/324-szeptember-13-an-mutatkozik-be-az-ios-10\/"},"wordCount":307,"publisher":{"@id":"https:\/\/www.doit.hu\/rendszergazda\/#organization"},"image":{"@id":"https:\/\/www.doit.hu\/rendszergazda\/informatika-hirek-felho-mobil-es-minden-mas\/324-szeptember-13-an-mutatkozik-be-az-ios-10\/#primaryimage"},"thumbnailUrl":"https:\/\/www.doit.hu\/rendszergazda\/wp-content\/uploads\/2019\/04\/ios-10-splash-610x330.jpg","keywords":["apple tv","apple watch","ingyenes let\u00f6lt\u00e9s","iOS 10","ipad","iphone","watchOS 3"],"articleSection":["Informatika h\u00edrek: felh\u0151, mobil \u00e9s minden m\u00e1s"],"inLanguage":"hu"},{"@type":"WebPage","@id":"https:\/\/www.doit.hu\/rendszergazda\/informatika-hirek-felho-mobil-es-minden-mas\/324-szeptember-13-an-mutatkozik-be-az-ios-10\/","url":"https:\/\/www.doit.hu\/rendszergazda\/informatika-hirek-felho-mobil-es-minden-mas\/324-szeptember-13-an-mutatkozik-be-az-ios-10\/","name":"\u00c9rkezik az iOS 10 | Informatika rendszer\u00fczemeltet\u0151 blog |doit.hu","isPartOf":{"@id":"https:\/\/www.doit.hu\/rendszergazda\/#website"},"primaryImageOfPage":{"@id":"https:\/\/www.doit.hu\/rendszergazda\/informatika-hirek-felho-mobil-es-minden-mas\/324-szeptember-13-an-mutatkozik-be-az-ios-10\/#primaryimage"},"image":{"@id":"https:\/\/www.doit.hu\/rendszergazda\/informatika-hirek-felho-mobil-es-minden-mas\/324-szeptember-13-an-mutatkozik-be-az-ios-10\/#primaryimage"},"thumbnailUrl":"https:\/\/www.doit.hu\/rendszergazda\/wp-content\/uploads\/2019\/04\/ios-10-splash-610x330.jpg","datePublished":"2019-04-15T12:55:28+00:00","dateModified":"2022-07-28T08:17:26+00:00","description":"Hamarosan \u00e9rkezik az ingyenesen let\u00f6lthet\u0151 iOS 10 iPhone, iPad vagy iPod touch eszk\u00f6zre. Olvassa el rendszergazda koll\u00e9g\u00e1nk \u00edr\u00e1s\u00e1t az \u00faj iOS 10-r\u0151l!","breadcrumb":{"@id":"https:\/\/www.doit.hu\/rendszergazda\/informatika-hirek-felho-mobil-es-minden-mas\/324-szeptember-13-an-mutatkozik-be-az-ios-10\/#breadcrumb"},"inLanguage":"hu","potentialAction":[{"@type":"ReadAction","target":["https:\/\/www.doit.hu\/rendszergazda\/informatika-hirek-felho-mobil-es-minden-mas\/324-szeptember-13-an-mutatkozik-be-az-ios-10\/"]}]},{"@type":"ImageObject","inLanguage":"hu","@id":"https:\/\/www.doit.hu\/rendszergazda\/informatika-hirek-felho-mobil-es-minden-mas\/324-szeptember-13-an-mutatkozik-be-az-ios-10\/#primaryimage","url":"https:\/\/www.doit.hu\/rendszergazda\/wp-content\/uploads\/2019\/04\/ios-10-splash-610x330.jpg","contentUrl":"https:\/\/www.doit.hu\/rendszergazda\/wp-content\/uploads\/2019\/04\/ios-10-splash-610x330.jpg","width":610,"height":330,"caption":"Informatika rendszer\u00fczemeltet\u0151 blog: iOS 10"},{"@type":"BreadcrumbList","@id":"https:\/\/www.doit.hu\/rendszergazda\/informatika-hirek-felho-mobil-es-minden-mas\/324-szeptember-13-an-mutatkozik-be-az-ios-10\/#breadcrumb","itemListElement":[{"@type":"ListItem","position":1,"name":"Home","item":"https:\/\/www.doit.hu\/rendszergazda\/fooldal-flexi\/"},{"@type":"ListItem","position":2,"name":"Szeptember 13-\u00e1n mutatkozik be az iOS 10"}]},{"@type":"WebSite","@id":"https:\/\/www.doit.hu\/rendszergazda\/#website","url":"https:\/\/www.doit.hu\/rendszergazda\/","name":"Rendszergazda szolg\u00e1ltat\u00e1s","description":"","publisher":{"@id":"https:\/\/www.doit.hu\/rendszergazda\/#organization"},"potentialAction":[{"@type":"SearchAction","target":{"@type":"EntryPoint","urlTemplate":"https:\/\/www.doit.hu\/rendszergazda\/?s={search_term_string}"},"query-input":{"@type":"PropertyValueSpecification","valueRequired":true,"valueName":"search_term_string"}}],"inLanguage":"hu"},{"@type":"Organization","@id":"https:\/\/www.doit.hu\/rendszergazda\/#organization","name":"DOCCA Zrt.","url":"https:\/\/www.doit.hu\/rendszergazda\/","logo":{"@type":"ImageObject","inLanguage":"hu","@id":"https:\/\/www.doit.hu\/rendszergazda\/#\/schema\/logo\/image\/","url":"https:\/\/www.doit.hu\/rendszergazda\/wp-content\/uploads\/2019\/04\/logo.png","contentUrl":"https:\/\/www.doit.hu\/rendszergazda\/wp-content\/uploads\/2019\/04\/logo.png","width":263,"height":82,"caption":"DOCCA Zrt."},"image":{"@id":"https:\/\/www.doit.hu\/rendszergazda\/#\/schema\/logo\/image\/"},"sameAs":["https:\/\/www.facebook.com\/DoccaZrt"]},{"@type":"Person","@id":"https:\/\/www.doit.hu\/rendszergazda\/#\/schema\/person\/ac60b29300a3d65825707a7bcd47aa7f","name":"Docca Zrt.","image":{"@type":"ImageObject","inLanguage":"hu","@id":"https:\/\/secure.gravatar.com\/avatar\/7e3762308ab47147572d4e9f68e02b65139742dfdbb8f7a7314f3c5064a3dbe7?s=96&d=mm&r=g","url":"https:\/\/secure.gravatar.com\/avatar\/7e3762308ab47147572d4e9f68e02b65139742dfdbb8f7a7314f3c5064a3dbe7?s=96&d=mm&r=g","contentUrl":"https:\/\/secure.gravatar.com\/avatar\/7e3762308ab47147572d4e9f68e02b65139742dfdbb8f7a7314f3c5064a3dbe7?s=96&d=mm&r=g","caption":"Docca Zrt."},"url":"https:\/\/www.doit.hu\/rendszergazda\/author\/docca\/"}]}},"_links":{"self":[{"href":"https:\/\/www.doit.hu\/rendszergazda\/wp-json\/wp\/v2\/posts\/817","targetHints":{"allow":["GET"]}}],"collection":[{"href":"https:\/\/www.doit.hu\/rendszergazda\/wp-json\/wp\/v2\/posts"}],"about":[{"href":"https:\/\/www.doit.hu\/rendszergazda\/wp-json\/wp\/v2\/types\/post"}],"author":[{"embeddable":true,"href":"https:\/\/www.doit.hu\/rendszergazda\/wp-json\/wp\/v2\/users\/7"}],"replies":[{"embeddable":true,"href":"https:\/\/www.doit.hu\/rendszergazda\/wp-json\/wp\/v2\/comments?post=817"}],"version-history":[{"count":3,"href":"https:\/\/www.doit.hu\/rendszergazda\/wp-json\/wp\/v2\/posts\/817\/revisions"}],"predecessor-version":[{"id":3139,"href":"https:\/\/www.doit.hu\/rendszergazda\/wp-json\/wp\/v2\/posts\/817\/revisions\/3139"}],"wp:featuredmedia":[{"embeddable":true,"href":"https:\/\/www.doit.hu\/rendszergazda\/wp-json\/wp\/v2\/media\/818"}],"wp:attachment":[{"href":"https:\/\/www.doit.hu\/rendszergazda\/wp-json\/wp\/v2\/media?parent=817"}],"wp:term":[{"taxonomy":"category","embeddable":true,"href":"https:\/\/www.doit.hu\/rendszergazda\/wp-json\/wp\/v2\/categories?post=817"},{"taxonomy":"post_tag","embeddable":true,"href":"https:\/\/www.doit.hu\/rendszergazda\/wp-json\/wp\/v2\/tags?post=817"}],"curies":[{"name":"wp","href":"https:\/\/api.w.org\/{rel}","templated":true}]}}