{"id":814,"date":"2019-04-15T12:52:28","date_gmt":"2019-04-15T12:52:28","guid":{"rendered":"http:\/\/www.doit.hu\/rendszergazda\/?p=814"},"modified":"2019-04-15T12:52:28","modified_gmt":"2019-04-15T12:52:28","slug":"325-szeptember-20-an-erkezik-a-macos-sierra","status":"publish","type":"post","link":"https:\/\/www.doit.hu\/rendszergazda\/informatika-hirek-felho-mobil-es-minden-mas\/325-szeptember-20-an-erkezik-a-macos-sierra\/","title":{"rendered":"Szeptember 20-\u00e1n \u00e9rkezik a macOS Sierra"},"content":{"rendered":"<p><strong>Az Apple t\u00e1j\u00e9koztat\u00e1sa szerint a macOS Sierra-t (verzi\u00f3sz\u00e1m: Mac OS 10.12) szeptember 20-a keddt\u0151l minden kompatibilis Mac felhaszn\u00e1l\u00f3 vagy rendszergazda a Mac App Store-b\u00f3l ingyenesen let\u00f6ltheti \u00e9s telep\u00edtheti.<\/strong><!--more--><\/p>\n<p><img loading=\"lazy\" decoding=\"async\" class=\"size-full wp-image-815 aligncenter\" src=\"http:\/\/www.doit.hu\/rendszergazda\/wp-content\/uploads\/2019\/04\/macos-sierra-screen-shots-1-610x328-1.jpg\" alt=\"\" width=\"610\" height=\"328\" srcset=\"https:\/\/www.doit.hu\/rendszergazda\/wp-content\/uploads\/2019\/04\/macos-sierra-screen-shots-1-610x328-1.jpg 610w, https:\/\/www.doit.hu\/rendszergazda\/wp-content\/uploads\/2019\/04\/macos-sierra-screen-shots-1-610x328-1-300x161.jpg 300w, https:\/\/www.doit.hu\/rendszergazda\/wp-content\/uploads\/2019\/04\/macos-sierra-screen-shots-1-610x328-1-450x242.jpg 450w\" sizes=\"auto, (max-width: 610px) 100vw, 610px\" \/><\/p>\n<p>A macOS Sierra \u00faj fejleszt\u00e9sek \u00e9s \u00fajdons\u00e1gok t\u00e1rh\u00e1z\u00e1val rukkol el\u0151, pl.: Siri a Mac-en, z\u00e1rol\u00e1s felold\u00e1sa Apple Watch seg\u00edts\u00e9g\u00e9vel, Safari Apple Pay t\u00e1mogat\u00e1ssal, r\u00e1ncfelvarr\u00e1son \u00e1tesett Fot\u00f3k (Photos) app intelligens keres\u0151vel, arcfelismer\u00e9s \u00e9s \u00faj Eml\u00e9kek (Memories) funkci\u00f3val, k\u00e9p a k\u00e9pben m\u00f3d m\u00e1s appok feletti vide\u00f3n\u00e9z\u00e9shez, iOS \u00e9s macOS k\u00f6z\u00f6tti univerz\u00e1lis v\u00e1g\u00f3lap, valamint tov\u00e1bbfejlesztett iCloud Drive funkci\u00f3kkal adatkihelyez\u00e9s iCloud-ba, ha fogy a t\u00e1rhely.<\/p>\n<p>T\u00f6bb macOS Sierra b\u00e9ta verzi\u00f3 volt el\u00e9rhet\u0151 publikus \u00e9s fejleszt\u0151i b\u00e9tatesztel\u0151 programokkal, ezek a felhaszn\u00e1l\u00f3k v\u00e9gleges verzi\u00f3ra is friss\u00edthetnek majd. A macOS Sierra GM jelenleg fejleszt\u0151k sz\u00e1m\u00e1ra el\u00e9rhet\u0151.<\/p>\n<p>A felhaszn\u00e1l\u00f3k vagy rendszergazd\u00e1k\u00a0<strong><a href=\"http:\/\/osxdaily.com\/2016\/06\/14\/macos-sierra-compatibility-list\/\">itt ellen\u0151rizhetik a MacOS Sierra kompatibilis eszk\u00f6z\u00f6k list\u00e1j\u00e1t<\/a><\/strong>, hogy a sz\u00e1m\u00edt\u00f3g\u00e9p\u00fck biztosan a leg\u00fajabb Mac OS rendszer szoftver verzi\u00f3val dolgozhasson.<\/p>\n<p>A mobileszk\u00f6z felhaszn\u00e1l\u00f3k sz\u00e1m\u00e1ra az\u00a0<strong><a href=\"https:\/\/www.doit.hu\/rendszergazda\/index.php\/informatika-hirek-felho-mobil-es-minden-mas\/324-szeptember-13-an-mutatkozik-be-az-ios-10\">iOS 10 szeptember 13-\u00e1t\u00f3l lesz ingyenesen let\u00f6lthet\u0151<\/a><\/strong>.<\/p>\n<p>&nbsp;<\/p>\n<p>Forr\u00e1s:\u00a0<a href=\"http:\/\/osxdaily.com\/2016\/09\/07\/macos-sierra-release-date-set-for-september-20\/?utm_source=feedburner&amp;utm_medium=email&amp;utm_campaign=Feed%3A+osxdaily+%28OS+X+Daily%29\">OS X Daily<\/a>.<\/p>\n<p>&nbsp;<\/p>\n<p style=\"text-align: center;\">Tov\u00e1bbi \u00e9rdekess\u00e9gek\u00e9rt keresse fel\u00a0<strong><a href=\"https:\/\/www.doit.hu\/rendszergazda\/index.php\/informatika-hirek-felho-mobil-es-minden-mas\">rendszergazda blogunkat<\/a><\/strong>!<\/p>\n","protected":false},"excerpt":{"rendered":"<p>Az Apple t\u00e1j\u00e9koztat\u00e1sa szerint a macOS Sierra-t (verzi\u00f3sz\u00e1m: Mac OS 10.12) szeptember 20-a keddt\u0151l minden kompatibilis Mac felhaszn\u00e1l\u00f3 vagy rendszergazda a Mac App Store-b\u00f3l ingyenesen let\u00f6ltheti \u00e9s telep\u00edtheti.<\/p>\n","protected":false},"author":7,"featured_media":815,"comment_status":"closed","ping_status":"closed","sticky":false,"template":"","format":"standard","meta":{"footnotes":""},"categories":[4],"tags":[95,674,675,657],"class_list":["post-814","post","type-post","status-publish","format-standard","has-post-thumbnail","hentry","category-informatika-hirek-felho-mobil-es-minden-mas","tag-app-store","tag-ingyenes-letoltes","tag-mac-os-rendszer-szoftver","tag-macos-sierra"],"yoast_head":"<!-- This site is optimized with the Yoast SEO plugin v27.4 - https:\/\/yoast.com\/product\/yoast-seo-wordpress\/ -->\n<title>Szeptember 20-\u00e1n \u00e9rkezik a macOS Sierra<\/title>\n<meta name=\"description\" content=\"Az Apple t\u00e1j\u00e9koztat\u00e1sa szerint a macOS Sierra-t (verzi\u00f3sz\u00e1m: Mac OS 10.12) szeptember 20-a keddt\u0151l minden kompatibilis Mac felhaszn\u00e1l\u00f3...\" \/>\n<meta name=\"robots\" content=\"index, follow, max-snippet:-1, max-image-preview:large, max-video-preview:-1\" \/>\n<link rel=\"canonical\" href=\"https:\/\/www.doit.hu\/rendszergazda\/informatika-hirek-felho-mobil-es-minden-mas\/325-szeptember-20-an-erkezik-a-macos-sierra\/\" \/>\n<meta property=\"og:locale\" content=\"hu_HU\" \/>\n<meta property=\"og:type\" content=\"article\" \/>\n<meta property=\"og:title\" content=\"Szeptember 20-\u00e1n \u00e9rkezik a macOS Sierra\" \/>\n<meta property=\"og:description\" content=\"Az Apple t\u00e1j\u00e9koztat\u00e1sa szerint a macOS Sierra-t (verzi\u00f3sz\u00e1m: Mac OS 10.12) szeptember 20-a keddt\u0151l minden kompatibilis Mac felhaszn\u00e1l\u00f3...\" \/>\n<meta property=\"og:url\" content=\"https:\/\/www.doit.hu\/rendszergazda\/informatika-hirek-felho-mobil-es-minden-mas\/325-szeptember-20-an-erkezik-a-macos-sierra\/\" \/>\n<meta property=\"og:site_name\" content=\"Rendszergazda szolg\u00e1ltat\u00e1s\" \/>\n<meta property=\"article:publisher\" content=\"https:\/\/www.facebook.com\/DoccaZrt\" \/>\n<meta property=\"article:published_time\" content=\"2019-04-15T12:52:28+00:00\" \/>\n<meta property=\"og:image\" content=\"https:\/\/www.doit.hu\/rendszergazda\/wp-content\/uploads\/2019\/04\/macos-sierra-screen-shots-1-610x328-1.jpg\" \/>\n\t<meta property=\"og:image:width\" content=\"610\" \/>\n\t<meta property=\"og:image:height\" content=\"328\" \/>\n\t<meta property=\"og:image:type\" content=\"image\/jpeg\" \/>\n<meta name=\"author\" content=\"Docca Zrt.\" \/>\n<meta name=\"twitter:card\" content=\"summary_large_image\" \/>\n<meta name=\"twitter:label1\" content=\"Szerz\u0151:\" \/>\n\t<meta name=\"twitter:data1\" content=\"Docca Zrt.\" \/>\n\t<meta name=\"twitter:label2\" content=\"Becs\u00fclt olvas\u00e1si id\u0151\" \/>\n\t<meta name=\"twitter:data2\" content=\"1 perc\" \/>\n<script type=\"application\/ld+json\" class=\"yoast-schema-graph\">{\"@context\":\"https:\\\/\\\/schema.org\",\"@graph\":[{\"@type\":\"Article\",\"@id\":\"https:\\\/\\\/www.doit.hu\\\/rendszergazda\\\/informatika-hirek-felho-mobil-es-minden-mas\\\/325-szeptember-20-an-erkezik-a-macos-sierra\\\/#article\",\"isPartOf\":{\"@id\":\"https:\\\/\\\/www.doit.hu\\\/rendszergazda\\\/informatika-hirek-felho-mobil-es-minden-mas\\\/325-szeptember-20-an-erkezik-a-macos-sierra\\\/\"},\"author\":{\"name\":\"Docca Zrt.\",\"@id\":\"https:\\\/\\\/www.doit.hu\\\/rendszergazda\\\/#\\\/schema\\\/person\\\/ac60b29300a3d65825707a7bcd47aa7f\"},\"headline\":\"Szeptember 20-\u00e1n \u00e9rkezik a macOS Sierra\",\"datePublished\":\"2019-04-15T12:52:28+00:00\",\"mainEntityOfPage\":{\"@id\":\"https:\\\/\\\/www.doit.hu\\\/rendszergazda\\\/informatika-hirek-felho-mobil-es-minden-mas\\\/325-szeptember-20-an-erkezik-a-macos-sierra\\\/\"},\"wordCount\":257,\"publisher\":{\"@id\":\"https:\\\/\\\/www.doit.hu\\\/rendszergazda\\\/#organization\"},\"image\":{\"@id\":\"https:\\\/\\\/www.doit.hu\\\/rendszergazda\\\/informatika-hirek-felho-mobil-es-minden-mas\\\/325-szeptember-20-an-erkezik-a-macos-sierra\\\/#primaryimage\"},\"thumbnailUrl\":\"https:\\\/\\\/www.doit.hu\\\/rendszergazda\\\/wp-content\\\/uploads\\\/2019\\\/04\\\/macos-sierra-screen-shots-1-610x328-1.jpg\",\"keywords\":[\"app store\",\"ingyenes let\u00f6lt\u00e9s\",\"Mac OS rendszer szoftver\",\"macOS Sierra\"],\"articleSection\":[\"Informatika h\u00edrek: felh\u0151, mobil \u00e9s minden m\u00e1s\"],\"inLanguage\":\"hu\"},{\"@type\":\"WebPage\",\"@id\":\"https:\\\/\\\/www.doit.hu\\\/rendszergazda\\\/informatika-hirek-felho-mobil-es-minden-mas\\\/325-szeptember-20-an-erkezik-a-macos-sierra\\\/\",\"url\":\"https:\\\/\\\/www.doit.hu\\\/rendszergazda\\\/informatika-hirek-felho-mobil-es-minden-mas\\\/325-szeptember-20-an-erkezik-a-macos-sierra\\\/\",\"name\":\"Szeptember 20-\u00e1n \u00e9rkezik a macOS Sierra\",\"isPartOf\":{\"@id\":\"https:\\\/\\\/www.doit.hu\\\/rendszergazda\\\/#website\"},\"primaryImageOfPage\":{\"@id\":\"https:\\\/\\\/www.doit.hu\\\/rendszergazda\\\/informatika-hirek-felho-mobil-es-minden-mas\\\/325-szeptember-20-an-erkezik-a-macos-sierra\\\/#primaryimage\"},\"image\":{\"@id\":\"https:\\\/\\\/www.doit.hu\\\/rendszergazda\\\/informatika-hirek-felho-mobil-es-minden-mas\\\/325-szeptember-20-an-erkezik-a-macos-sierra\\\/#primaryimage\"},\"thumbnailUrl\":\"https:\\\/\\\/www.doit.hu\\\/rendszergazda\\\/wp-content\\\/uploads\\\/2019\\\/04\\\/macos-sierra-screen-shots-1-610x328-1.jpg\",\"datePublished\":\"2019-04-15T12:52:28+00:00\",\"description\":\"Az Apple t\u00e1j\u00e9koztat\u00e1sa szerint a macOS Sierra-t (verzi\u00f3sz\u00e1m: Mac OS 10.12) szeptember 20-a keddt\u0151l minden kompatibilis Mac felhaszn\u00e1l\u00f3...\",\"breadcrumb\":{\"@id\":\"https:\\\/\\\/www.doit.hu\\\/rendszergazda\\\/informatika-hirek-felho-mobil-es-minden-mas\\\/325-szeptember-20-an-erkezik-a-macos-sierra\\\/#breadcrumb\"},\"inLanguage\":\"hu\",\"potentialAction\":[{\"@type\":\"ReadAction\",\"target\":[\"https:\\\/\\\/www.doit.hu\\\/rendszergazda\\\/informatika-hirek-felho-mobil-es-minden-mas\\\/325-szeptember-20-an-erkezik-a-macos-sierra\\\/\"]}]},{\"@type\":\"ImageObject\",\"inLanguage\":\"hu\",\"@id\":\"https:\\\/\\\/www.doit.hu\\\/rendszergazda\\\/informatika-hirek-felho-mobil-es-minden-mas\\\/325-szeptember-20-an-erkezik-a-macos-sierra\\\/#primaryimage\",\"url\":\"https:\\\/\\\/www.doit.hu\\\/rendszergazda\\\/wp-content\\\/uploads\\\/2019\\\/04\\\/macos-sierra-screen-shots-1-610x328-1.jpg\",\"contentUrl\":\"https:\\\/\\\/www.doit.hu\\\/rendszergazda\\\/wp-content\\\/uploads\\\/2019\\\/04\\\/macos-sierra-screen-shots-1-610x328-1.jpg\",\"width\":610,\"height\":328},{\"@type\":\"BreadcrumbList\",\"@id\":\"https:\\\/\\\/www.doit.hu\\\/rendszergazda\\\/informatika-hirek-felho-mobil-es-minden-mas\\\/325-szeptember-20-an-erkezik-a-macos-sierra\\\/#breadcrumb\",\"itemListElement\":[{\"@type\":\"ListItem\",\"position\":1,\"name\":\"Home\",\"item\":\"https:\\\/\\\/www.doit.hu\\\/rendszergazda\\\/fooldal-flexi\\\/\"},{\"@type\":\"ListItem\",\"position\":2,\"name\":\"Szeptember 20-\u00e1n \u00e9rkezik a macOS Sierra\"}]},{\"@type\":\"WebSite\",\"@id\":\"https:\\\/\\\/www.doit.hu\\\/rendszergazda\\\/#website\",\"url\":\"https:\\\/\\\/www.doit.hu\\\/rendszergazda\\\/\",\"name\":\"Rendszergazda szolg\u00e1ltat\u00e1s\",\"description\":\"\",\"publisher\":{\"@id\":\"https:\\\/\\\/www.doit.hu\\\/rendszergazda\\\/#organization\"},\"potentialAction\":[{\"@type\":\"SearchAction\",\"target\":{\"@type\":\"EntryPoint\",\"urlTemplate\":\"https:\\\/\\\/www.doit.hu\\\/rendszergazda\\\/?s={search_term_string}\"},\"query-input\":{\"@type\":\"PropertyValueSpecification\",\"valueRequired\":true,\"valueName\":\"search_term_string\"}}],\"inLanguage\":\"hu\"},{\"@type\":\"Organization\",\"@id\":\"https:\\\/\\\/www.doit.hu\\\/rendszergazda\\\/#organization\",\"name\":\"DOCCA Zrt.\",\"url\":\"https:\\\/\\\/www.doit.hu\\\/rendszergazda\\\/\",\"logo\":{\"@type\":\"ImageObject\",\"inLanguage\":\"hu\",\"@id\":\"https:\\\/\\\/www.doit.hu\\\/rendszergazda\\\/#\\\/schema\\\/logo\\\/image\\\/\",\"url\":\"https:\\\/\\\/www.doit.hu\\\/rendszergazda\\\/wp-content\\\/uploads\\\/2019\\\/04\\\/logo.png\",\"contentUrl\":\"https:\\\/\\\/www.doit.hu\\\/rendszergazda\\\/wp-content\\\/uploads\\\/2019\\\/04\\\/logo.png\",\"width\":263,\"height\":82,\"caption\":\"DOCCA Zrt.\"},\"image\":{\"@id\":\"https:\\\/\\\/www.doit.hu\\\/rendszergazda\\\/#\\\/schema\\\/logo\\\/image\\\/\"},\"sameAs\":[\"https:\\\/\\\/www.facebook.com\\\/DoccaZrt\"]},{\"@type\":\"Person\",\"@id\":\"https:\\\/\\\/www.doit.hu\\\/rendszergazda\\\/#\\\/schema\\\/person\\\/ac60b29300a3d65825707a7bcd47aa7f\",\"name\":\"Docca Zrt.\",\"image\":{\"@type\":\"ImageObject\",\"inLanguage\":\"hu\",\"@id\":\"https:\\\/\\\/secure.gravatar.com\\\/avatar\\\/7e3762308ab47147572d4e9f68e02b65139742dfdbb8f7a7314f3c5064a3dbe7?s=96&d=mm&r=g\",\"url\":\"https:\\\/\\\/secure.gravatar.com\\\/avatar\\\/7e3762308ab47147572d4e9f68e02b65139742dfdbb8f7a7314f3c5064a3dbe7?s=96&d=mm&r=g\",\"contentUrl\":\"https:\\\/\\\/secure.gravatar.com\\\/avatar\\\/7e3762308ab47147572d4e9f68e02b65139742dfdbb8f7a7314f3c5064a3dbe7?s=96&d=mm&r=g\",\"caption\":\"Docca Zrt.\"},\"url\":\"https:\\\/\\\/www.doit.hu\\\/rendszergazda\\\/author\\\/docca\\\/\"}]}<\/script>\n<!-- \/ Yoast SEO plugin. -->","yoast_head_json":{"title":"Szeptember 20-\u00e1n \u00e9rkezik a macOS Sierra","description":"Az Apple t\u00e1j\u00e9koztat\u00e1sa szerint a macOS Sierra-t (verzi\u00f3sz\u00e1m: Mac OS 10.12) szeptember 20-a keddt\u0151l minden kompatibilis Mac felhaszn\u00e1l\u00f3...","robots":{"index":"index","follow":"follow","max-snippet":"max-snippet:-1","max-image-preview":"max-image-preview:large","max-video-preview":"max-video-preview:-1"},"canonical":"https:\/\/www.doit.hu\/rendszergazda\/informatika-hirek-felho-mobil-es-minden-mas\/325-szeptember-20-an-erkezik-a-macos-sierra\/","og_locale":"hu_HU","og_type":"article","og_title":"Szeptember 20-\u00e1n \u00e9rkezik a macOS Sierra","og_description":"Az Apple t\u00e1j\u00e9koztat\u00e1sa szerint a macOS Sierra-t (verzi\u00f3sz\u00e1m: Mac OS 10.12) szeptember 20-a keddt\u0151l minden kompatibilis Mac felhaszn\u00e1l\u00f3...","og_url":"https:\/\/www.doit.hu\/rendszergazda\/informatika-hirek-felho-mobil-es-minden-mas\/325-szeptember-20-an-erkezik-a-macos-sierra\/","og_site_name":"Rendszergazda szolg\u00e1ltat\u00e1s","article_publisher":"https:\/\/www.facebook.com\/DoccaZrt","article_published_time":"2019-04-15T12:52:28+00:00","og_image":[{"width":610,"height":328,"url":"https:\/\/www.doit.hu\/rendszergazda\/wp-content\/uploads\/2019\/04\/macos-sierra-screen-shots-1-610x328-1.jpg","type":"image\/jpeg"}],"author":"Docca Zrt.","twitter_card":"summary_large_image","twitter_misc":{"Szerz\u0151:":"Docca Zrt.","Becs\u00fclt olvas\u00e1si id\u0151":"1 perc"},"schema":{"@context":"https:\/\/schema.org","@graph":[{"@type":"Article","@id":"https:\/\/www.doit.hu\/rendszergazda\/informatika-hirek-felho-mobil-es-minden-mas\/325-szeptember-20-an-erkezik-a-macos-sierra\/#article","isPartOf":{"@id":"https:\/\/www.doit.hu\/rendszergazda\/informatika-hirek-felho-mobil-es-minden-mas\/325-szeptember-20-an-erkezik-a-macos-sierra\/"},"author":{"name":"Docca Zrt.","@id":"https:\/\/www.doit.hu\/rendszergazda\/#\/schema\/person\/ac60b29300a3d65825707a7bcd47aa7f"},"headline":"Szeptember 20-\u00e1n \u00e9rkezik a macOS Sierra","datePublished":"2019-04-15T12:52:28+00:00","mainEntityOfPage":{"@id":"https:\/\/www.doit.hu\/rendszergazda\/informatika-hirek-felho-mobil-es-minden-mas\/325-szeptember-20-an-erkezik-a-macos-sierra\/"},"wordCount":257,"publisher":{"@id":"https:\/\/www.doit.hu\/rendszergazda\/#organization"},"image":{"@id":"https:\/\/www.doit.hu\/rendszergazda\/informatika-hirek-felho-mobil-es-minden-mas\/325-szeptember-20-an-erkezik-a-macos-sierra\/#primaryimage"},"thumbnailUrl":"https:\/\/www.doit.hu\/rendszergazda\/wp-content\/uploads\/2019\/04\/macos-sierra-screen-shots-1-610x328-1.jpg","keywords":["app store","ingyenes let\u00f6lt\u00e9s","Mac OS rendszer szoftver","macOS Sierra"],"articleSection":["Informatika h\u00edrek: felh\u0151, mobil \u00e9s minden m\u00e1s"],"inLanguage":"hu"},{"@type":"WebPage","@id":"https:\/\/www.doit.hu\/rendszergazda\/informatika-hirek-felho-mobil-es-minden-mas\/325-szeptember-20-an-erkezik-a-macos-sierra\/","url":"https:\/\/www.doit.hu\/rendszergazda\/informatika-hirek-felho-mobil-es-minden-mas\/325-szeptember-20-an-erkezik-a-macos-sierra\/","name":"Szeptember 20-\u00e1n \u00e9rkezik a macOS Sierra","isPartOf":{"@id":"https:\/\/www.doit.hu\/rendszergazda\/#website"},"primaryImageOfPage":{"@id":"https:\/\/www.doit.hu\/rendszergazda\/informatika-hirek-felho-mobil-es-minden-mas\/325-szeptember-20-an-erkezik-a-macos-sierra\/#primaryimage"},"image":{"@id":"https:\/\/www.doit.hu\/rendszergazda\/informatika-hirek-felho-mobil-es-minden-mas\/325-szeptember-20-an-erkezik-a-macos-sierra\/#primaryimage"},"thumbnailUrl":"https:\/\/www.doit.hu\/rendszergazda\/wp-content\/uploads\/2019\/04\/macos-sierra-screen-shots-1-610x328-1.jpg","datePublished":"2019-04-15T12:52:28+00:00","description":"Az Apple t\u00e1j\u00e9koztat\u00e1sa szerint a macOS Sierra-t (verzi\u00f3sz\u00e1m: Mac OS 10.12) szeptember 20-a keddt\u0151l minden kompatibilis Mac felhaszn\u00e1l\u00f3...","breadcrumb":{"@id":"https:\/\/www.doit.hu\/rendszergazda\/informatika-hirek-felho-mobil-es-minden-mas\/325-szeptember-20-an-erkezik-a-macos-sierra\/#breadcrumb"},"inLanguage":"hu","potentialAction":[{"@type":"ReadAction","target":["https:\/\/www.doit.hu\/rendszergazda\/informatika-hirek-felho-mobil-es-minden-mas\/325-szeptember-20-an-erkezik-a-macos-sierra\/"]}]},{"@type":"ImageObject","inLanguage":"hu","@id":"https:\/\/www.doit.hu\/rendszergazda\/informatika-hirek-felho-mobil-es-minden-mas\/325-szeptember-20-an-erkezik-a-macos-sierra\/#primaryimage","url":"https:\/\/www.doit.hu\/rendszergazda\/wp-content\/uploads\/2019\/04\/macos-sierra-screen-shots-1-610x328-1.jpg","contentUrl":"https:\/\/www.doit.hu\/rendszergazda\/wp-content\/uploads\/2019\/04\/macos-sierra-screen-shots-1-610x328-1.jpg","width":610,"height":328},{"@type":"BreadcrumbList","@id":"https:\/\/www.doit.hu\/rendszergazda\/informatika-hirek-felho-mobil-es-minden-mas\/325-szeptember-20-an-erkezik-a-macos-sierra\/#breadcrumb","itemListElement":[{"@type":"ListItem","position":1,"name":"Home","item":"https:\/\/www.doit.hu\/rendszergazda\/fooldal-flexi\/"},{"@type":"ListItem","position":2,"name":"Szeptember 20-\u00e1n \u00e9rkezik a macOS Sierra"}]},{"@type":"WebSite","@id":"https:\/\/www.doit.hu\/rendszergazda\/#website","url":"https:\/\/www.doit.hu\/rendszergazda\/","name":"Rendszergazda szolg\u00e1ltat\u00e1s","description":"","publisher":{"@id":"https:\/\/www.doit.hu\/rendszergazda\/#organization"},"potentialAction":[{"@type":"SearchAction","target":{"@type":"EntryPoint","urlTemplate":"https:\/\/www.doit.hu\/rendszergazda\/?s={search_term_string}"},"query-input":{"@type":"PropertyValueSpecification","valueRequired":true,"valueName":"search_term_string"}}],"inLanguage":"hu"},{"@type":"Organization","@id":"https:\/\/www.doit.hu\/rendszergazda\/#organization","name":"DOCCA Zrt.","url":"https:\/\/www.doit.hu\/rendszergazda\/","logo":{"@type":"ImageObject","inLanguage":"hu","@id":"https:\/\/www.doit.hu\/rendszergazda\/#\/schema\/logo\/image\/","url":"https:\/\/www.doit.hu\/rendszergazda\/wp-content\/uploads\/2019\/04\/logo.png","contentUrl":"https:\/\/www.doit.hu\/rendszergazda\/wp-content\/uploads\/2019\/04\/logo.png","width":263,"height":82,"caption":"DOCCA Zrt."},"image":{"@id":"https:\/\/www.doit.hu\/rendszergazda\/#\/schema\/logo\/image\/"},"sameAs":["https:\/\/www.facebook.com\/DoccaZrt"]},{"@type":"Person","@id":"https:\/\/www.doit.hu\/rendszergazda\/#\/schema\/person\/ac60b29300a3d65825707a7bcd47aa7f","name":"Docca Zrt.","image":{"@type":"ImageObject","inLanguage":"hu","@id":"https:\/\/secure.gravatar.com\/avatar\/7e3762308ab47147572d4e9f68e02b65139742dfdbb8f7a7314f3c5064a3dbe7?s=96&d=mm&r=g","url":"https:\/\/secure.gravatar.com\/avatar\/7e3762308ab47147572d4e9f68e02b65139742dfdbb8f7a7314f3c5064a3dbe7?s=96&d=mm&r=g","contentUrl":"https:\/\/secure.gravatar.com\/avatar\/7e3762308ab47147572d4e9f68e02b65139742dfdbb8f7a7314f3c5064a3dbe7?s=96&d=mm&r=g","caption":"Docca Zrt."},"url":"https:\/\/www.doit.hu\/rendszergazda\/author\/docca\/"}]}},"_links":{"self":[{"href":"https:\/\/www.doit.hu\/rendszergazda\/wp-json\/wp\/v2\/posts\/814","targetHints":{"allow":["GET"]}}],"collection":[{"href":"https:\/\/www.doit.hu\/rendszergazda\/wp-json\/wp\/v2\/posts"}],"about":[{"href":"https:\/\/www.doit.hu\/rendszergazda\/wp-json\/wp\/v2\/types\/post"}],"author":[{"embeddable":true,"href":"https:\/\/www.doit.hu\/rendszergazda\/wp-json\/wp\/v2\/users\/7"}],"replies":[{"embeddable":true,"href":"https:\/\/www.doit.hu\/rendszergazda\/wp-json\/wp\/v2\/comments?post=814"}],"version-history":[{"count":1,"href":"https:\/\/www.doit.hu\/rendszergazda\/wp-json\/wp\/v2\/posts\/814\/revisions"}],"predecessor-version":[{"id":816,"href":"https:\/\/www.doit.hu\/rendszergazda\/wp-json\/wp\/v2\/posts\/814\/revisions\/816"}],"wp:featuredmedia":[{"embeddable":true,"href":"https:\/\/www.doit.hu\/rendszergazda\/wp-json\/wp\/v2\/media\/815"}],"wp:attachment":[{"href":"https:\/\/www.doit.hu\/rendszergazda\/wp-json\/wp\/v2\/media?parent=814"}],"wp:term":[{"taxonomy":"category","embeddable":true,"href":"https:\/\/www.doit.hu\/rendszergazda\/wp-json\/wp\/v2\/categories?post=814"},{"taxonomy":"post_tag","embeddable":true,"href":"https:\/\/www.doit.hu\/rendszergazda\/wp-json\/wp\/v2\/tags?post=814"}],"curies":[{"name":"wp","href":"https:\/\/api.w.org\/{rel}","templated":true}]}}