{"id":801,"date":"2019-04-15T12:29:42","date_gmt":"2019-04-15T12:29:42","guid":{"rendered":"http:\/\/www.doit.hu\/rendszergazda\/?p=801"},"modified":"2019-04-15T12:29:42","modified_gmt":"2019-04-15T12:29:42","slug":"333-kevesebb-mint-3-hetig-lehet-meg-windows-7-es-pc-t-venni","status":"publish","type":"post","link":"https:\/\/www.doit.hu\/rendszergazda\/informatika-hirek-felho-mobil-es-minden-mas\/333-kevesebb-mint-3-hetig-lehet-meg-windows-7-es-pc-t-venni\/","title":{"rendered":"Kevesebb mint 3 h\u00e9tig lehet m\u00e9g Windows 7-es PC-t venni"},"content":{"rendered":"<p><strong>Id\u00e9n halottak napj\u00e1n gy\u00fajthatunk egy m\u00e9csest a Windows 7 s\u00edrj\u00e1n\u00e1l, \u00e9s ha m\u00e1r ott vagyunk, vigy\u00fcnk a Windows 8.1-hez is.<\/strong><\/p>\n<p><!--more--><\/p>\n<p>November 1. ut\u00e1n ugyanis m\u00e1r kev\u00e9sb\u00e9 lesznek el\u00e9rhet\u0151ek \u00faj g\u00e9pekben, okt\u00f3ber 31-\u00e9n a Microsoft hivatalosan halottnak nyilv\u00e1n\u00edtja \u0151ket, legal\u00e1bbis a legnagyobb\u00a0<strong><a href=\"https:\/\/hu.wikipedia.org\/wiki\/Original_Equipment_Manufacturer\">OEM<\/a><\/strong>\u00a0gy\u00e1rt\u00f3kn\u00e1l (pl. Dell, HP, Lenovo) \u2013 akik m\u00e1r csak Windows 10-es PC-ket \u00e9p\u00edthetnek \u00e9s \u00e9rt\u00e9kes\u00edthetnek.<\/p>\n<p>A kellet\u00e9n\u00e9l m\u00e1r \u00edgy is k\u00e9t \u00e9vvel tov\u00e1bb tartott\u00e1k \u00e9letben ezt a k\u00e9t r\u00e9gi verzi\u00f3t, de mostm\u00e1r hamarosan \u00fct az utols\u00f3 \u00f3r\u00e1juk.<\/p>\n<p>Term\u00e9szetesen az \u00e9rt\u00e9kes\u00edt\u00e9si \u00e9letciklus v\u00e9ge nem jelenti azt, hogy v\u00e9gleg kilehelik a lelk\u00fcket. M\u00e1s a t\u00e1mogat\u00e1si \u00e9s m\u00e1s az \u00e9rt\u00e9kes\u00edt\u00e9si \u00e9letciklus.<\/p>\n<p>A felhaszn\u00e1l\u00f3k vagy rendszergazd\u00e1k a Windows 7-hez 2020. janu\u00e1r 14-ig t\u00f6lthetnek le biztons\u00e1gi jav\u00edt\u00e1sokat a Windows Update-en kereszt\u00fcl, a Windows 8.1 pedig 2023. janu\u00e1r 10-ig marad t\u00e1mogatott.<\/p>\n<p>Tov\u00e1bb\u00e1 att\u00f3l m\u00e9g, hogy a nagy OEM gy\u00e1rt\u00f3k nem telep\u00edtik m\u00e1r \u00faj g\u00e9pekre a kis- \u00e9s nagykereskedelmi \u00e9rt\u00e9kes\u00edt\u00e9sben, az egy\u00e9ni \u00e9s \u00fczleti felhaszn\u00e1l\u00f3k vagy rendszergazd\u00e1k sz\u00e1m\u00e1ra m\u00e9g van m\u00f3d arra, hogy a r\u00e9gi verzi\u00f3t haszn\u00e1lj\u00e1k:<\/p>\n<p>&nbsp;<\/p>\n<p>&#8211;\u00a0<strong>Rakt\u00e1ron maradt<\/strong>, el\u0151z\u0151leg ezekkel a verzi\u00f3kkal k\u00e9sz\u00fclt sz\u00e1m\u00edt\u00f3g\u00e9pek tov\u00e1bbra is \u00e9rt\u00e9kes\u00edthet\u0151ek, \u00edgy m\u00e9g h\u00f3napokig megtal\u00e1lhat\u00f3k lehetnek a polcokon.<br \/>\n&#8211;\u00a0<strong>\u00dan. downgrade (visszal\u00e9p\u00e9si) jog<\/strong>\u00a0\u00e1ll fenn b\u00e1rmely gy\u00e1rilag Windows 10 Pro-val el\u0151telep\u00edtett sz\u00e1m\u00edt\u00f3g\u00e9p eset\u00e9n: am\u00edg a Microsoft t\u00e1mogatja a Windows 8.1 Pro vagy a Windows 7 Professional verzi\u00f3kat, a felhaszn\u00e1l\u00f3 vagy rendszergazda vissza\u00e1ll\u00edthatja ezekre a g\u00e9pet. Saj\u00e1t, eredeti telep\u00edt\u0151k\u00e9szlet \u00e9s term\u00e9kkulcs sz\u00fcks\u00e9ges hozz\u00e1 \u00e9s manu\u00e1lisan kell\u00a0<strong><a href=\"http:\/\/answers.microsoft.com\/hu-hu\/windows\/forum\/windows8_1-windows_install\/downgrade-windows-8-vagy-windows-81\/1a23ade6-1257-46fa-9d09-769819e7422f?auth=1\">aktiv\u00e1lni<\/a><\/strong>.<br \/>\n&#8211;\u00a0<strong>Egy\u00e9ni image f\u00e1jlok<\/strong>: \u00fczleti \u00fcgyfelek image f\u00e1jlokat is mag\u00e1ban foglal\u00f3 mennyis\u00e9gi Windows licensz eset\u00e9n b\u00e1rmely tetsz\u0151leges Windows verzi\u00f3 image f\u00e1jljait haszn\u00e1lhatj\u00e1k. Nagy \u00fcgyfeleknek az OEM gy\u00e1rt\u00f3 seg\u00edthet a telep\u00edt\u00e9sben.<br \/>\n&#8211;\u00a0<strong>Korl\u00e1tos, rendszer\u00e9p\u00edt\u0151knek sz\u00e1nt OEM v\u00e1ltozatok<\/strong>: rendszer\u00e9p\u00edt\u0151k tov\u00e1bbra is \u00e9p\u00edthetnek \u00e9s \u00e9rt\u00e9kes\u00edthetnek \u00faj g\u00e9peket ezekkel a csomagokkal. A Microsoft nem l\u00e1tja el \u0151ket \u00fajakkal, de a tapasztalat azt mutatja, hogy m\u00e9g \u00e9vekig b\u0151ven marad k\u00e9szlet.<br \/>\n&#8211;\u00a0<strong>Felhaszn\u00e1l\u00f3i friss\u00edt\u00e9s<\/strong>: ha minden k\u00f6t\u00e9l szakad, a felhaszn\u00e1l\u00f3 vagy rendszergazda megoldhatja mag\u00e1nak. A Microsoft m\u00e1r ugyan nem gy\u00e1rt kiskereskedelmi c\u00e9lra r\u00e9gebbi Windows verzi\u00f3kat, de itt is lesz b\u0151ven megl\u00e9v\u0151 k\u00e9szlet, \u00edgy a felhaszn\u00e1l\u00f3 vagy rendszergazda saj\u00e1t maga is friss\u00edthet.<\/p>\n<p>&nbsp;<\/p>\n<p>Persze az egyre \u00f6reged\u0151 Windows 7 futtat\u00e1sa vesz\u00e9lyeket \u00e9s csapd\u00e1kat is rejt, k\u00fcl\u00f6n\u00f6sen \u00fajabb fajta hardver eset\u00e9n. A sz\u00e1m\u00edt\u00f3g\u00e9pgy\u00e1rt\u00f3k nem kapnak gazdas\u00e1gi \u00f6szt\u00f6nz\u00e9st arra, hogy r\u00e9gebbi Windows verzi\u00f3khoz meghajt\u00f3kat \u00e9s t\u00e1mogat\u00f3 eszk\u00f6z\u00f6ket fejlesszenek. A visszal\u00e9p\u00e9s t\u00f6bbnyire m\u0171k\u00f6dik, de egyes komponensekkel lehetnek gondok.<br \/>\nAz Intel\u00a0<strong><a href=\"https:\/\/www.doit.hu\/rendszergazda\/index.php\/hardver-hirek\/326-jon-az-intel-7-generacios-processzora-a-nagykozonseg-szamara-4k-uhd-felbontassal\">Kaby Lake<\/a><\/strong>\u00a0processzorait haszn\u00e1l\u00f3 \u00faj rendszerek, amelyek Windows 10 el\u0151tti verzi\u00f3kat haszn\u00e1lnak, egy\u00e1ltal\u00e1n nem lesznek t\u00e1mogatottak. Ett\u0151l f\u00fcggetlen\u00fcl a felhaszn\u00e1l\u00f3 vagy rendszergazda megpr\u00f3b\u00e1lhatja telep\u00edteni a Windows 7-et egy ilyen \u00faj eszk\u00f6z\u00f6n, de ne v\u00e1rjon semmif\u00e9le t\u00e1mogat\u00e1st a gy\u00e1rt\u00f3t\u00f3l vagy a Microsoft-t\u00f3l, ha probl\u00e9m\u00e1kba \u00fctk\u00f6zik, ami pedig elker\u00fclhetetlen.<\/p>\n<p>&nbsp;<\/p>\n<p>Forr\u00e1s:\u00a0<a href=\"http:\/\/www.zdnet.com\/article\/you-have-one-month-left-to-buy-a-windows-7-pc\/?ftag=TREc64629f&amp;bhid=25388616453624388980928144427822\">ZDNet<\/a>.<\/p>\n<p>&nbsp;<\/p>\n<p style=\"text-align: center;\">Tov\u00e1bbi \u00e9rdekess\u00e9gek\u00e9rt keresse fel\u00a0<strong><a href=\"https:\/\/www.doit.hu\/rendszergazda\/index.php\/informatika-hirek-felho-mobil-es-minden-mas\">rendszergazda blogunkat<\/a><\/strong>!<\/p>\n","protected":false},"excerpt":{"rendered":"<p>Id\u00e9n halottak napj\u00e1n gy\u00fajthatunk egy m\u00e9csest a Windows 7 s\u00edrj\u00e1n\u00e1l, \u00e9s ha m\u00e1r ott vagyunk, vigy\u00fcnk a Windows 8.1-hez is.<\/p>\n","protected":false},"author":7,"featured_media":0,"comment_status":"closed","ping_status":"closed","sticky":false,"template":"","format":"standard","meta":{"footnotes":""},"categories":[4],"tags":[666,667,7,282,433],"class_list":["post-801","post","type-post","status-publish","format-standard","hentry","category-informatika-hirek-felho-mobil-es-minden-mas","tag-regi-verzio","tag-upgrade","tag-windows-10","tag-windows-7","tag-windows-8-1"],"yoast_head":"<!-- This site is optimized with the Yoast SEO plugin v27.4 - https:\/\/yoast.com\/product\/yoast-seo-wordpress\/ -->\n<title>Kevesebb mint 3 h\u00e9tig lehet m\u00e9g Windows 7-es PC-t venni<\/title>\n<meta name=\"description\" content=\"Id\u00e9n halottak napj\u00e1n gy\u00fajthatunk egy m\u00e9csest a Windows 7 s\u00edrj\u00e1n\u00e1l, \u00e9s ha m\u00e1r ott vagyunk, vigy\u00fcnk a Windows 8.1-hez is.\" \/>\n<meta name=\"robots\" content=\"index, follow, max-snippet:-1, max-image-preview:large, max-video-preview:-1\" \/>\n<link rel=\"canonical\" href=\"https:\/\/www.doit.hu\/rendszergazda\/informatika-hirek-felho-mobil-es-minden-mas\/333-kevesebb-mint-3-hetig-lehet-meg-windows-7-es-pc-t-venni\/\" \/>\n<meta property=\"og:locale\" content=\"hu_HU\" \/>\n<meta property=\"og:type\" content=\"article\" \/>\n<meta property=\"og:title\" content=\"Kevesebb mint 3 h\u00e9tig lehet m\u00e9g Windows 7-es PC-t venni\" \/>\n<meta property=\"og:description\" content=\"Id\u00e9n halottak napj\u00e1n gy\u00fajthatunk egy m\u00e9csest a Windows 7 s\u00edrj\u00e1n\u00e1l, \u00e9s ha m\u00e1r ott vagyunk, vigy\u00fcnk a Windows 8.1-hez is.\" \/>\n<meta property=\"og:url\" content=\"https:\/\/www.doit.hu\/rendszergazda\/informatika-hirek-felho-mobil-es-minden-mas\/333-kevesebb-mint-3-hetig-lehet-meg-windows-7-es-pc-t-venni\/\" \/>\n<meta property=\"og:site_name\" content=\"Rendszergazda szolg\u00e1ltat\u00e1s\" \/>\n<meta property=\"article:publisher\" content=\"https:\/\/www.facebook.com\/DoccaZrt\" \/>\n<meta property=\"article:published_time\" content=\"2019-04-15T12:29:42+00:00\" \/>\n<meta name=\"author\" content=\"Docca Zrt.\" \/>\n<meta name=\"twitter:card\" content=\"summary_large_image\" \/>\n<meta name=\"twitter:label1\" content=\"Szerz\u0151:\" \/>\n\t<meta name=\"twitter:data1\" content=\"Docca Zrt.\" \/>\n\t<meta name=\"twitter:label2\" content=\"Becs\u00fclt olvas\u00e1si id\u0151\" \/>\n\t<meta name=\"twitter:data2\" content=\"3 perc\" \/>\n<script type=\"application\/ld+json\" class=\"yoast-schema-graph\">{\"@context\":\"https:\\\/\\\/schema.org\",\"@graph\":[{\"@type\":\"Article\",\"@id\":\"https:\\\/\\\/www.doit.hu\\\/rendszergazda\\\/informatika-hirek-felho-mobil-es-minden-mas\\\/333-kevesebb-mint-3-hetig-lehet-meg-windows-7-es-pc-t-venni\\\/#article\",\"isPartOf\":{\"@id\":\"https:\\\/\\\/www.doit.hu\\\/rendszergazda\\\/informatika-hirek-felho-mobil-es-minden-mas\\\/333-kevesebb-mint-3-hetig-lehet-meg-windows-7-es-pc-t-venni\\\/\"},\"author\":{\"name\":\"Docca Zrt.\",\"@id\":\"https:\\\/\\\/www.doit.hu\\\/rendszergazda\\\/#\\\/schema\\\/person\\\/ac60b29300a3d65825707a7bcd47aa7f\"},\"headline\":\"Kevesebb mint 3 h\u00e9tig lehet m\u00e9g Windows 7-es PC-t venni\",\"datePublished\":\"2019-04-15T12:29:42+00:00\",\"mainEntityOfPage\":{\"@id\":\"https:\\\/\\\/www.doit.hu\\\/rendszergazda\\\/informatika-hirek-felho-mobil-es-minden-mas\\\/333-kevesebb-mint-3-hetig-lehet-meg-windows-7-es-pc-t-venni\\\/\"},\"wordCount\":679,\"publisher\":{\"@id\":\"https:\\\/\\\/www.doit.hu\\\/rendszergazda\\\/#organization\"},\"keywords\":[\"r\u00e9gi verzi\u00f3\",\"upgrade\",\"Windows 10\",\"windows 7\",\"windows 8.1\"],\"articleSection\":[\"Informatika h\u00edrek: felh\u0151, mobil \u00e9s minden m\u00e1s\"],\"inLanguage\":\"hu\"},{\"@type\":\"WebPage\",\"@id\":\"https:\\\/\\\/www.doit.hu\\\/rendszergazda\\\/informatika-hirek-felho-mobil-es-minden-mas\\\/333-kevesebb-mint-3-hetig-lehet-meg-windows-7-es-pc-t-venni\\\/\",\"url\":\"https:\\\/\\\/www.doit.hu\\\/rendszergazda\\\/informatika-hirek-felho-mobil-es-minden-mas\\\/333-kevesebb-mint-3-hetig-lehet-meg-windows-7-es-pc-t-venni\\\/\",\"name\":\"Kevesebb mint 3 h\u00e9tig lehet m\u00e9g Windows 7-es PC-t venni\",\"isPartOf\":{\"@id\":\"https:\\\/\\\/www.doit.hu\\\/rendszergazda\\\/#website\"},\"datePublished\":\"2019-04-15T12:29:42+00:00\",\"description\":\"Id\u00e9n halottak napj\u00e1n gy\u00fajthatunk egy m\u00e9csest a Windows 7 s\u00edrj\u00e1n\u00e1l, \u00e9s ha m\u00e1r ott vagyunk, vigy\u00fcnk a Windows 8.1-hez is.\",\"breadcrumb\":{\"@id\":\"https:\\\/\\\/www.doit.hu\\\/rendszergazda\\\/informatika-hirek-felho-mobil-es-minden-mas\\\/333-kevesebb-mint-3-hetig-lehet-meg-windows-7-es-pc-t-venni\\\/#breadcrumb\"},\"inLanguage\":\"hu\",\"potentialAction\":[{\"@type\":\"ReadAction\",\"target\":[\"https:\\\/\\\/www.doit.hu\\\/rendszergazda\\\/informatika-hirek-felho-mobil-es-minden-mas\\\/333-kevesebb-mint-3-hetig-lehet-meg-windows-7-es-pc-t-venni\\\/\"]}]},{\"@type\":\"BreadcrumbList\",\"@id\":\"https:\\\/\\\/www.doit.hu\\\/rendszergazda\\\/informatika-hirek-felho-mobil-es-minden-mas\\\/333-kevesebb-mint-3-hetig-lehet-meg-windows-7-es-pc-t-venni\\\/#breadcrumb\",\"itemListElement\":[{\"@type\":\"ListItem\",\"position\":1,\"name\":\"Home\",\"item\":\"https:\\\/\\\/www.doit.hu\\\/rendszergazda\\\/fooldal-flexi\\\/\"},{\"@type\":\"ListItem\",\"position\":2,\"name\":\"Kevesebb mint 3 h\u00e9tig lehet m\u00e9g Windows 7-es PC-t venni\"}]},{\"@type\":\"WebSite\",\"@id\":\"https:\\\/\\\/www.doit.hu\\\/rendszergazda\\\/#website\",\"url\":\"https:\\\/\\\/www.doit.hu\\\/rendszergazda\\\/\",\"name\":\"Rendszergazda szolg\u00e1ltat\u00e1s\",\"description\":\"\",\"publisher\":{\"@id\":\"https:\\\/\\\/www.doit.hu\\\/rendszergazda\\\/#organization\"},\"potentialAction\":[{\"@type\":\"SearchAction\",\"target\":{\"@type\":\"EntryPoint\",\"urlTemplate\":\"https:\\\/\\\/www.doit.hu\\\/rendszergazda\\\/?s={search_term_string}\"},\"query-input\":{\"@type\":\"PropertyValueSpecification\",\"valueRequired\":true,\"valueName\":\"search_term_string\"}}],\"inLanguage\":\"hu\"},{\"@type\":\"Organization\",\"@id\":\"https:\\\/\\\/www.doit.hu\\\/rendszergazda\\\/#organization\",\"name\":\"DOCCA Zrt.\",\"url\":\"https:\\\/\\\/www.doit.hu\\\/rendszergazda\\\/\",\"logo\":{\"@type\":\"ImageObject\",\"inLanguage\":\"hu\",\"@id\":\"https:\\\/\\\/www.doit.hu\\\/rendszergazda\\\/#\\\/schema\\\/logo\\\/image\\\/\",\"url\":\"https:\\\/\\\/www.doit.hu\\\/rendszergazda\\\/wp-content\\\/uploads\\\/2019\\\/04\\\/logo.png\",\"contentUrl\":\"https:\\\/\\\/www.doit.hu\\\/rendszergazda\\\/wp-content\\\/uploads\\\/2019\\\/04\\\/logo.png\",\"width\":263,\"height\":82,\"caption\":\"DOCCA Zrt.\"},\"image\":{\"@id\":\"https:\\\/\\\/www.doit.hu\\\/rendszergazda\\\/#\\\/schema\\\/logo\\\/image\\\/\"},\"sameAs\":[\"https:\\\/\\\/www.facebook.com\\\/DoccaZrt\"]},{\"@type\":\"Person\",\"@id\":\"https:\\\/\\\/www.doit.hu\\\/rendszergazda\\\/#\\\/schema\\\/person\\\/ac60b29300a3d65825707a7bcd47aa7f\",\"name\":\"Docca Zrt.\",\"image\":{\"@type\":\"ImageObject\",\"inLanguage\":\"hu\",\"@id\":\"https:\\\/\\\/secure.gravatar.com\\\/avatar\\\/7e3762308ab47147572d4e9f68e02b65139742dfdbb8f7a7314f3c5064a3dbe7?s=96&d=mm&r=g\",\"url\":\"https:\\\/\\\/secure.gravatar.com\\\/avatar\\\/7e3762308ab47147572d4e9f68e02b65139742dfdbb8f7a7314f3c5064a3dbe7?s=96&d=mm&r=g\",\"contentUrl\":\"https:\\\/\\\/secure.gravatar.com\\\/avatar\\\/7e3762308ab47147572d4e9f68e02b65139742dfdbb8f7a7314f3c5064a3dbe7?s=96&d=mm&r=g\",\"caption\":\"Docca Zrt.\"},\"url\":\"https:\\\/\\\/www.doit.hu\\\/rendszergazda\\\/author\\\/docca\\\/\"}]}<\/script>\n<!-- \/ Yoast SEO plugin. -->","yoast_head_json":{"title":"Kevesebb mint 3 h\u00e9tig lehet m\u00e9g Windows 7-es PC-t venni","description":"Id\u00e9n halottak napj\u00e1n gy\u00fajthatunk egy m\u00e9csest a Windows 7 s\u00edrj\u00e1n\u00e1l, \u00e9s ha m\u00e1r ott vagyunk, vigy\u00fcnk a Windows 8.1-hez is.","robots":{"index":"index","follow":"follow","max-snippet":"max-snippet:-1","max-image-preview":"max-image-preview:large","max-video-preview":"max-video-preview:-1"},"canonical":"https:\/\/www.doit.hu\/rendszergazda\/informatika-hirek-felho-mobil-es-minden-mas\/333-kevesebb-mint-3-hetig-lehet-meg-windows-7-es-pc-t-venni\/","og_locale":"hu_HU","og_type":"article","og_title":"Kevesebb mint 3 h\u00e9tig lehet m\u00e9g Windows 7-es PC-t venni","og_description":"Id\u00e9n halottak napj\u00e1n gy\u00fajthatunk egy m\u00e9csest a Windows 7 s\u00edrj\u00e1n\u00e1l, \u00e9s ha m\u00e1r ott vagyunk, vigy\u00fcnk a Windows 8.1-hez is.","og_url":"https:\/\/www.doit.hu\/rendszergazda\/informatika-hirek-felho-mobil-es-minden-mas\/333-kevesebb-mint-3-hetig-lehet-meg-windows-7-es-pc-t-venni\/","og_site_name":"Rendszergazda szolg\u00e1ltat\u00e1s","article_publisher":"https:\/\/www.facebook.com\/DoccaZrt","article_published_time":"2019-04-15T12:29:42+00:00","author":"Docca Zrt.","twitter_card":"summary_large_image","twitter_misc":{"Szerz\u0151:":"Docca Zrt.","Becs\u00fclt olvas\u00e1si id\u0151":"3 perc"},"schema":{"@context":"https:\/\/schema.org","@graph":[{"@type":"Article","@id":"https:\/\/www.doit.hu\/rendszergazda\/informatika-hirek-felho-mobil-es-minden-mas\/333-kevesebb-mint-3-hetig-lehet-meg-windows-7-es-pc-t-venni\/#article","isPartOf":{"@id":"https:\/\/www.doit.hu\/rendszergazda\/informatika-hirek-felho-mobil-es-minden-mas\/333-kevesebb-mint-3-hetig-lehet-meg-windows-7-es-pc-t-venni\/"},"author":{"name":"Docca Zrt.","@id":"https:\/\/www.doit.hu\/rendszergazda\/#\/schema\/person\/ac60b29300a3d65825707a7bcd47aa7f"},"headline":"Kevesebb mint 3 h\u00e9tig lehet m\u00e9g Windows 7-es PC-t venni","datePublished":"2019-04-15T12:29:42+00:00","mainEntityOfPage":{"@id":"https:\/\/www.doit.hu\/rendszergazda\/informatika-hirek-felho-mobil-es-minden-mas\/333-kevesebb-mint-3-hetig-lehet-meg-windows-7-es-pc-t-venni\/"},"wordCount":679,"publisher":{"@id":"https:\/\/www.doit.hu\/rendszergazda\/#organization"},"keywords":["r\u00e9gi verzi\u00f3","upgrade","Windows 10","windows 7","windows 8.1"],"articleSection":["Informatika h\u00edrek: felh\u0151, mobil \u00e9s minden m\u00e1s"],"inLanguage":"hu"},{"@type":"WebPage","@id":"https:\/\/www.doit.hu\/rendszergazda\/informatika-hirek-felho-mobil-es-minden-mas\/333-kevesebb-mint-3-hetig-lehet-meg-windows-7-es-pc-t-venni\/","url":"https:\/\/www.doit.hu\/rendszergazda\/informatika-hirek-felho-mobil-es-minden-mas\/333-kevesebb-mint-3-hetig-lehet-meg-windows-7-es-pc-t-venni\/","name":"Kevesebb mint 3 h\u00e9tig lehet m\u00e9g Windows 7-es PC-t venni","isPartOf":{"@id":"https:\/\/www.doit.hu\/rendszergazda\/#website"},"datePublished":"2019-04-15T12:29:42+00:00","description":"Id\u00e9n halottak napj\u00e1n gy\u00fajthatunk egy m\u00e9csest a Windows 7 s\u00edrj\u00e1n\u00e1l, \u00e9s ha m\u00e1r ott vagyunk, vigy\u00fcnk a Windows 8.1-hez is.","breadcrumb":{"@id":"https:\/\/www.doit.hu\/rendszergazda\/informatika-hirek-felho-mobil-es-minden-mas\/333-kevesebb-mint-3-hetig-lehet-meg-windows-7-es-pc-t-venni\/#breadcrumb"},"inLanguage":"hu","potentialAction":[{"@type":"ReadAction","target":["https:\/\/www.doit.hu\/rendszergazda\/informatika-hirek-felho-mobil-es-minden-mas\/333-kevesebb-mint-3-hetig-lehet-meg-windows-7-es-pc-t-venni\/"]}]},{"@type":"BreadcrumbList","@id":"https:\/\/www.doit.hu\/rendszergazda\/informatika-hirek-felho-mobil-es-minden-mas\/333-kevesebb-mint-3-hetig-lehet-meg-windows-7-es-pc-t-venni\/#breadcrumb","itemListElement":[{"@type":"ListItem","position":1,"name":"Home","item":"https:\/\/www.doit.hu\/rendszergazda\/fooldal-flexi\/"},{"@type":"ListItem","position":2,"name":"Kevesebb mint 3 h\u00e9tig lehet m\u00e9g Windows 7-es PC-t venni"}]},{"@type":"WebSite","@id":"https:\/\/www.doit.hu\/rendszergazda\/#website","url":"https:\/\/www.doit.hu\/rendszergazda\/","name":"Rendszergazda szolg\u00e1ltat\u00e1s","description":"","publisher":{"@id":"https:\/\/www.doit.hu\/rendszergazda\/#organization"},"potentialAction":[{"@type":"SearchAction","target":{"@type":"EntryPoint","urlTemplate":"https:\/\/www.doit.hu\/rendszergazda\/?s={search_term_string}"},"query-input":{"@type":"PropertyValueSpecification","valueRequired":true,"valueName":"search_term_string"}}],"inLanguage":"hu"},{"@type":"Organization","@id":"https:\/\/www.doit.hu\/rendszergazda\/#organization","name":"DOCCA Zrt.","url":"https:\/\/www.doit.hu\/rendszergazda\/","logo":{"@type":"ImageObject","inLanguage":"hu","@id":"https:\/\/www.doit.hu\/rendszergazda\/#\/schema\/logo\/image\/","url":"https:\/\/www.doit.hu\/rendszergazda\/wp-content\/uploads\/2019\/04\/logo.png","contentUrl":"https:\/\/www.doit.hu\/rendszergazda\/wp-content\/uploads\/2019\/04\/logo.png","width":263,"height":82,"caption":"DOCCA Zrt."},"image":{"@id":"https:\/\/www.doit.hu\/rendszergazda\/#\/schema\/logo\/image\/"},"sameAs":["https:\/\/www.facebook.com\/DoccaZrt"]},{"@type":"Person","@id":"https:\/\/www.doit.hu\/rendszergazda\/#\/schema\/person\/ac60b29300a3d65825707a7bcd47aa7f","name":"Docca Zrt.","image":{"@type":"ImageObject","inLanguage":"hu","@id":"https:\/\/secure.gravatar.com\/avatar\/7e3762308ab47147572d4e9f68e02b65139742dfdbb8f7a7314f3c5064a3dbe7?s=96&d=mm&r=g","url":"https:\/\/secure.gravatar.com\/avatar\/7e3762308ab47147572d4e9f68e02b65139742dfdbb8f7a7314f3c5064a3dbe7?s=96&d=mm&r=g","contentUrl":"https:\/\/secure.gravatar.com\/avatar\/7e3762308ab47147572d4e9f68e02b65139742dfdbb8f7a7314f3c5064a3dbe7?s=96&d=mm&r=g","caption":"Docca Zrt."},"url":"https:\/\/www.doit.hu\/rendszergazda\/author\/docca\/"}]}},"_links":{"self":[{"href":"https:\/\/www.doit.hu\/rendszergazda\/wp-json\/wp\/v2\/posts\/801","targetHints":{"allow":["GET"]}}],"collection":[{"href":"https:\/\/www.doit.hu\/rendszergazda\/wp-json\/wp\/v2\/posts"}],"about":[{"href":"https:\/\/www.doit.hu\/rendszergazda\/wp-json\/wp\/v2\/types\/post"}],"author":[{"embeddable":true,"href":"https:\/\/www.doit.hu\/rendszergazda\/wp-json\/wp\/v2\/users\/7"}],"replies":[{"embeddable":true,"href":"https:\/\/www.doit.hu\/rendszergazda\/wp-json\/wp\/v2\/comments?post=801"}],"version-history":[{"count":1,"href":"https:\/\/www.doit.hu\/rendszergazda\/wp-json\/wp\/v2\/posts\/801\/revisions"}],"predecessor-version":[{"id":802,"href":"https:\/\/www.doit.hu\/rendszergazda\/wp-json\/wp\/v2\/posts\/801\/revisions\/802"}],"wp:attachment":[{"href":"https:\/\/www.doit.hu\/rendszergazda\/wp-json\/wp\/v2\/media?parent=801"}],"wp:term":[{"taxonomy":"category","embeddable":true,"href":"https:\/\/www.doit.hu\/rendszergazda\/wp-json\/wp\/v2\/categories?post=801"},{"taxonomy":"post_tag","embeddable":true,"href":"https:\/\/www.doit.hu\/rendszergazda\/wp-json\/wp\/v2\/tags?post=801"}],"curies":[{"name":"wp","href":"https:\/\/api.w.org\/{rel}","templated":true}]}}