{"id":796,"date":"2019-04-15T12:14:43","date_gmt":"2019-04-15T12:14:43","guid":{"rendered":"http:\/\/www.doit.hu\/rendszergazda\/?p=796"},"modified":"2019-04-15T12:14:43","modified_gmt":"2019-04-15T12:14:43","slug":"336-megjelent-a-macos-sierra-10-12-1-frissites-javitottak-a-hibakat","status":"publish","type":"post","link":"https:\/\/www.doit.hu\/rendszergazda\/informatika-hirek-felho-mobil-es-minden-mas\/336-megjelent-a-macos-sierra-10-12-1-frissites-javitottak-a-hibakat\/","title":{"rendered":"Megjelent a macOS Sierra 10.12.1 friss\u00edt\u00e9s \u2013 jav\u00edtott\u00e1k a hib\u00e1kat"},"content":{"rendered":"<p><strong>Az Apple kiadta a\u00a0<a href=\"https:\/\/www.doit.hu\/rendszergazda\/index.php\/informatika-hirek-felho-mobil-es-minden-mas\/325-szeptember-20-an-erkezik-a-macos-sierra\">macOS Sierra<\/a>\u00a010.12.1-es friss\u00edt\u00e9s\u00e9t, amely a Sierra oper\u00e1ci\u00f3s rendszert futtat\u00f3 Mac felhaszn\u00e1l\u00f3k sz\u00e1m\u00e1ra sz\u00e1mos hibajav\u00edt\u00e1st \u00e9s fejleszt\u00e9st tartalmaz.<\/strong><!--more--><\/p>\n<p><img loading=\"lazy\" decoding=\"async\" class=\"size-full wp-image-797 aligncenter\" src=\"http:\/\/www.doit.hu\/rendszergazda\/wp-content\/uploads\/2019\/04\/macos-sierra-screen-shots-1-610x328.jpg\" alt=\"\" width=\"610\" height=\"328\" srcset=\"https:\/\/www.doit.hu\/rendszergazda\/wp-content\/uploads\/2019\/04\/macos-sierra-screen-shots-1-610x328.jpg 610w, https:\/\/www.doit.hu\/rendszergazda\/wp-content\/uploads\/2019\/04\/macos-sierra-screen-shots-1-610x328-300x161.jpg 300w, https:\/\/www.doit.hu\/rendszergazda\/wp-content\/uploads\/2019\/04\/macos-sierra-screen-shots-1-610x328-450x242.jpg 450w\" sizes=\"auto, (max-width: 610px) 100vw, 610px\" \/><\/p>\n<p>Szint\u00e9n let\u00f6lthet\u0151 m\u00e1r a 10.1-es\u00a0<strong><a href=\"https:\/\/www.doit.hu\/rendszergazda\/index.php\/informatika-hirek-felho-mobil-es-minden-mas\/324-szeptember-13-an-mutatkozik-be-az-ios-10\">iOS<\/a><\/strong>\u00a0friss\u00edt\u00e9s az iPhone, iPad \u00e9s iPod touch k\u00e9sz\u00fcl\u00e9kekre, valamint az Apple Watch \u00e9s Apple TV szoftverei kaptak egy kis r\u00e1ncfelvarr\u00e1st.<\/p>\n<p>Az Apple t\u00e1j\u00e9koztat\u00e1sa szerint a macOS 10.12.1 jav\u00edtja a Mac biztons\u00e1g\u00e1t, kompatibilit\u00e1s\u00e1t \u00e9s stabilit\u00e1s\u00e1t, teh\u00e1t let\u00f6lt\u00e9se minden macOS Sierra felhaszn\u00e1l\u00f3 vagy rendszergazda sz\u00e1m\u00e1ra aj\u00e1nlott. A friss\u00edt\u00e9shez k\u00e9sz\u00fclt r\u00f6vid le\u00edr\u00e1s az al\u00e1bbi v\u00e1ltoz\u00e1sokat emeli ki:<\/p>\n<p>&nbsp;<\/p>\n<p>&#8211; Automatikus okos album ker\u00fclt a Fot\u00f3k applik\u00e1ci\u00f3ba az iPhone7 Plus k\u00e9sz\u00fcl\u00e9kkel k\u00e9sz\u00edtett \u00fan. depth effect* k\u00e9pek sz\u00e1m\u00e1ra<br \/>\n&#8211; Javult a Microsoft Office kompatibilit\u00e1s az iCloud asztal \u00e9s Dokumentumok haszn\u00e1lata sor\u00e1n<br \/>\n&#8211; Megoldott\u00e1k, hogy a Microsoft Exchange fi\u00f3k haszn\u00e1lata k\u00f6zben ne legyen gond a Mail app friss\u00edt\u00e9s\u00e9vel<br \/>\n&#8211; Rendbetett\u00e9k az esetenk\u00e9nt helytelen sz\u00f6vegbeilleszt\u00e9st az univerz\u00e1lis v\u00e1g\u00f3lapon<br \/>\n&#8211; Megb\u00edzhat\u00f3bb lett az Apple Watch automatikus felold\u00e1sa<br \/>\n&#8211; Biztons\u00e1gosabb\u00e1 \u00e9s stabilabb\u00e1 v\u00e1lt a Safari<\/p>\n<p>&nbsp;<\/p>\n<p>Nem tudjuk, hogy milyen m\u00e1s Sierra probl\u00e9m\u00e1kat orvosoltak m\u00e9g a macOS Sierra 10.12.1-ben, de felt\u00e9telezhet\u0151en sokmindent megoldottak.<\/p>\n<p>&nbsp;<\/p>\n<p>\u00cdgy tudjuk elv\u00e9gezni a macOS Sierra 10.12.1-re val\u00f3 friss\u00edt\u00e9st:<br \/>\n1. Mindenekel\u0151tt a Time Machine seg\u00edts\u00e9g\u00e9vel k\u00e9sz\u00edts\u00fcnk biztons\u00e1gi ment\u00e9st a Mac-hez.<br \/>\n2. Az Apple men\u00fcben v\u00e1lasszuk ki az \u201eApp Store\u201d-t<br \/>\n3. Az \u201eUpdates\u201d f\u00fclben keress\u00fck meg \u00e9s jel\u00f6lj\u00fck ki azt, hogy \u201emacOS Sierra Update 10.12.1\u201d<br \/>\nA befejez\u00e9shez \u00fajra kell ind\u00edtani a g\u00e9pet.<\/p>\n<p>&nbsp;<\/p>\n<p>A Mac felhaszn\u00e1l\u00f3 vagy rendszergazda\u00a0<strong><a href=\"https:\/\/support.apple.com\/downloads\/macos\">Combo Update<\/a><\/strong>\u00a0seg\u00edts\u00e9g\u00e9vel is let\u00f6ltheti \u00e9s telep\u00edtheti a macOS Sierra 10.12.1-et.<\/p>\n<p>A Sierra 10.12.1-en fel\u00fcl szint\u00e9n megjelent az iOS 10.1, tvOS 10.0.1 \u00e9s a watchOS 3.1 friss\u00edt\u00e9s is.<\/p>\n<p><em>*depth effect: az iPhone7 Plus \u00fajdons\u00e1ga, k\u00e9t kamera, ill. egy szoftver seg\u00edts\u00e9g\u00e9vel mesters\u00e9ges m\u00e9lys\u00e9g\u00e9less\u00e9get gener\u00e1l \u00fagy, hogy ut\u00f3bbi felismeri, majd elk\u00fcl\u00f6n\u00edti a t\u00e1rgyat \u00e9s a h\u00e1tteret.<\/em><\/p>\n<p><em>\u00a0<\/em><\/p>\n<p>Forr\u00e1s:\u00a0<a href=\"http:\/\/osxdaily.com\/2016\/10\/24\/macos-sierra-10-12-1-update-available\/?utm_source=feedburner&amp;utm_medium=email&amp;utm_campaign=Feed%3A+osxdaily+%28OS+X+Daily%29\">OSXDaily<\/a>.<\/p>\n<p>&nbsp;<\/p>\n<p>Tov\u00e1bbi \u00e9rdekess\u00e9gek\u00e9rt keresse fel\u00a0<strong><a href=\"https:\/\/www.doit.hu\/rendszergazda\/index.php\/informatika-hirek-felho-mobil-es-minden-mas\">rendszergazda blogunkat<\/a><\/strong>!<\/p>\n","protected":false},"excerpt":{"rendered":"<p>Az Apple kiadta a\u00a0macOS Sierra\u00a010.12.1-es friss\u00edt\u00e9s\u00e9t, amely a Sierra oper\u00e1ci\u00f3s rendszert futtat\u00f3 Mac felhaszn\u00e1l\u00f3k sz\u00e1m\u00e1ra sz\u00e1mos hibajav\u00edt\u00e1st \u00e9s fejleszt\u00e9st tartalmaz.<\/p>\n","protected":false},"author":7,"featured_media":797,"comment_status":"closed","ping_status":"closed","sticky":false,"template":"","format":"standard","meta":{"footnotes":""},"categories":[4],"tags":[173,657,658,659],"class_list":["post-796","post","type-post","status-publish","format-standard","has-post-thumbnail","hentry","category-informatika-hirek-felho-mobil-es-minden-mas","tag-ios-frissites","tag-macos-sierra","tag-macos-sierra-frissites","tag-sierra-operacios-rendszer"],"yoast_head":"<!-- This site is optimized with the Yoast SEO plugin v27.4 - https:\/\/yoast.com\/product\/yoast-seo-wordpress\/ -->\n<title>Megjelent a macOS Sierra 10.12.1 friss\u00edt\u00e9s \u2013 jav\u00edtott\u00e1k a hib\u00e1kat<\/title>\n<meta name=\"description\" content=\"Az Apple kiadta a\u00a0macOS Sierra\u00a010.12.1-es friss\u00edt\u00e9s\u00e9t, amely a Sierra oper\u00e1ci\u00f3s rendszert futtat\u00f3 Mac felhaszn\u00e1l\u00f3k sz\u00e1m\u00e1ra sz\u00e1mos hibajav\u00edt\u00e1st \u00e9s fejleszt\u00e9st tartalmaz.\" \/>\n<meta name=\"robots\" content=\"index, follow, max-snippet:-1, max-image-preview:large, max-video-preview:-1\" \/>\n<link rel=\"canonical\" href=\"https:\/\/www.doit.hu\/rendszergazda\/informatika-hirek-felho-mobil-es-minden-mas\/336-megjelent-a-macos-sierra-10-12-1-frissites-javitottak-a-hibakat\/\" \/>\n<meta property=\"og:locale\" content=\"hu_HU\" \/>\n<meta property=\"og:type\" content=\"article\" \/>\n<meta property=\"og:title\" content=\"Megjelent a macOS Sierra 10.12.1 friss\u00edt\u00e9s \u2013 jav\u00edtott\u00e1k a hib\u00e1kat\" \/>\n<meta property=\"og:description\" content=\"Az Apple kiadta a\u00a0macOS Sierra\u00a010.12.1-es friss\u00edt\u00e9s\u00e9t, amely a Sierra oper\u00e1ci\u00f3s rendszert futtat\u00f3 Mac felhaszn\u00e1l\u00f3k sz\u00e1m\u00e1ra sz\u00e1mos hibajav\u00edt\u00e1st \u00e9s fejleszt\u00e9st tartalmaz.\" \/>\n<meta property=\"og:url\" content=\"https:\/\/www.doit.hu\/rendszergazda\/informatika-hirek-felho-mobil-es-minden-mas\/336-megjelent-a-macos-sierra-10-12-1-frissites-javitottak-a-hibakat\/\" \/>\n<meta property=\"og:site_name\" content=\"Rendszergazda szolg\u00e1ltat\u00e1s\" \/>\n<meta property=\"article:publisher\" content=\"https:\/\/www.facebook.com\/DoccaZrt\" \/>\n<meta property=\"article:published_time\" content=\"2019-04-15T12:14:43+00:00\" \/>\n<meta property=\"og:image\" content=\"https:\/\/www.doit.hu\/rendszergazda\/wp-content\/uploads\/2019\/04\/macos-sierra-screen-shots-1-610x328.jpg\" \/>\n\t<meta property=\"og:image:width\" content=\"610\" \/>\n\t<meta property=\"og:image:height\" content=\"328\" \/>\n\t<meta property=\"og:image:type\" content=\"image\/jpeg\" \/>\n<meta name=\"author\" content=\"Docca Zrt.\" \/>\n<meta name=\"twitter:card\" content=\"summary_large_image\" \/>\n<meta name=\"twitter:label1\" content=\"Szerz\u0151:\" \/>\n\t<meta name=\"twitter:data1\" content=\"Docca Zrt.\" \/>\n\t<meta name=\"twitter:label2\" content=\"Becs\u00fclt olvas\u00e1si id\u0151\" \/>\n\t<meta name=\"twitter:data2\" content=\"2 perc\" \/>\n<script type=\"application\/ld+json\" class=\"yoast-schema-graph\">{\"@context\":\"https:\\\/\\\/schema.org\",\"@graph\":[{\"@type\":\"Article\",\"@id\":\"https:\\\/\\\/www.doit.hu\\\/rendszergazda\\\/informatika-hirek-felho-mobil-es-minden-mas\\\/336-megjelent-a-macos-sierra-10-12-1-frissites-javitottak-a-hibakat\\\/#article\",\"isPartOf\":{\"@id\":\"https:\\\/\\\/www.doit.hu\\\/rendszergazda\\\/informatika-hirek-felho-mobil-es-minden-mas\\\/336-megjelent-a-macos-sierra-10-12-1-frissites-javitottak-a-hibakat\\\/\"},\"author\":{\"name\":\"Docca Zrt.\",\"@id\":\"https:\\\/\\\/www.doit.hu\\\/rendszergazda\\\/#\\\/schema\\\/person\\\/ac60b29300a3d65825707a7bcd47aa7f\"},\"headline\":\"Megjelent a macOS Sierra 10.12.1 friss\u00edt\u00e9s \u2013 jav\u00edtott\u00e1k a hib\u00e1kat\",\"datePublished\":\"2019-04-15T12:14:43+00:00\",\"mainEntityOfPage\":{\"@id\":\"https:\\\/\\\/www.doit.hu\\\/rendszergazda\\\/informatika-hirek-felho-mobil-es-minden-mas\\\/336-megjelent-a-macos-sierra-10-12-1-frissites-javitottak-a-hibakat\\\/\"},\"wordCount\":441,\"publisher\":{\"@id\":\"https:\\\/\\\/www.doit.hu\\\/rendszergazda\\\/#organization\"},\"image\":{\"@id\":\"https:\\\/\\\/www.doit.hu\\\/rendszergazda\\\/informatika-hirek-felho-mobil-es-minden-mas\\\/336-megjelent-a-macos-sierra-10-12-1-frissites-javitottak-a-hibakat\\\/#primaryimage\"},\"thumbnailUrl\":\"https:\\\/\\\/www.doit.hu\\\/rendszergazda\\\/wp-content\\\/uploads\\\/2019\\\/04\\\/macos-sierra-screen-shots-1-610x328.jpg\",\"keywords\":[\"ios friss\u00edt\u00e9s\",\"macOS Sierra\",\"macOS Sierra friss\u00edt\u00e9s\",\"Sierra oper\u00e1ci\u00f3s rendszer\"],\"articleSection\":[\"Informatika h\u00edrek: felh\u0151, mobil \u00e9s minden m\u00e1s\"],\"inLanguage\":\"hu\"},{\"@type\":\"WebPage\",\"@id\":\"https:\\\/\\\/www.doit.hu\\\/rendszergazda\\\/informatika-hirek-felho-mobil-es-minden-mas\\\/336-megjelent-a-macos-sierra-10-12-1-frissites-javitottak-a-hibakat\\\/\",\"url\":\"https:\\\/\\\/www.doit.hu\\\/rendszergazda\\\/informatika-hirek-felho-mobil-es-minden-mas\\\/336-megjelent-a-macos-sierra-10-12-1-frissites-javitottak-a-hibakat\\\/\",\"name\":\"Megjelent a macOS Sierra 10.12.1 friss\u00edt\u00e9s \u2013 jav\u00edtott\u00e1k a hib\u00e1kat\",\"isPartOf\":{\"@id\":\"https:\\\/\\\/www.doit.hu\\\/rendszergazda\\\/#website\"},\"primaryImageOfPage\":{\"@id\":\"https:\\\/\\\/www.doit.hu\\\/rendszergazda\\\/informatika-hirek-felho-mobil-es-minden-mas\\\/336-megjelent-a-macos-sierra-10-12-1-frissites-javitottak-a-hibakat\\\/#primaryimage\"},\"image\":{\"@id\":\"https:\\\/\\\/www.doit.hu\\\/rendszergazda\\\/informatika-hirek-felho-mobil-es-minden-mas\\\/336-megjelent-a-macos-sierra-10-12-1-frissites-javitottak-a-hibakat\\\/#primaryimage\"},\"thumbnailUrl\":\"https:\\\/\\\/www.doit.hu\\\/rendszergazda\\\/wp-content\\\/uploads\\\/2019\\\/04\\\/macos-sierra-screen-shots-1-610x328.jpg\",\"datePublished\":\"2019-04-15T12:14:43+00:00\",\"description\":\"Az Apple kiadta a\u00a0macOS Sierra\u00a010.12.1-es friss\u00edt\u00e9s\u00e9t, amely a Sierra oper\u00e1ci\u00f3s rendszert futtat\u00f3 Mac felhaszn\u00e1l\u00f3k sz\u00e1m\u00e1ra sz\u00e1mos hibajav\u00edt\u00e1st \u00e9s fejleszt\u00e9st tartalmaz.\",\"breadcrumb\":{\"@id\":\"https:\\\/\\\/www.doit.hu\\\/rendszergazda\\\/informatika-hirek-felho-mobil-es-minden-mas\\\/336-megjelent-a-macos-sierra-10-12-1-frissites-javitottak-a-hibakat\\\/#breadcrumb\"},\"inLanguage\":\"hu\",\"potentialAction\":[{\"@type\":\"ReadAction\",\"target\":[\"https:\\\/\\\/www.doit.hu\\\/rendszergazda\\\/informatika-hirek-felho-mobil-es-minden-mas\\\/336-megjelent-a-macos-sierra-10-12-1-frissites-javitottak-a-hibakat\\\/\"]}]},{\"@type\":\"ImageObject\",\"inLanguage\":\"hu\",\"@id\":\"https:\\\/\\\/www.doit.hu\\\/rendszergazda\\\/informatika-hirek-felho-mobil-es-minden-mas\\\/336-megjelent-a-macos-sierra-10-12-1-frissites-javitottak-a-hibakat\\\/#primaryimage\",\"url\":\"https:\\\/\\\/www.doit.hu\\\/rendszergazda\\\/wp-content\\\/uploads\\\/2019\\\/04\\\/macos-sierra-screen-shots-1-610x328.jpg\",\"contentUrl\":\"https:\\\/\\\/www.doit.hu\\\/rendszergazda\\\/wp-content\\\/uploads\\\/2019\\\/04\\\/macos-sierra-screen-shots-1-610x328.jpg\",\"width\":610,\"height\":328},{\"@type\":\"BreadcrumbList\",\"@id\":\"https:\\\/\\\/www.doit.hu\\\/rendszergazda\\\/informatika-hirek-felho-mobil-es-minden-mas\\\/336-megjelent-a-macos-sierra-10-12-1-frissites-javitottak-a-hibakat\\\/#breadcrumb\",\"itemListElement\":[{\"@type\":\"ListItem\",\"position\":1,\"name\":\"Home\",\"item\":\"https:\\\/\\\/www.doit.hu\\\/rendszergazda\\\/fooldal-flexi\\\/\"},{\"@type\":\"ListItem\",\"position\":2,\"name\":\"Megjelent a macOS Sierra 10.12.1 friss\u00edt\u00e9s \u2013 jav\u00edtott\u00e1k a hib\u00e1kat\"}]},{\"@type\":\"WebSite\",\"@id\":\"https:\\\/\\\/www.doit.hu\\\/rendszergazda\\\/#website\",\"url\":\"https:\\\/\\\/www.doit.hu\\\/rendszergazda\\\/\",\"name\":\"Rendszergazda szolg\u00e1ltat\u00e1s\",\"description\":\"\",\"publisher\":{\"@id\":\"https:\\\/\\\/www.doit.hu\\\/rendszergazda\\\/#organization\"},\"potentialAction\":[{\"@type\":\"SearchAction\",\"target\":{\"@type\":\"EntryPoint\",\"urlTemplate\":\"https:\\\/\\\/www.doit.hu\\\/rendszergazda\\\/?s={search_term_string}\"},\"query-input\":{\"@type\":\"PropertyValueSpecification\",\"valueRequired\":true,\"valueName\":\"search_term_string\"}}],\"inLanguage\":\"hu\"},{\"@type\":\"Organization\",\"@id\":\"https:\\\/\\\/www.doit.hu\\\/rendszergazda\\\/#organization\",\"name\":\"DOCCA Zrt.\",\"url\":\"https:\\\/\\\/www.doit.hu\\\/rendszergazda\\\/\",\"logo\":{\"@type\":\"ImageObject\",\"inLanguage\":\"hu\",\"@id\":\"https:\\\/\\\/www.doit.hu\\\/rendszergazda\\\/#\\\/schema\\\/logo\\\/image\\\/\",\"url\":\"https:\\\/\\\/www.doit.hu\\\/rendszergazda\\\/wp-content\\\/uploads\\\/2019\\\/04\\\/logo.png\",\"contentUrl\":\"https:\\\/\\\/www.doit.hu\\\/rendszergazda\\\/wp-content\\\/uploads\\\/2019\\\/04\\\/logo.png\",\"width\":263,\"height\":82,\"caption\":\"DOCCA Zrt.\"},\"image\":{\"@id\":\"https:\\\/\\\/www.doit.hu\\\/rendszergazda\\\/#\\\/schema\\\/logo\\\/image\\\/\"},\"sameAs\":[\"https:\\\/\\\/www.facebook.com\\\/DoccaZrt\"]},{\"@type\":\"Person\",\"@id\":\"https:\\\/\\\/www.doit.hu\\\/rendszergazda\\\/#\\\/schema\\\/person\\\/ac60b29300a3d65825707a7bcd47aa7f\",\"name\":\"Docca Zrt.\",\"image\":{\"@type\":\"ImageObject\",\"inLanguage\":\"hu\",\"@id\":\"https:\\\/\\\/secure.gravatar.com\\\/avatar\\\/7e3762308ab47147572d4e9f68e02b65139742dfdbb8f7a7314f3c5064a3dbe7?s=96&d=mm&r=g\",\"url\":\"https:\\\/\\\/secure.gravatar.com\\\/avatar\\\/7e3762308ab47147572d4e9f68e02b65139742dfdbb8f7a7314f3c5064a3dbe7?s=96&d=mm&r=g\",\"contentUrl\":\"https:\\\/\\\/secure.gravatar.com\\\/avatar\\\/7e3762308ab47147572d4e9f68e02b65139742dfdbb8f7a7314f3c5064a3dbe7?s=96&d=mm&r=g\",\"caption\":\"Docca Zrt.\"},\"url\":\"https:\\\/\\\/www.doit.hu\\\/rendszergazda\\\/author\\\/docca\\\/\"}]}<\/script>\n<!-- \/ Yoast SEO plugin. -->","yoast_head_json":{"title":"Megjelent a macOS Sierra 10.12.1 friss\u00edt\u00e9s \u2013 jav\u00edtott\u00e1k a hib\u00e1kat","description":"Az Apple kiadta a\u00a0macOS Sierra\u00a010.12.1-es friss\u00edt\u00e9s\u00e9t, amely a Sierra oper\u00e1ci\u00f3s rendszert futtat\u00f3 Mac felhaszn\u00e1l\u00f3k sz\u00e1m\u00e1ra sz\u00e1mos hibajav\u00edt\u00e1st \u00e9s fejleszt\u00e9st tartalmaz.","robots":{"index":"index","follow":"follow","max-snippet":"max-snippet:-1","max-image-preview":"max-image-preview:large","max-video-preview":"max-video-preview:-1"},"canonical":"https:\/\/www.doit.hu\/rendszergazda\/informatika-hirek-felho-mobil-es-minden-mas\/336-megjelent-a-macos-sierra-10-12-1-frissites-javitottak-a-hibakat\/","og_locale":"hu_HU","og_type":"article","og_title":"Megjelent a macOS Sierra 10.12.1 friss\u00edt\u00e9s \u2013 jav\u00edtott\u00e1k a hib\u00e1kat","og_description":"Az Apple kiadta a\u00a0macOS Sierra\u00a010.12.1-es friss\u00edt\u00e9s\u00e9t, amely a Sierra oper\u00e1ci\u00f3s rendszert futtat\u00f3 Mac felhaszn\u00e1l\u00f3k sz\u00e1m\u00e1ra sz\u00e1mos hibajav\u00edt\u00e1st \u00e9s fejleszt\u00e9st tartalmaz.","og_url":"https:\/\/www.doit.hu\/rendszergazda\/informatika-hirek-felho-mobil-es-minden-mas\/336-megjelent-a-macos-sierra-10-12-1-frissites-javitottak-a-hibakat\/","og_site_name":"Rendszergazda szolg\u00e1ltat\u00e1s","article_publisher":"https:\/\/www.facebook.com\/DoccaZrt","article_published_time":"2019-04-15T12:14:43+00:00","og_image":[{"width":610,"height":328,"url":"https:\/\/www.doit.hu\/rendszergazda\/wp-content\/uploads\/2019\/04\/macos-sierra-screen-shots-1-610x328.jpg","type":"image\/jpeg"}],"author":"Docca Zrt.","twitter_card":"summary_large_image","twitter_misc":{"Szerz\u0151:":"Docca Zrt.","Becs\u00fclt olvas\u00e1si id\u0151":"2 perc"},"schema":{"@context":"https:\/\/schema.org","@graph":[{"@type":"Article","@id":"https:\/\/www.doit.hu\/rendszergazda\/informatika-hirek-felho-mobil-es-minden-mas\/336-megjelent-a-macos-sierra-10-12-1-frissites-javitottak-a-hibakat\/#article","isPartOf":{"@id":"https:\/\/www.doit.hu\/rendszergazda\/informatika-hirek-felho-mobil-es-minden-mas\/336-megjelent-a-macos-sierra-10-12-1-frissites-javitottak-a-hibakat\/"},"author":{"name":"Docca Zrt.","@id":"https:\/\/www.doit.hu\/rendszergazda\/#\/schema\/person\/ac60b29300a3d65825707a7bcd47aa7f"},"headline":"Megjelent a macOS Sierra 10.12.1 friss\u00edt\u00e9s \u2013 jav\u00edtott\u00e1k a hib\u00e1kat","datePublished":"2019-04-15T12:14:43+00:00","mainEntityOfPage":{"@id":"https:\/\/www.doit.hu\/rendszergazda\/informatika-hirek-felho-mobil-es-minden-mas\/336-megjelent-a-macos-sierra-10-12-1-frissites-javitottak-a-hibakat\/"},"wordCount":441,"publisher":{"@id":"https:\/\/www.doit.hu\/rendszergazda\/#organization"},"image":{"@id":"https:\/\/www.doit.hu\/rendszergazda\/informatika-hirek-felho-mobil-es-minden-mas\/336-megjelent-a-macos-sierra-10-12-1-frissites-javitottak-a-hibakat\/#primaryimage"},"thumbnailUrl":"https:\/\/www.doit.hu\/rendszergazda\/wp-content\/uploads\/2019\/04\/macos-sierra-screen-shots-1-610x328.jpg","keywords":["ios friss\u00edt\u00e9s","macOS Sierra","macOS Sierra friss\u00edt\u00e9s","Sierra oper\u00e1ci\u00f3s rendszer"],"articleSection":["Informatika h\u00edrek: felh\u0151, mobil \u00e9s minden m\u00e1s"],"inLanguage":"hu"},{"@type":"WebPage","@id":"https:\/\/www.doit.hu\/rendszergazda\/informatika-hirek-felho-mobil-es-minden-mas\/336-megjelent-a-macos-sierra-10-12-1-frissites-javitottak-a-hibakat\/","url":"https:\/\/www.doit.hu\/rendszergazda\/informatika-hirek-felho-mobil-es-minden-mas\/336-megjelent-a-macos-sierra-10-12-1-frissites-javitottak-a-hibakat\/","name":"Megjelent a macOS Sierra 10.12.1 friss\u00edt\u00e9s \u2013 jav\u00edtott\u00e1k a hib\u00e1kat","isPartOf":{"@id":"https:\/\/www.doit.hu\/rendszergazda\/#website"},"primaryImageOfPage":{"@id":"https:\/\/www.doit.hu\/rendszergazda\/informatika-hirek-felho-mobil-es-minden-mas\/336-megjelent-a-macos-sierra-10-12-1-frissites-javitottak-a-hibakat\/#primaryimage"},"image":{"@id":"https:\/\/www.doit.hu\/rendszergazda\/informatika-hirek-felho-mobil-es-minden-mas\/336-megjelent-a-macos-sierra-10-12-1-frissites-javitottak-a-hibakat\/#primaryimage"},"thumbnailUrl":"https:\/\/www.doit.hu\/rendszergazda\/wp-content\/uploads\/2019\/04\/macos-sierra-screen-shots-1-610x328.jpg","datePublished":"2019-04-15T12:14:43+00:00","description":"Az Apple kiadta a\u00a0macOS Sierra\u00a010.12.1-es friss\u00edt\u00e9s\u00e9t, amely a Sierra oper\u00e1ci\u00f3s rendszert futtat\u00f3 Mac felhaszn\u00e1l\u00f3k sz\u00e1m\u00e1ra sz\u00e1mos hibajav\u00edt\u00e1st \u00e9s fejleszt\u00e9st tartalmaz.","breadcrumb":{"@id":"https:\/\/www.doit.hu\/rendszergazda\/informatika-hirek-felho-mobil-es-minden-mas\/336-megjelent-a-macos-sierra-10-12-1-frissites-javitottak-a-hibakat\/#breadcrumb"},"inLanguage":"hu","potentialAction":[{"@type":"ReadAction","target":["https:\/\/www.doit.hu\/rendszergazda\/informatika-hirek-felho-mobil-es-minden-mas\/336-megjelent-a-macos-sierra-10-12-1-frissites-javitottak-a-hibakat\/"]}]},{"@type":"ImageObject","inLanguage":"hu","@id":"https:\/\/www.doit.hu\/rendszergazda\/informatika-hirek-felho-mobil-es-minden-mas\/336-megjelent-a-macos-sierra-10-12-1-frissites-javitottak-a-hibakat\/#primaryimage","url":"https:\/\/www.doit.hu\/rendszergazda\/wp-content\/uploads\/2019\/04\/macos-sierra-screen-shots-1-610x328.jpg","contentUrl":"https:\/\/www.doit.hu\/rendszergazda\/wp-content\/uploads\/2019\/04\/macos-sierra-screen-shots-1-610x328.jpg","width":610,"height":328},{"@type":"BreadcrumbList","@id":"https:\/\/www.doit.hu\/rendszergazda\/informatika-hirek-felho-mobil-es-minden-mas\/336-megjelent-a-macos-sierra-10-12-1-frissites-javitottak-a-hibakat\/#breadcrumb","itemListElement":[{"@type":"ListItem","position":1,"name":"Home","item":"https:\/\/www.doit.hu\/rendszergazda\/fooldal-flexi\/"},{"@type":"ListItem","position":2,"name":"Megjelent a macOS Sierra 10.12.1 friss\u00edt\u00e9s \u2013 jav\u00edtott\u00e1k a hib\u00e1kat"}]},{"@type":"WebSite","@id":"https:\/\/www.doit.hu\/rendszergazda\/#website","url":"https:\/\/www.doit.hu\/rendszergazda\/","name":"Rendszergazda szolg\u00e1ltat\u00e1s","description":"","publisher":{"@id":"https:\/\/www.doit.hu\/rendszergazda\/#organization"},"potentialAction":[{"@type":"SearchAction","target":{"@type":"EntryPoint","urlTemplate":"https:\/\/www.doit.hu\/rendszergazda\/?s={search_term_string}"},"query-input":{"@type":"PropertyValueSpecification","valueRequired":true,"valueName":"search_term_string"}}],"inLanguage":"hu"},{"@type":"Organization","@id":"https:\/\/www.doit.hu\/rendszergazda\/#organization","name":"DOCCA Zrt.","url":"https:\/\/www.doit.hu\/rendszergazda\/","logo":{"@type":"ImageObject","inLanguage":"hu","@id":"https:\/\/www.doit.hu\/rendszergazda\/#\/schema\/logo\/image\/","url":"https:\/\/www.doit.hu\/rendszergazda\/wp-content\/uploads\/2019\/04\/logo.png","contentUrl":"https:\/\/www.doit.hu\/rendszergazda\/wp-content\/uploads\/2019\/04\/logo.png","width":263,"height":82,"caption":"DOCCA Zrt."},"image":{"@id":"https:\/\/www.doit.hu\/rendszergazda\/#\/schema\/logo\/image\/"},"sameAs":["https:\/\/www.facebook.com\/DoccaZrt"]},{"@type":"Person","@id":"https:\/\/www.doit.hu\/rendszergazda\/#\/schema\/person\/ac60b29300a3d65825707a7bcd47aa7f","name":"Docca Zrt.","image":{"@type":"ImageObject","inLanguage":"hu","@id":"https:\/\/secure.gravatar.com\/avatar\/7e3762308ab47147572d4e9f68e02b65139742dfdbb8f7a7314f3c5064a3dbe7?s=96&d=mm&r=g","url":"https:\/\/secure.gravatar.com\/avatar\/7e3762308ab47147572d4e9f68e02b65139742dfdbb8f7a7314f3c5064a3dbe7?s=96&d=mm&r=g","contentUrl":"https:\/\/secure.gravatar.com\/avatar\/7e3762308ab47147572d4e9f68e02b65139742dfdbb8f7a7314f3c5064a3dbe7?s=96&d=mm&r=g","caption":"Docca Zrt."},"url":"https:\/\/www.doit.hu\/rendszergazda\/author\/docca\/"}]}},"_links":{"self":[{"href":"https:\/\/www.doit.hu\/rendszergazda\/wp-json\/wp\/v2\/posts\/796","targetHints":{"allow":["GET"]}}],"collection":[{"href":"https:\/\/www.doit.hu\/rendszergazda\/wp-json\/wp\/v2\/posts"}],"about":[{"href":"https:\/\/www.doit.hu\/rendszergazda\/wp-json\/wp\/v2\/types\/post"}],"author":[{"embeddable":true,"href":"https:\/\/www.doit.hu\/rendszergazda\/wp-json\/wp\/v2\/users\/7"}],"replies":[{"embeddable":true,"href":"https:\/\/www.doit.hu\/rendszergazda\/wp-json\/wp\/v2\/comments?post=796"}],"version-history":[{"count":1,"href":"https:\/\/www.doit.hu\/rendszergazda\/wp-json\/wp\/v2\/posts\/796\/revisions"}],"predecessor-version":[{"id":798,"href":"https:\/\/www.doit.hu\/rendszergazda\/wp-json\/wp\/v2\/posts\/796\/revisions\/798"}],"wp:featuredmedia":[{"embeddable":true,"href":"https:\/\/www.doit.hu\/rendszergazda\/wp-json\/wp\/v2\/media\/797"}],"wp:attachment":[{"href":"https:\/\/www.doit.hu\/rendszergazda\/wp-json\/wp\/v2\/media?parent=796"}],"wp:term":[{"taxonomy":"category","embeddable":true,"href":"https:\/\/www.doit.hu\/rendszergazda\/wp-json\/wp\/v2\/categories?post=796"},{"taxonomy":"post_tag","embeddable":true,"href":"https:\/\/www.doit.hu\/rendszergazda\/wp-json\/wp\/v2\/tags?post=796"}],"curies":[{"name":"wp","href":"https:\/\/api.w.org\/{rel}","templated":true}]}}