{"id":774,"date":"2019-04-15T11:40:08","date_gmt":"2019-04-15T11:40:08","guid":{"rendered":"http:\/\/www.doit.hu\/rendszergazda\/?p=774"},"modified":"2019-04-15T11:40:08","modified_gmt":"2019-04-15T11:40:08","slug":"78-keszuloben-az-amd-a10-6700t-es-a-a8-6500t-energiatakarekos-apu-ja","status":"publish","type":"post","link":"https:\/\/www.doit.hu\/rendszergazda\/hardver-hirek\/78-keszuloben-az-amd-a10-6700t-es-a-a8-6500t-energiatakarekos-apu-ja\/","title":{"rendered":"K\u00e9sz\u00fcl\u0151ben az AMD A10-6700T \u00e9s a A8-6500T energiatakar\u00e9kos APU-ja"},"content":{"rendered":"<p><strong>\u00daj energiatakar\u00e9kos APU-k az AMD-t\u0151l.<\/strong><\/p>\n<p><!--more--><\/p>\n<p>Az AMD A-sz\u00e9ria olcs\u00f3 \u00e9s sokoldal\u00fa APU-i amellett, hogy j\u00f3l teljes\u00edtenek grafikai alkalmaz\u00e1sokban, elegend\u0151 sz\u00e1m\u00edt\u00e1si kapacit\u00e1suk van az alapvet\u0151 otthoni \u00e9s irodai haszn\u00e1latra. A jelenlegi A-sz\u00e9ria kett\u0151 vagy n\u00e9gy processzor magot tartalmaz, szorz\u00f3z\u00e1r mentes, valamint tartalmaz egy grafikus magot. Mostan\u00e1ig hi\u00e1ny volt az olyan APU egys\u00e9g, mely a fent eml\u00edtett jellemz\u0151k mellett m\u00e9g energiatakar\u00e9kos is. A\u00a0<a href=\"http:\/\/www.tweakpc.de\/news\/28127\/amd-a10-6700t-und-a8-6500t-richland-apus-mit-45-watt-im-anmarsch\/\">TweakPC<\/a>\u00a0figyelt fel r\u00e1, hogy az MSI egyik FM2-es foglalat\u00fa alaplapja \u00e1ltal t\u00e1mogatott processzorok list\u00e1j\u00e1ban 2 \u00faj AMD Richland APU jelent meg: az A10-6700T \u00e9s az A8-6500T. A k\u00e9t lapka fogyaszt\u00e1sa nem haladja majd meg a 45 Watt fels\u0151 hat\u00e1r\u00e9rt\u00e9k\u00e9t. Mivel az A10 \u00e9s A8-as sz\u00e9ria tagjair\u00f3l van sz\u00f3, ez\u00e9rt 4 processzor magjuk lesz, amit a cikksz\u00e1muk is meger\u0151s\u00edt. Az A8-6500T \u00e9s az A10-6700T chippek\u00a0 4 MB L2-es gyors\u00edt\u00f3t\u00e1rral rendelkeznek majd, valamint 2.1 GHz, illetve 2.5 GHz-es \u00f3rajelen futnak majd. A maxim\u00e1lis Turbo Core frekvenci\u00e1kr\u00f3l egyenl\u0151re nincsenek inform\u00e1ci\u00f3k. Az A8-6500T grafikus chippje a HD8550D lesz, az A10-6700T pedig a HD 8650D GPU magot kapja. Mind a k\u00e9t chip \u00f3rajele 720MHz-en fog ketyegni. Az APU kompatibilis lesz az Richland k\u00f3dnev\u0171 lapk\u00e1kat t\u00e1mogat\u00f3 FM2 foglalat\u00fa alaplapokkal. Az APU-k megjelen\u00e9si ideje eddig ismeretlen, ahogy az is, hogy dobozos processzork\u00e9nt el\u00e9rhet\u0151 lesz-e vagy sem.<\/p>\n<p><a href=\"http:\/\/www.msi.com\/product\/mb\/FM2-A55M-E33.html#\/?div=CPUSupport\" target=\"_blank\" rel=\"noopener noreferrer\">Az MSI weboldal\u00e1n az FM2-A55M-E33 alaplap t\u00e1mogatott processzor list\u00e1ja<\/a><\/p>\n","protected":false},"excerpt":{"rendered":"<p>\u00daj energiatakar\u00e9kos APU-k az AMD-t\u0151l.<\/p>\n","protected":false},"author":7,"featured_media":0,"comment_status":"closed","ping_status":"closed","sticky":false,"template":"","format":"standard","meta":{"footnotes":""},"categories":[3],"tags":[623,622,610,621,572],"class_list":["post-774","post","type-post","status-publish","format-standard","hentry","category-hardver-hirek","tag-a8-6500t","tag-amd-a10-6700t","tag-apu","tag-energiatakarekos","tag-processzor"],"yoast_head":"<!-- This site is optimized with the Yoast SEO plugin v27.4 - https:\/\/yoast.com\/product\/yoast-seo-wordpress\/ -->\n<title>K\u00e9sz\u00fcl\u0151ben az AMD A10-6700T \u00e9s a A8-6500T energiatakar\u00e9kos APU-ja<\/title>\n<meta name=\"description\" content=\"Az AMD A-sz\u00e9ria olcs\u00f3 \u00e9s sokoldal\u00fa APU-i amellett, hogy j\u00f3l teljes\u00edtenek grafikai alkalmaz\u00e1sokban, elegend\u0151 sz\u00e1m\u00edt\u00e1si kapacit\u00e1suk van az alapvet\u0151 otthoni \u00e9s irodai haszn\u00e1latra.\" \/>\n<meta name=\"robots\" content=\"index, follow, max-snippet:-1, max-image-preview:large, max-video-preview:-1\" \/>\n<link rel=\"canonical\" href=\"https:\/\/www.doit.hu\/rendszergazda\/hardver-hirek\/78-keszuloben-az-amd-a10-6700t-es-a-a8-6500t-energiatakarekos-apu-ja\/\" \/>\n<meta property=\"og:locale\" content=\"hu_HU\" \/>\n<meta property=\"og:type\" content=\"article\" \/>\n<meta property=\"og:title\" content=\"K\u00e9sz\u00fcl\u0151ben az AMD A10-6700T \u00e9s a A8-6500T energiatakar\u00e9kos APU-ja\" \/>\n<meta property=\"og:description\" content=\"Az AMD A-sz\u00e9ria olcs\u00f3 \u00e9s sokoldal\u00fa APU-i amellett, hogy j\u00f3l teljes\u00edtenek grafikai alkalmaz\u00e1sokban, elegend\u0151 sz\u00e1m\u00edt\u00e1si kapacit\u00e1suk van az alapvet\u0151 otthoni \u00e9s irodai haszn\u00e1latra.\" \/>\n<meta property=\"og:url\" content=\"https:\/\/www.doit.hu\/rendszergazda\/hardver-hirek\/78-keszuloben-az-amd-a10-6700t-es-a-a8-6500t-energiatakarekos-apu-ja\/\" \/>\n<meta property=\"og:site_name\" content=\"Rendszergazda szolg\u00e1ltat\u00e1s\" \/>\n<meta property=\"article:publisher\" content=\"https:\/\/www.facebook.com\/DoccaZrt\" \/>\n<meta property=\"article:published_time\" content=\"2019-04-15T11:40:08+00:00\" \/>\n<meta name=\"author\" content=\"Docca Zrt.\" \/>\n<meta name=\"twitter:card\" content=\"summary_large_image\" \/>\n<meta name=\"twitter:label1\" content=\"Szerz\u0151:\" \/>\n\t<meta name=\"twitter:data1\" content=\"Docca Zrt.\" \/>\n\t<meta name=\"twitter:label2\" content=\"Becs\u00fclt olvas\u00e1si id\u0151\" \/>\n\t<meta name=\"twitter:data2\" content=\"1 perc\" \/>\n<script type=\"application\/ld+json\" class=\"yoast-schema-graph\">{\"@context\":\"https:\\\/\\\/schema.org\",\"@graph\":[{\"@type\":\"Article\",\"@id\":\"https:\\\/\\\/www.doit.hu\\\/rendszergazda\\\/hardver-hirek\\\/78-keszuloben-az-amd-a10-6700t-es-a-a8-6500t-energiatakarekos-apu-ja\\\/#article\",\"isPartOf\":{\"@id\":\"https:\\\/\\\/www.doit.hu\\\/rendszergazda\\\/hardver-hirek\\\/78-keszuloben-az-amd-a10-6700t-es-a-a8-6500t-energiatakarekos-apu-ja\\\/\"},\"author\":{\"name\":\"Docca Zrt.\",\"@id\":\"https:\\\/\\\/www.doit.hu\\\/rendszergazda\\\/#\\\/schema\\\/person\\\/ac60b29300a3d65825707a7bcd47aa7f\"},\"headline\":\"K\u00e9sz\u00fcl\u0151ben az AMD A10-6700T \u00e9s a A8-6500T energiatakar\u00e9kos APU-ja\",\"datePublished\":\"2019-04-15T11:40:08+00:00\",\"mainEntityOfPage\":{\"@id\":\"https:\\\/\\\/www.doit.hu\\\/rendszergazda\\\/hardver-hirek\\\/78-keszuloben-az-amd-a10-6700t-es-a-a8-6500t-energiatakarekos-apu-ja\\\/\"},\"wordCount\":295,\"publisher\":{\"@id\":\"https:\\\/\\\/www.doit.hu\\\/rendszergazda\\\/#organization\"},\"keywords\":[\"A8-6500T\",\"AMD A10-6700T\",\"APU\",\"energiatakar\u00e9kos\",\"processzor\"],\"articleSection\":[\"Hardver h\u00edrek\"],\"inLanguage\":\"hu\"},{\"@type\":\"WebPage\",\"@id\":\"https:\\\/\\\/www.doit.hu\\\/rendszergazda\\\/hardver-hirek\\\/78-keszuloben-az-amd-a10-6700t-es-a-a8-6500t-energiatakarekos-apu-ja\\\/\",\"url\":\"https:\\\/\\\/www.doit.hu\\\/rendszergazda\\\/hardver-hirek\\\/78-keszuloben-az-amd-a10-6700t-es-a-a8-6500t-energiatakarekos-apu-ja\\\/\",\"name\":\"K\u00e9sz\u00fcl\u0151ben az AMD A10-6700T \u00e9s a A8-6500T energiatakar\u00e9kos APU-ja\",\"isPartOf\":{\"@id\":\"https:\\\/\\\/www.doit.hu\\\/rendszergazda\\\/#website\"},\"datePublished\":\"2019-04-15T11:40:08+00:00\",\"description\":\"Az AMD A-sz\u00e9ria olcs\u00f3 \u00e9s sokoldal\u00fa APU-i amellett, hogy j\u00f3l teljes\u00edtenek grafikai alkalmaz\u00e1sokban, elegend\u0151 sz\u00e1m\u00edt\u00e1si kapacit\u00e1suk van az alapvet\u0151 otthoni \u00e9s irodai haszn\u00e1latra.\",\"breadcrumb\":{\"@id\":\"https:\\\/\\\/www.doit.hu\\\/rendszergazda\\\/hardver-hirek\\\/78-keszuloben-az-amd-a10-6700t-es-a-a8-6500t-energiatakarekos-apu-ja\\\/#breadcrumb\"},\"inLanguage\":\"hu\",\"potentialAction\":[{\"@type\":\"ReadAction\",\"target\":[\"https:\\\/\\\/www.doit.hu\\\/rendszergazda\\\/hardver-hirek\\\/78-keszuloben-az-amd-a10-6700t-es-a-a8-6500t-energiatakarekos-apu-ja\\\/\"]}]},{\"@type\":\"BreadcrumbList\",\"@id\":\"https:\\\/\\\/www.doit.hu\\\/rendszergazda\\\/hardver-hirek\\\/78-keszuloben-az-amd-a10-6700t-es-a-a8-6500t-energiatakarekos-apu-ja\\\/#breadcrumb\",\"itemListElement\":[{\"@type\":\"ListItem\",\"position\":1,\"name\":\"Home\",\"item\":\"https:\\\/\\\/www.doit.hu\\\/rendszergazda\\\/fooldal-flexi\\\/\"},{\"@type\":\"ListItem\",\"position\":2,\"name\":\"K\u00e9sz\u00fcl\u0151ben az AMD A10-6700T \u00e9s a A8-6500T energiatakar\u00e9kos APU-ja\"}]},{\"@type\":\"WebSite\",\"@id\":\"https:\\\/\\\/www.doit.hu\\\/rendszergazda\\\/#website\",\"url\":\"https:\\\/\\\/www.doit.hu\\\/rendszergazda\\\/\",\"name\":\"Rendszergazda szolg\u00e1ltat\u00e1s\",\"description\":\"\",\"publisher\":{\"@id\":\"https:\\\/\\\/www.doit.hu\\\/rendszergazda\\\/#organization\"},\"potentialAction\":[{\"@type\":\"SearchAction\",\"target\":{\"@type\":\"EntryPoint\",\"urlTemplate\":\"https:\\\/\\\/www.doit.hu\\\/rendszergazda\\\/?s={search_term_string}\"},\"query-input\":{\"@type\":\"PropertyValueSpecification\",\"valueRequired\":true,\"valueName\":\"search_term_string\"}}],\"inLanguage\":\"hu\"},{\"@type\":\"Organization\",\"@id\":\"https:\\\/\\\/www.doit.hu\\\/rendszergazda\\\/#organization\",\"name\":\"DOCCA Zrt.\",\"url\":\"https:\\\/\\\/www.doit.hu\\\/rendszergazda\\\/\",\"logo\":{\"@type\":\"ImageObject\",\"inLanguage\":\"hu\",\"@id\":\"https:\\\/\\\/www.doit.hu\\\/rendszergazda\\\/#\\\/schema\\\/logo\\\/image\\\/\",\"url\":\"https:\\\/\\\/www.doit.hu\\\/rendszergazda\\\/wp-content\\\/uploads\\\/2019\\\/04\\\/logo.png\",\"contentUrl\":\"https:\\\/\\\/www.doit.hu\\\/rendszergazda\\\/wp-content\\\/uploads\\\/2019\\\/04\\\/logo.png\",\"width\":263,\"height\":82,\"caption\":\"DOCCA Zrt.\"},\"image\":{\"@id\":\"https:\\\/\\\/www.doit.hu\\\/rendszergazda\\\/#\\\/schema\\\/logo\\\/image\\\/\"},\"sameAs\":[\"https:\\\/\\\/www.facebook.com\\\/DoccaZrt\"]},{\"@type\":\"Person\",\"@id\":\"https:\\\/\\\/www.doit.hu\\\/rendszergazda\\\/#\\\/schema\\\/person\\\/ac60b29300a3d65825707a7bcd47aa7f\",\"name\":\"Docca Zrt.\",\"image\":{\"@type\":\"ImageObject\",\"inLanguage\":\"hu\",\"@id\":\"https:\\\/\\\/secure.gravatar.com\\\/avatar\\\/7e3762308ab47147572d4e9f68e02b65139742dfdbb8f7a7314f3c5064a3dbe7?s=96&d=mm&r=g\",\"url\":\"https:\\\/\\\/secure.gravatar.com\\\/avatar\\\/7e3762308ab47147572d4e9f68e02b65139742dfdbb8f7a7314f3c5064a3dbe7?s=96&d=mm&r=g\",\"contentUrl\":\"https:\\\/\\\/secure.gravatar.com\\\/avatar\\\/7e3762308ab47147572d4e9f68e02b65139742dfdbb8f7a7314f3c5064a3dbe7?s=96&d=mm&r=g\",\"caption\":\"Docca Zrt.\"},\"url\":\"https:\\\/\\\/www.doit.hu\\\/rendszergazda\\\/author\\\/docca\\\/\"}]}<\/script>\n<!-- \/ Yoast SEO plugin. -->","yoast_head_json":{"title":"K\u00e9sz\u00fcl\u0151ben az AMD A10-6700T \u00e9s a A8-6500T energiatakar\u00e9kos APU-ja","description":"Az AMD A-sz\u00e9ria olcs\u00f3 \u00e9s sokoldal\u00fa APU-i amellett, hogy j\u00f3l teljes\u00edtenek grafikai alkalmaz\u00e1sokban, elegend\u0151 sz\u00e1m\u00edt\u00e1si kapacit\u00e1suk van az alapvet\u0151 otthoni \u00e9s irodai haszn\u00e1latra.","robots":{"index":"index","follow":"follow","max-snippet":"max-snippet:-1","max-image-preview":"max-image-preview:large","max-video-preview":"max-video-preview:-1"},"canonical":"https:\/\/www.doit.hu\/rendszergazda\/hardver-hirek\/78-keszuloben-az-amd-a10-6700t-es-a-a8-6500t-energiatakarekos-apu-ja\/","og_locale":"hu_HU","og_type":"article","og_title":"K\u00e9sz\u00fcl\u0151ben az AMD A10-6700T \u00e9s a A8-6500T energiatakar\u00e9kos APU-ja","og_description":"Az AMD A-sz\u00e9ria olcs\u00f3 \u00e9s sokoldal\u00fa APU-i amellett, hogy j\u00f3l teljes\u00edtenek grafikai alkalmaz\u00e1sokban, elegend\u0151 sz\u00e1m\u00edt\u00e1si kapacit\u00e1suk van az alapvet\u0151 otthoni \u00e9s irodai haszn\u00e1latra.","og_url":"https:\/\/www.doit.hu\/rendszergazda\/hardver-hirek\/78-keszuloben-az-amd-a10-6700t-es-a-a8-6500t-energiatakarekos-apu-ja\/","og_site_name":"Rendszergazda szolg\u00e1ltat\u00e1s","article_publisher":"https:\/\/www.facebook.com\/DoccaZrt","article_published_time":"2019-04-15T11:40:08+00:00","author":"Docca Zrt.","twitter_card":"summary_large_image","twitter_misc":{"Szerz\u0151:":"Docca Zrt.","Becs\u00fclt olvas\u00e1si id\u0151":"1 perc"},"schema":{"@context":"https:\/\/schema.org","@graph":[{"@type":"Article","@id":"https:\/\/www.doit.hu\/rendszergazda\/hardver-hirek\/78-keszuloben-az-amd-a10-6700t-es-a-a8-6500t-energiatakarekos-apu-ja\/#article","isPartOf":{"@id":"https:\/\/www.doit.hu\/rendszergazda\/hardver-hirek\/78-keszuloben-az-amd-a10-6700t-es-a-a8-6500t-energiatakarekos-apu-ja\/"},"author":{"name":"Docca Zrt.","@id":"https:\/\/www.doit.hu\/rendszergazda\/#\/schema\/person\/ac60b29300a3d65825707a7bcd47aa7f"},"headline":"K\u00e9sz\u00fcl\u0151ben az AMD A10-6700T \u00e9s a A8-6500T energiatakar\u00e9kos APU-ja","datePublished":"2019-04-15T11:40:08+00:00","mainEntityOfPage":{"@id":"https:\/\/www.doit.hu\/rendszergazda\/hardver-hirek\/78-keszuloben-az-amd-a10-6700t-es-a-a8-6500t-energiatakarekos-apu-ja\/"},"wordCount":295,"publisher":{"@id":"https:\/\/www.doit.hu\/rendszergazda\/#organization"},"keywords":["A8-6500T","AMD A10-6700T","APU","energiatakar\u00e9kos","processzor"],"articleSection":["Hardver h\u00edrek"],"inLanguage":"hu"},{"@type":"WebPage","@id":"https:\/\/www.doit.hu\/rendszergazda\/hardver-hirek\/78-keszuloben-az-amd-a10-6700t-es-a-a8-6500t-energiatakarekos-apu-ja\/","url":"https:\/\/www.doit.hu\/rendszergazda\/hardver-hirek\/78-keszuloben-az-amd-a10-6700t-es-a-a8-6500t-energiatakarekos-apu-ja\/","name":"K\u00e9sz\u00fcl\u0151ben az AMD A10-6700T \u00e9s a A8-6500T energiatakar\u00e9kos APU-ja","isPartOf":{"@id":"https:\/\/www.doit.hu\/rendszergazda\/#website"},"datePublished":"2019-04-15T11:40:08+00:00","description":"Az AMD A-sz\u00e9ria olcs\u00f3 \u00e9s sokoldal\u00fa APU-i amellett, hogy j\u00f3l teljes\u00edtenek grafikai alkalmaz\u00e1sokban, elegend\u0151 sz\u00e1m\u00edt\u00e1si kapacit\u00e1suk van az alapvet\u0151 otthoni \u00e9s irodai haszn\u00e1latra.","breadcrumb":{"@id":"https:\/\/www.doit.hu\/rendszergazda\/hardver-hirek\/78-keszuloben-az-amd-a10-6700t-es-a-a8-6500t-energiatakarekos-apu-ja\/#breadcrumb"},"inLanguage":"hu","potentialAction":[{"@type":"ReadAction","target":["https:\/\/www.doit.hu\/rendszergazda\/hardver-hirek\/78-keszuloben-az-amd-a10-6700t-es-a-a8-6500t-energiatakarekos-apu-ja\/"]}]},{"@type":"BreadcrumbList","@id":"https:\/\/www.doit.hu\/rendszergazda\/hardver-hirek\/78-keszuloben-az-amd-a10-6700t-es-a-a8-6500t-energiatakarekos-apu-ja\/#breadcrumb","itemListElement":[{"@type":"ListItem","position":1,"name":"Home","item":"https:\/\/www.doit.hu\/rendszergazda\/fooldal-flexi\/"},{"@type":"ListItem","position":2,"name":"K\u00e9sz\u00fcl\u0151ben az AMD A10-6700T \u00e9s a A8-6500T energiatakar\u00e9kos APU-ja"}]},{"@type":"WebSite","@id":"https:\/\/www.doit.hu\/rendszergazda\/#website","url":"https:\/\/www.doit.hu\/rendszergazda\/","name":"Rendszergazda szolg\u00e1ltat\u00e1s","description":"","publisher":{"@id":"https:\/\/www.doit.hu\/rendszergazda\/#organization"},"potentialAction":[{"@type":"SearchAction","target":{"@type":"EntryPoint","urlTemplate":"https:\/\/www.doit.hu\/rendszergazda\/?s={search_term_string}"},"query-input":{"@type":"PropertyValueSpecification","valueRequired":true,"valueName":"search_term_string"}}],"inLanguage":"hu"},{"@type":"Organization","@id":"https:\/\/www.doit.hu\/rendszergazda\/#organization","name":"DOCCA Zrt.","url":"https:\/\/www.doit.hu\/rendszergazda\/","logo":{"@type":"ImageObject","inLanguage":"hu","@id":"https:\/\/www.doit.hu\/rendszergazda\/#\/schema\/logo\/image\/","url":"https:\/\/www.doit.hu\/rendszergazda\/wp-content\/uploads\/2019\/04\/logo.png","contentUrl":"https:\/\/www.doit.hu\/rendszergazda\/wp-content\/uploads\/2019\/04\/logo.png","width":263,"height":82,"caption":"DOCCA Zrt."},"image":{"@id":"https:\/\/www.doit.hu\/rendszergazda\/#\/schema\/logo\/image\/"},"sameAs":["https:\/\/www.facebook.com\/DoccaZrt"]},{"@type":"Person","@id":"https:\/\/www.doit.hu\/rendszergazda\/#\/schema\/person\/ac60b29300a3d65825707a7bcd47aa7f","name":"Docca Zrt.","image":{"@type":"ImageObject","inLanguage":"hu","@id":"https:\/\/secure.gravatar.com\/avatar\/7e3762308ab47147572d4e9f68e02b65139742dfdbb8f7a7314f3c5064a3dbe7?s=96&d=mm&r=g","url":"https:\/\/secure.gravatar.com\/avatar\/7e3762308ab47147572d4e9f68e02b65139742dfdbb8f7a7314f3c5064a3dbe7?s=96&d=mm&r=g","contentUrl":"https:\/\/secure.gravatar.com\/avatar\/7e3762308ab47147572d4e9f68e02b65139742dfdbb8f7a7314f3c5064a3dbe7?s=96&d=mm&r=g","caption":"Docca Zrt."},"url":"https:\/\/www.doit.hu\/rendszergazda\/author\/docca\/"}]}},"_links":{"self":[{"href":"https:\/\/www.doit.hu\/rendszergazda\/wp-json\/wp\/v2\/posts\/774","targetHints":{"allow":["GET"]}}],"collection":[{"href":"https:\/\/www.doit.hu\/rendszergazda\/wp-json\/wp\/v2\/posts"}],"about":[{"href":"https:\/\/www.doit.hu\/rendszergazda\/wp-json\/wp\/v2\/types\/post"}],"author":[{"embeddable":true,"href":"https:\/\/www.doit.hu\/rendszergazda\/wp-json\/wp\/v2\/users\/7"}],"replies":[{"embeddable":true,"href":"https:\/\/www.doit.hu\/rendszergazda\/wp-json\/wp\/v2\/comments?post=774"}],"version-history":[{"count":1,"href":"https:\/\/www.doit.hu\/rendszergazda\/wp-json\/wp\/v2\/posts\/774\/revisions"}],"predecessor-version":[{"id":775,"href":"https:\/\/www.doit.hu\/rendszergazda\/wp-json\/wp\/v2\/posts\/774\/revisions\/775"}],"wp:attachment":[{"href":"https:\/\/www.doit.hu\/rendszergazda\/wp-json\/wp\/v2\/media?parent=774"}],"wp:term":[{"taxonomy":"category","embeddable":true,"href":"https:\/\/www.doit.hu\/rendszergazda\/wp-json\/wp\/v2\/categories?post=774"},{"taxonomy":"post_tag","embeddable":true,"href":"https:\/\/www.doit.hu\/rendszergazda\/wp-json\/wp\/v2\/tags?post=774"}],"curies":[{"name":"wp","href":"https:\/\/api.w.org\/{rel}","templated":true}]}}