{"id":765,"date":"2019-04-15T11:28:00","date_gmt":"2019-04-15T11:28:00","guid":{"rendered":"http:\/\/www.doit.hu\/rendszergazda\/?p=765"},"modified":"2019-04-15T11:28:00","modified_gmt":"2019-04-15T11:28:00","slug":"94-az-amd-bemutatta-az-uj-6w-os-beepitett-gx-210ja-apu-jat","status":"publish","type":"post","link":"https:\/\/www.doit.hu\/rendszergazda\/hardver-hirek\/94-az-amd-bemutatta-az-uj-6w-os-beepitett-gx-210ja-apu-jat\/","title":{"rendered":"Az AMD bemutatta az \u00faj 6W-os be\u00e9p\u00edtett GX-210JA APU-j\u00e1t"},"content":{"rendered":"<p dir=\"ltr\"><strong>Az AMD bejelentette a G-sz\u00e9ria csal\u00e1dj\u00e1nak b\u0151v\u00fcl\u00e9s\u00e9t az \u00faj GX-210JA APU-val.<\/strong><!--more--><\/p>\n<p dir=\"ltr\">A SoC maxim\u00e1lis energiafelv\u00e9tele 6 Watt, de az \u00e1tlagos TDP-je nem haladja meg a 3 Watt-ot az \u00e1ll\u00edt\u00e1sok szerint.<\/p>\n<p dir=\"ltr\">A GX-210JA chip mag\u00e1ba foglal 2 darab 1GHz-en fut\u00f3 CPU magot, 1MB-os L2 gyors\u00edt\u00f3t\u00e1rat, egy DDR3 mem\u00f3ria kontrollert, HD 8180 grafikus magot, valamint az AMD southbridge chipset-j\u00e9t (FCH).<\/p>\n<p dir=\"ltr\">A 210JA GPU frekvenci\u00e1ja alacsonyabb, mint el\u0151dj\u00e9nek (210HA). Ez \u00a0voltak\u00e9ppen 225MHz, ami seg\u00edt tartani a 6 Watt TDP alatti m\u0171k\u00f6d\u00e9st. A specifik\u00e1ci\u00f3k alapj\u00e1n \u00fagy t\u0171nik, hogy a 210JA egy vari\u00e1ci\u00f3ja a A4-1200 \u201cTemash\u201d SoC-nak, ugyanakkor az A4-1200-nak alacsonyabb a TDP-je.<\/p>\n<p dir=\"ltr\">A GX-210JA fogyaszt\u00f3i \u00e1rat egyenl\u0151re m\u00e9g nem k\u00f6z\u00f6ltek a gy\u00e1rt\u00f3k.<\/p>\n","protected":false},"excerpt":{"rendered":"<p>Az AMD bejelentette a G-sz\u00e9ria csal\u00e1dj\u00e1nak b\u0151v\u00fcl\u00e9s\u00e9t az \u00faj GX-210JA APU-val.<\/p>\n","protected":false},"author":7,"featured_media":0,"comment_status":"closed","ping_status":"closed","sticky":false,"template":"","format":"standard","meta":{"footnotes":""},"categories":[3],"tags":[612,610,611,609],"class_list":["post-765","post","type-post","status-publish","format-standard","hentry","category-hardver-hirek","tag-amd","tag-apu","tag-chip","tag-gx-210ja-apu"],"yoast_head":"<!-- This site is optimized with the Yoast SEO plugin v27.4 - https:\/\/yoast.com\/product\/yoast-seo-wordpress\/ -->\n<title>Az AMD bemutatta az \u00faj 6W-os be\u00e9p\u00edtett GX-210JA APU-j\u00e1t<\/title>\n<meta name=\"description\" content=\"Az AMD bejelentette a G-sz\u00e9ria csal\u00e1dj\u00e1nak b\u0151v\u00fcl\u00e9s\u00e9t az \u00faj GX-210JA APU-val.\" \/>\n<meta name=\"robots\" content=\"index, follow, max-snippet:-1, max-image-preview:large, max-video-preview:-1\" \/>\n<link rel=\"canonical\" href=\"https:\/\/www.doit.hu\/rendszergazda\/hardver-hirek\/94-az-amd-bemutatta-az-uj-6w-os-beepitett-gx-210ja-apu-jat\/\" \/>\n<meta property=\"og:locale\" content=\"hu_HU\" \/>\n<meta property=\"og:type\" content=\"article\" \/>\n<meta property=\"og:title\" content=\"Az AMD bemutatta az \u00faj 6W-os be\u00e9p\u00edtett GX-210JA APU-j\u00e1t\" \/>\n<meta property=\"og:description\" content=\"Az AMD bejelentette a G-sz\u00e9ria csal\u00e1dj\u00e1nak b\u0151v\u00fcl\u00e9s\u00e9t az \u00faj GX-210JA APU-val.\" \/>\n<meta property=\"og:url\" content=\"https:\/\/www.doit.hu\/rendszergazda\/hardver-hirek\/94-az-amd-bemutatta-az-uj-6w-os-beepitett-gx-210ja-apu-jat\/\" \/>\n<meta property=\"og:site_name\" content=\"Rendszergazda szolg\u00e1ltat\u00e1s\" \/>\n<meta property=\"article:publisher\" content=\"https:\/\/www.facebook.com\/DoccaZrt\" \/>\n<meta property=\"article:published_time\" content=\"2019-04-15T11:28:00+00:00\" \/>\n<meta name=\"author\" content=\"Docca Zrt.\" \/>\n<meta name=\"twitter:card\" content=\"summary_large_image\" \/>\n<meta name=\"twitter:label1\" content=\"Szerz\u0151:\" \/>\n\t<meta name=\"twitter:data1\" content=\"Docca Zrt.\" \/>\n\t<meta name=\"twitter:label2\" content=\"Becs\u00fclt olvas\u00e1si id\u0151\" \/>\n\t<meta name=\"twitter:data2\" content=\"1 perc\" \/>\n<script type=\"application\/ld+json\" class=\"yoast-schema-graph\">{\"@context\":\"https:\\\/\\\/schema.org\",\"@graph\":[{\"@type\":\"Article\",\"@id\":\"https:\\\/\\\/www.doit.hu\\\/rendszergazda\\\/hardver-hirek\\\/94-az-amd-bemutatta-az-uj-6w-os-beepitett-gx-210ja-apu-jat\\\/#article\",\"isPartOf\":{\"@id\":\"https:\\\/\\\/www.doit.hu\\\/rendszergazda\\\/hardver-hirek\\\/94-az-amd-bemutatta-az-uj-6w-os-beepitett-gx-210ja-apu-jat\\\/\"},\"author\":{\"name\":\"Docca Zrt.\",\"@id\":\"https:\\\/\\\/www.doit.hu\\\/rendszergazda\\\/#\\\/schema\\\/person\\\/ac60b29300a3d65825707a7bcd47aa7f\"},\"headline\":\"Az AMD bemutatta az \u00faj 6W-os be\u00e9p\u00edtett GX-210JA APU-j\u00e1t\",\"datePublished\":\"2019-04-15T11:28:00+00:00\",\"mainEntityOfPage\":{\"@id\":\"https:\\\/\\\/www.doit.hu\\\/rendszergazda\\\/hardver-hirek\\\/94-az-amd-bemutatta-az-uj-6w-os-beepitett-gx-210ja-apu-jat\\\/\"},\"wordCount\":160,\"publisher\":{\"@id\":\"https:\\\/\\\/www.doit.hu\\\/rendszergazda\\\/#organization\"},\"keywords\":[\"AMD\",\"APU\",\"chip\",\"GX-210JA APU\"],\"articleSection\":[\"Hardver h\u00edrek\"],\"inLanguage\":\"hu\"},{\"@type\":\"WebPage\",\"@id\":\"https:\\\/\\\/www.doit.hu\\\/rendszergazda\\\/hardver-hirek\\\/94-az-amd-bemutatta-az-uj-6w-os-beepitett-gx-210ja-apu-jat\\\/\",\"url\":\"https:\\\/\\\/www.doit.hu\\\/rendszergazda\\\/hardver-hirek\\\/94-az-amd-bemutatta-az-uj-6w-os-beepitett-gx-210ja-apu-jat\\\/\",\"name\":\"Az AMD bemutatta az \u00faj 6W-os be\u00e9p\u00edtett GX-210JA APU-j\u00e1t\",\"isPartOf\":{\"@id\":\"https:\\\/\\\/www.doit.hu\\\/rendszergazda\\\/#website\"},\"datePublished\":\"2019-04-15T11:28:00+00:00\",\"description\":\"Az AMD bejelentette a G-sz\u00e9ria csal\u00e1dj\u00e1nak b\u0151v\u00fcl\u00e9s\u00e9t az \u00faj GX-210JA APU-val.\",\"breadcrumb\":{\"@id\":\"https:\\\/\\\/www.doit.hu\\\/rendszergazda\\\/hardver-hirek\\\/94-az-amd-bemutatta-az-uj-6w-os-beepitett-gx-210ja-apu-jat\\\/#breadcrumb\"},\"inLanguage\":\"hu\",\"potentialAction\":[{\"@type\":\"ReadAction\",\"target\":[\"https:\\\/\\\/www.doit.hu\\\/rendszergazda\\\/hardver-hirek\\\/94-az-amd-bemutatta-az-uj-6w-os-beepitett-gx-210ja-apu-jat\\\/\"]}]},{\"@type\":\"BreadcrumbList\",\"@id\":\"https:\\\/\\\/www.doit.hu\\\/rendszergazda\\\/hardver-hirek\\\/94-az-amd-bemutatta-az-uj-6w-os-beepitett-gx-210ja-apu-jat\\\/#breadcrumb\",\"itemListElement\":[{\"@type\":\"ListItem\",\"position\":1,\"name\":\"Home\",\"item\":\"https:\\\/\\\/www.doit.hu\\\/rendszergazda\\\/fooldal-flexi\\\/\"},{\"@type\":\"ListItem\",\"position\":2,\"name\":\"Az AMD bemutatta az \u00faj 6W-os be\u00e9p\u00edtett GX-210JA APU-j\u00e1t\"}]},{\"@type\":\"WebSite\",\"@id\":\"https:\\\/\\\/www.doit.hu\\\/rendszergazda\\\/#website\",\"url\":\"https:\\\/\\\/www.doit.hu\\\/rendszergazda\\\/\",\"name\":\"Rendszergazda szolg\u00e1ltat\u00e1s\",\"description\":\"\",\"publisher\":{\"@id\":\"https:\\\/\\\/www.doit.hu\\\/rendszergazda\\\/#organization\"},\"potentialAction\":[{\"@type\":\"SearchAction\",\"target\":{\"@type\":\"EntryPoint\",\"urlTemplate\":\"https:\\\/\\\/www.doit.hu\\\/rendszergazda\\\/?s={search_term_string}\"},\"query-input\":{\"@type\":\"PropertyValueSpecification\",\"valueRequired\":true,\"valueName\":\"search_term_string\"}}],\"inLanguage\":\"hu\"},{\"@type\":\"Organization\",\"@id\":\"https:\\\/\\\/www.doit.hu\\\/rendszergazda\\\/#organization\",\"name\":\"DOCCA Zrt.\",\"url\":\"https:\\\/\\\/www.doit.hu\\\/rendszergazda\\\/\",\"logo\":{\"@type\":\"ImageObject\",\"inLanguage\":\"hu\",\"@id\":\"https:\\\/\\\/www.doit.hu\\\/rendszergazda\\\/#\\\/schema\\\/logo\\\/image\\\/\",\"url\":\"https:\\\/\\\/www.doit.hu\\\/rendszergazda\\\/wp-content\\\/uploads\\\/2019\\\/04\\\/logo.png\",\"contentUrl\":\"https:\\\/\\\/www.doit.hu\\\/rendszergazda\\\/wp-content\\\/uploads\\\/2019\\\/04\\\/logo.png\",\"width\":263,\"height\":82,\"caption\":\"DOCCA Zrt.\"},\"image\":{\"@id\":\"https:\\\/\\\/www.doit.hu\\\/rendszergazda\\\/#\\\/schema\\\/logo\\\/image\\\/\"},\"sameAs\":[\"https:\\\/\\\/www.facebook.com\\\/DoccaZrt\"]},{\"@type\":\"Person\",\"@id\":\"https:\\\/\\\/www.doit.hu\\\/rendszergazda\\\/#\\\/schema\\\/person\\\/ac60b29300a3d65825707a7bcd47aa7f\",\"name\":\"Docca Zrt.\",\"image\":{\"@type\":\"ImageObject\",\"inLanguage\":\"hu\",\"@id\":\"https:\\\/\\\/secure.gravatar.com\\\/avatar\\\/7e3762308ab47147572d4e9f68e02b65139742dfdbb8f7a7314f3c5064a3dbe7?s=96&d=mm&r=g\",\"url\":\"https:\\\/\\\/secure.gravatar.com\\\/avatar\\\/7e3762308ab47147572d4e9f68e02b65139742dfdbb8f7a7314f3c5064a3dbe7?s=96&d=mm&r=g\",\"contentUrl\":\"https:\\\/\\\/secure.gravatar.com\\\/avatar\\\/7e3762308ab47147572d4e9f68e02b65139742dfdbb8f7a7314f3c5064a3dbe7?s=96&d=mm&r=g\",\"caption\":\"Docca Zrt.\"},\"url\":\"https:\\\/\\\/www.doit.hu\\\/rendszergazda\\\/author\\\/docca\\\/\"}]}<\/script>\n<!-- \/ Yoast SEO plugin. -->","yoast_head_json":{"title":"Az AMD bemutatta az \u00faj 6W-os be\u00e9p\u00edtett GX-210JA APU-j\u00e1t","description":"Az AMD bejelentette a G-sz\u00e9ria csal\u00e1dj\u00e1nak b\u0151v\u00fcl\u00e9s\u00e9t az \u00faj GX-210JA APU-val.","robots":{"index":"index","follow":"follow","max-snippet":"max-snippet:-1","max-image-preview":"max-image-preview:large","max-video-preview":"max-video-preview:-1"},"canonical":"https:\/\/www.doit.hu\/rendszergazda\/hardver-hirek\/94-az-amd-bemutatta-az-uj-6w-os-beepitett-gx-210ja-apu-jat\/","og_locale":"hu_HU","og_type":"article","og_title":"Az AMD bemutatta az \u00faj 6W-os be\u00e9p\u00edtett GX-210JA APU-j\u00e1t","og_description":"Az AMD bejelentette a G-sz\u00e9ria csal\u00e1dj\u00e1nak b\u0151v\u00fcl\u00e9s\u00e9t az \u00faj GX-210JA APU-val.","og_url":"https:\/\/www.doit.hu\/rendszergazda\/hardver-hirek\/94-az-amd-bemutatta-az-uj-6w-os-beepitett-gx-210ja-apu-jat\/","og_site_name":"Rendszergazda szolg\u00e1ltat\u00e1s","article_publisher":"https:\/\/www.facebook.com\/DoccaZrt","article_published_time":"2019-04-15T11:28:00+00:00","author":"Docca Zrt.","twitter_card":"summary_large_image","twitter_misc":{"Szerz\u0151:":"Docca Zrt.","Becs\u00fclt olvas\u00e1si id\u0151":"1 perc"},"schema":{"@context":"https:\/\/schema.org","@graph":[{"@type":"Article","@id":"https:\/\/www.doit.hu\/rendszergazda\/hardver-hirek\/94-az-amd-bemutatta-az-uj-6w-os-beepitett-gx-210ja-apu-jat\/#article","isPartOf":{"@id":"https:\/\/www.doit.hu\/rendszergazda\/hardver-hirek\/94-az-amd-bemutatta-az-uj-6w-os-beepitett-gx-210ja-apu-jat\/"},"author":{"name":"Docca Zrt.","@id":"https:\/\/www.doit.hu\/rendszergazda\/#\/schema\/person\/ac60b29300a3d65825707a7bcd47aa7f"},"headline":"Az AMD bemutatta az \u00faj 6W-os be\u00e9p\u00edtett GX-210JA APU-j\u00e1t","datePublished":"2019-04-15T11:28:00+00:00","mainEntityOfPage":{"@id":"https:\/\/www.doit.hu\/rendszergazda\/hardver-hirek\/94-az-amd-bemutatta-az-uj-6w-os-beepitett-gx-210ja-apu-jat\/"},"wordCount":160,"publisher":{"@id":"https:\/\/www.doit.hu\/rendszergazda\/#organization"},"keywords":["AMD","APU","chip","GX-210JA APU"],"articleSection":["Hardver h\u00edrek"],"inLanguage":"hu"},{"@type":"WebPage","@id":"https:\/\/www.doit.hu\/rendszergazda\/hardver-hirek\/94-az-amd-bemutatta-az-uj-6w-os-beepitett-gx-210ja-apu-jat\/","url":"https:\/\/www.doit.hu\/rendszergazda\/hardver-hirek\/94-az-amd-bemutatta-az-uj-6w-os-beepitett-gx-210ja-apu-jat\/","name":"Az AMD bemutatta az \u00faj 6W-os be\u00e9p\u00edtett GX-210JA APU-j\u00e1t","isPartOf":{"@id":"https:\/\/www.doit.hu\/rendszergazda\/#website"},"datePublished":"2019-04-15T11:28:00+00:00","description":"Az AMD bejelentette a G-sz\u00e9ria csal\u00e1dj\u00e1nak b\u0151v\u00fcl\u00e9s\u00e9t az \u00faj GX-210JA APU-val.","breadcrumb":{"@id":"https:\/\/www.doit.hu\/rendszergazda\/hardver-hirek\/94-az-amd-bemutatta-az-uj-6w-os-beepitett-gx-210ja-apu-jat\/#breadcrumb"},"inLanguage":"hu","potentialAction":[{"@type":"ReadAction","target":["https:\/\/www.doit.hu\/rendszergazda\/hardver-hirek\/94-az-amd-bemutatta-az-uj-6w-os-beepitett-gx-210ja-apu-jat\/"]}]},{"@type":"BreadcrumbList","@id":"https:\/\/www.doit.hu\/rendszergazda\/hardver-hirek\/94-az-amd-bemutatta-az-uj-6w-os-beepitett-gx-210ja-apu-jat\/#breadcrumb","itemListElement":[{"@type":"ListItem","position":1,"name":"Home","item":"https:\/\/www.doit.hu\/rendszergazda\/fooldal-flexi\/"},{"@type":"ListItem","position":2,"name":"Az AMD bemutatta az \u00faj 6W-os be\u00e9p\u00edtett GX-210JA APU-j\u00e1t"}]},{"@type":"WebSite","@id":"https:\/\/www.doit.hu\/rendszergazda\/#website","url":"https:\/\/www.doit.hu\/rendszergazda\/","name":"Rendszergazda szolg\u00e1ltat\u00e1s","description":"","publisher":{"@id":"https:\/\/www.doit.hu\/rendszergazda\/#organization"},"potentialAction":[{"@type":"SearchAction","target":{"@type":"EntryPoint","urlTemplate":"https:\/\/www.doit.hu\/rendszergazda\/?s={search_term_string}"},"query-input":{"@type":"PropertyValueSpecification","valueRequired":true,"valueName":"search_term_string"}}],"inLanguage":"hu"},{"@type":"Organization","@id":"https:\/\/www.doit.hu\/rendszergazda\/#organization","name":"DOCCA Zrt.","url":"https:\/\/www.doit.hu\/rendszergazda\/","logo":{"@type":"ImageObject","inLanguage":"hu","@id":"https:\/\/www.doit.hu\/rendszergazda\/#\/schema\/logo\/image\/","url":"https:\/\/www.doit.hu\/rendszergazda\/wp-content\/uploads\/2019\/04\/logo.png","contentUrl":"https:\/\/www.doit.hu\/rendszergazda\/wp-content\/uploads\/2019\/04\/logo.png","width":263,"height":82,"caption":"DOCCA Zrt."},"image":{"@id":"https:\/\/www.doit.hu\/rendszergazda\/#\/schema\/logo\/image\/"},"sameAs":["https:\/\/www.facebook.com\/DoccaZrt"]},{"@type":"Person","@id":"https:\/\/www.doit.hu\/rendszergazda\/#\/schema\/person\/ac60b29300a3d65825707a7bcd47aa7f","name":"Docca Zrt.","image":{"@type":"ImageObject","inLanguage":"hu","@id":"https:\/\/secure.gravatar.com\/avatar\/7e3762308ab47147572d4e9f68e02b65139742dfdbb8f7a7314f3c5064a3dbe7?s=96&d=mm&r=g","url":"https:\/\/secure.gravatar.com\/avatar\/7e3762308ab47147572d4e9f68e02b65139742dfdbb8f7a7314f3c5064a3dbe7?s=96&d=mm&r=g","contentUrl":"https:\/\/secure.gravatar.com\/avatar\/7e3762308ab47147572d4e9f68e02b65139742dfdbb8f7a7314f3c5064a3dbe7?s=96&d=mm&r=g","caption":"Docca Zrt."},"url":"https:\/\/www.doit.hu\/rendszergazda\/author\/docca\/"}]}},"_links":{"self":[{"href":"https:\/\/www.doit.hu\/rendszergazda\/wp-json\/wp\/v2\/posts\/765","targetHints":{"allow":["GET"]}}],"collection":[{"href":"https:\/\/www.doit.hu\/rendszergazda\/wp-json\/wp\/v2\/posts"}],"about":[{"href":"https:\/\/www.doit.hu\/rendszergazda\/wp-json\/wp\/v2\/types\/post"}],"author":[{"embeddable":true,"href":"https:\/\/www.doit.hu\/rendszergazda\/wp-json\/wp\/v2\/users\/7"}],"replies":[{"embeddable":true,"href":"https:\/\/www.doit.hu\/rendszergazda\/wp-json\/wp\/v2\/comments?post=765"}],"version-history":[{"count":1,"href":"https:\/\/www.doit.hu\/rendszergazda\/wp-json\/wp\/v2\/posts\/765\/revisions"}],"predecessor-version":[{"id":766,"href":"https:\/\/www.doit.hu\/rendszergazda\/wp-json\/wp\/v2\/posts\/765\/revisions\/766"}],"wp:attachment":[{"href":"https:\/\/www.doit.hu\/rendszergazda\/wp-json\/wp\/v2\/media?parent=765"}],"wp:term":[{"taxonomy":"category","embeddable":true,"href":"https:\/\/www.doit.hu\/rendszergazda\/wp-json\/wp\/v2\/categories?post=765"},{"taxonomy":"post_tag","embeddable":true,"href":"https:\/\/www.doit.hu\/rendszergazda\/wp-json\/wp\/v2\/tags?post=765"}],"curies":[{"name":"wp","href":"https:\/\/api.w.org\/{rel}","templated":true}]}}