{"id":717,"date":"2019-04-15T09:00:39","date_gmt":"2019-04-15T09:00:39","guid":{"rendered":"http:\/\/www.doit.hu\/rendszergazda\/?p=717"},"modified":"2019-04-15T09:00:57","modified_gmt":"2019-04-15T09:00:57","slug":"326-jon-az-intel-7-generacios-processzora-a-nagykozonseg-szamara-4k-uhd-felbontassal","status":"publish","type":"post","link":"https:\/\/www.doit.hu\/rendszergazda\/hardver-hirek\/326-jon-az-intel-7-generacios-processzora-a-nagykozonseg-szamara-4k-uhd-felbontassal\/","title":{"rendered":"J\u00f6n az Intel 7. gener\u00e1ci\u00f3s processzora a nagyk\u00f6z\u00f6ns\u00e9g sz\u00e1m\u00e1ra 4K UHD felbont\u00e1ssal"},"content":{"rendered":"<p><strong>Az Intel rem\u00e9nyei szerint a 4K UHD felbont\u00e1ssal, 360 fokos vide\u00f3val \u00e9s nagy felbont\u00e1s\u00fa vide\u00f3 streaminggel ell\u00e1tott \u00faj, 7. gener\u00e1ci\u00f3s Intel Core processzorcsal\u00e1d adja majd a mai fogyaszt\u00f3k \u00e1ltal egyre ink\u00e1bb elv\u00e1rt, gazdag tartalommal b\u00edr\u00f3 \u201e\u00e9lm\u00e9nyinternet\u201d pl. pl. a 4K UHD felbont\u00e1s, virtu\u00e1lis val\u00f3s\u00e1g, e-sportok \u2013 gerinc\u00e9t.<\/strong><!--more--><\/p>\n<p><img loading=\"lazy\" decoding=\"async\" class=\"aligncenter size-full wp-image-718\" src=\"http:\/\/www.doit.hu\/rendszergazda\/wp-content\/uploads\/2019\/04\/intel_7gen_processor.jpg\" alt=\"\" width=\"770\" height=\"327\" srcset=\"https:\/\/www.doit.hu\/rendszergazda\/wp-content\/uploads\/2019\/04\/intel_7gen_processor.jpg 770w, https:\/\/www.doit.hu\/rendszergazda\/wp-content\/uploads\/2019\/04\/intel_7gen_processor-300x127.jpg 300w, https:\/\/www.doit.hu\/rendszergazda\/wp-content\/uploads\/2019\/04\/intel_7gen_processor-768x326.jpg 768w, https:\/\/www.doit.hu\/rendszergazda\/wp-content\/uploads\/2019\/04\/intel_7gen_processor-705x299.jpg 705w, https:\/\/www.doit.hu\/rendszergazda\/wp-content\/uploads\/2019\/04\/intel_7gen_processor-450x191.jpg 450w\" sizes=\"auto, (max-width: 770px) 100vw, 770px\" \/><\/p>\n<p>Karen Regis, a c\u00e9g mobil platform marketing igazgat\u00f3ja szerint a PC ehhez ide\u00e1lis eszk\u00f6z, viszont megfelel\u0151 er\u0151ss\u00e9g\u0171 processzor kell ahhoz, hogy alkalmazkodni tudjon az \u00faj trendekhez.<\/p>\n<p>A \u201eKaby Lake\u201d munkan\u00e9v alatt fejlesztett 7. gener\u00e1ci\u00f3s processzorok alapja a tavalyi Skylake. A 14 nm-es cs\u00edksz\u00e9less\u00e9g\u0171 processzorokat \u00faj m\u00e9dia motor t\u00e1mogatja, amelyet \u00faj HEVC 10 bites dek\u00f3dol\u00f3val szereltek fel, hogy ak\u00e1r 4K UHD-s m\u00e9diatartalmat is le tudjon j\u00e1tszani, ill. \u00faj VP9 dek\u00f3dol\u00f3t is kapott a tov\u00e1bbfejlesztett 4K UHD, 4K 360-fokos lej\u00e1tsz\u00e1sra, mialatt egyszerre t\u00f6bb m\u0171veletet v\u00e9gez.<\/p>\n<p>A processzorcsal\u00e1d \u2013 amely tartalmazza az Intel Core m3, Intel Core i5 \u00e9s i7 processzorokat \u2013 Intel HD Graphics, Turbo Boost \u00e9s Speed Shift k\u00e9pess\u00e9gekkel is rendelkezik majd, ill. jav\u00edtottak a fot\u00f3 \u00e9s videoszerkeszt\u00e9s, a t\u00f6bbsz\u00f6r\u00f6s video streamel\u00e9s \u00e9s nagy felbont\u00e1s\u00fa video chat ter\u00fcleteken is.<\/p>\n<p>Az Intel t\u00e1j\u00e9koztat\u00e1sa szerint az el\u0151z\u0151 gener\u00e1ci\u00f3s hardware-hez k\u00e9pest \u201ejelent\u0151sen\u201d javul a teljes\u00edtm\u00e9ny az \u00faj kodekeknek \u00e9s az \u00faj \u201em\u00e9dia blokk\u201d-nak k\u00f6sz\u00f6nhet\u0151en, amelyek n\u00f6velik a hardware gyorsul\u00e1s\u00e1t mind a kodekek mind a sz\u00ednm\u00e9lys\u00e9g tekintet\u00e9ben.<\/p>\n<p>A c\u00e9g azt is \u00e1ll\u00edtja, hogy az \u00faj processzorokkal a fogyaszt\u00f3k \u00e1tlagosan 9.5 \u00f3r\u00e1n \u00e1t n\u00e9zhetnek 4K-s vide\u00f3kat gond n\u00e9lk\u00fcl.<\/p>\n<p>A 7. gener\u00e1ci\u00f3s processzorok t\u00e1mogatj\u00e1k a Gen 3 PCIe haszn\u00e1lat\u00e1t is az adat\u00e1tviteli sebess\u00e9g n\u00f6veked\u00e9s\u00e9vel.<\/p>\n<p>Ezen fel\u00fcl, m\u00edg az Intel els\u0151 gener\u00e1ci\u00f3s processzorai 18 wattot haszn\u00e1ltak tervez\u00e9si pontk\u00e9nt, a 7. gener\u00e1ci\u00f3 csak 4.5 wattot fogyaszt, amely t\u00f6bb \u00e9vtizedes viszonylatban \u00f3ri\u00e1si hat\u00e9konys\u00e1gn\u00f6veked\u00e9st jelent.<\/p>\n<p>Az Intel sz\u00e1m\u00edt\u00e1sa szerint az \u00faj processzorcsal\u00e1ddal felszerelt k\u00e9sz\u00fcl\u00e9keket szeptemberig sz\u00e1ll\u00edtj\u00e1k, \u00e9s az els\u0151 hull\u00e1mhoz t\u00f6bb mint 100 term\u00e9ket fejlesztettek az \u00faj hardware felhaszn\u00e1l\u00e1s\u00e1val, k\u00fcl\u00f6nb\u00f6z\u0151 \u00e1rszinteken. 2017 janu\u00e1rig v\u00e1rhat\u00f3an kb. 350 \u00faj diz\u00e1jnt dobnak piacra.<\/p>\n<p>&nbsp;<\/p>\n<p>Forr\u00e1s:\u00a0<a href=\"http:\/\/www.zdnet.com\/article\/intel-launches-7th-generation-processor-to-push-4k-uhd-to-the-masses\/?ftag=TREc64629f&amp;bhid=25388616453624388980928144427822\">ZDNet<\/a>.<\/p>\n","protected":false},"excerpt":{"rendered":"<p>Az Intel rem\u00e9nyei szerint a 4K UHD felbont\u00e1ssal, 360 fokos vide\u00f3val \u00e9s nagy felbont\u00e1s\u00fa vide\u00f3 streaminggel ell\u00e1tott \u00faj, 7. gener\u00e1ci\u00f3s Intel Core processzorcsal\u00e1d adja majd a mai fogyaszt\u00f3k \u00e1ltal egyre ink\u00e1bb elv\u00e1rt, gazdag tartalommal b\u00edr\u00f3 \u201e\u00e9lm\u00e9nyinternet\u201d pl. pl. a 4K UHD felbont\u00e1s, virtu\u00e1lis val\u00f3s\u00e1g, e-sportok \u2013 gerinc\u00e9t.<\/p>\n","protected":false},"author":7,"featured_media":718,"comment_status":"closed","ping_status":"closed","sticky":false,"template":"","format":"standard","meta":{"footnotes":""},"categories":[3],"tags":[561,560,559,562],"class_list":["post-717","post","type-post","status-publish","format-standard","has-post-thumbnail","hentry","category-hardver-hirek","tag-4k-uhd-felbontas","tag-intel-7-generacios-processzor","tag-intel-processzor","tag-intelcore"],"yoast_head":"<!-- This site is optimized with the Yoast SEO plugin v27.4 - https:\/\/yoast.com\/product\/yoast-seo-wordpress\/ -->\n<title>J\u00f6n az Intel 7. gener\u00e1ci\u00f3s processzora 4K UHD felbont\u00e1ssal<\/title>\n<meta name=\"description\" content=\"Az Intel rem\u00e9nyei szerint a 4K UHD felbont\u00e1ssal, 360 fokos vide\u00f3val \u00e9s nagy felbont\u00e1s\u00fa vide\u00f3 streaminggel ell\u00e1tott \u00faj, 7. gener\u00e1ci\u00f3s Intel Core processzorcsal\u00e1d adja majd\" \/>\n<meta name=\"robots\" content=\"index, follow, max-snippet:-1, max-image-preview:large, max-video-preview:-1\" \/>\n<link rel=\"canonical\" href=\"https:\/\/www.doit.hu\/rendszergazda\/hardver-hirek\/326-jon-az-intel-7-generacios-processzora-a-nagykozonseg-szamara-4k-uhd-felbontassal\/\" \/>\n<meta property=\"og:locale\" content=\"hu_HU\" \/>\n<meta property=\"og:type\" content=\"article\" \/>\n<meta property=\"og:title\" content=\"J\u00f6n az Intel 7. gener\u00e1ci\u00f3s processzora 4K UHD felbont\u00e1ssal\" \/>\n<meta property=\"og:description\" content=\"Az Intel rem\u00e9nyei szerint a 4K UHD felbont\u00e1ssal, 360 fokos vide\u00f3val \u00e9s nagy felbont\u00e1s\u00fa vide\u00f3 streaminggel ell\u00e1tott \u00faj, 7. gener\u00e1ci\u00f3s Intel Core processzorcsal\u00e1d adja majd\" \/>\n<meta property=\"og:url\" content=\"https:\/\/www.doit.hu\/rendszergazda\/hardver-hirek\/326-jon-az-intel-7-generacios-processzora-a-nagykozonseg-szamara-4k-uhd-felbontassal\/\" \/>\n<meta property=\"og:site_name\" content=\"Rendszergazda szolg\u00e1ltat\u00e1s\" \/>\n<meta property=\"article:publisher\" content=\"https:\/\/www.facebook.com\/DoccaZrt\" \/>\n<meta property=\"article:published_time\" content=\"2019-04-15T09:00:39+00:00\" \/>\n<meta property=\"article:modified_time\" content=\"2019-04-15T09:00:57+00:00\" \/>\n<meta property=\"og:image\" content=\"https:\/\/www.doit.hu\/rendszergazda\/wp-content\/uploads\/2019\/04\/intel_7gen_processor.jpg\" \/>\n\t<meta property=\"og:image:width\" content=\"770\" \/>\n\t<meta property=\"og:image:height\" content=\"327\" \/>\n\t<meta property=\"og:image:type\" content=\"image\/jpeg\" \/>\n<meta name=\"author\" content=\"Docca Zrt.\" \/>\n<meta name=\"twitter:card\" content=\"summary_large_image\" \/>\n<meta name=\"twitter:label1\" content=\"Szerz\u0151:\" \/>\n\t<meta name=\"twitter:data1\" content=\"Docca Zrt.\" \/>\n\t<meta name=\"twitter:label2\" content=\"Becs\u00fclt olvas\u00e1si id\u0151\" \/>\n\t<meta name=\"twitter:data2\" content=\"2 perc\" \/>\n<script type=\"application\/ld+json\" class=\"yoast-schema-graph\">{\"@context\":\"https:\\\/\\\/schema.org\",\"@graph\":[{\"@type\":\"Article\",\"@id\":\"https:\\\/\\\/www.doit.hu\\\/rendszergazda\\\/hardver-hirek\\\/326-jon-az-intel-7-generacios-processzora-a-nagykozonseg-szamara-4k-uhd-felbontassal\\\/#article\",\"isPartOf\":{\"@id\":\"https:\\\/\\\/www.doit.hu\\\/rendszergazda\\\/hardver-hirek\\\/326-jon-az-intel-7-generacios-processzora-a-nagykozonseg-szamara-4k-uhd-felbontassal\\\/\"},\"author\":{\"name\":\"Docca Zrt.\",\"@id\":\"https:\\\/\\\/www.doit.hu\\\/rendszergazda\\\/#\\\/schema\\\/person\\\/e847b4d1d3b6243f1a27bc18e31bd4b6\"},\"headline\":\"J\u00f6n az Intel 7. gener\u00e1ci\u00f3s processzora a nagyk\u00f6z\u00f6ns\u00e9g sz\u00e1m\u00e1ra 4K UHD felbont\u00e1ssal\",\"datePublished\":\"2019-04-15T09:00:39+00:00\",\"dateModified\":\"2019-04-15T09:00:57+00:00\",\"mainEntityOfPage\":{\"@id\":\"https:\\\/\\\/www.doit.hu\\\/rendszergazda\\\/hardver-hirek\\\/326-jon-az-intel-7-generacios-processzora-a-nagykozonseg-szamara-4k-uhd-felbontassal\\\/\"},\"wordCount\":447,\"publisher\":{\"@id\":\"https:\\\/\\\/www.doit.hu\\\/rendszergazda\\\/#organization\"},\"image\":{\"@id\":\"https:\\\/\\\/www.doit.hu\\\/rendszergazda\\\/hardver-hirek\\\/326-jon-az-intel-7-generacios-processzora-a-nagykozonseg-szamara-4k-uhd-felbontassal\\\/#primaryimage\"},\"thumbnailUrl\":\"https:\\\/\\\/www.doit.hu\\\/rendszergazda\\\/wp-content\\\/uploads\\\/2019\\\/04\\\/intel_7gen_processor.jpg\",\"keywords\":[\"4k UHD felbont\u00e1s\",\"intel 7. gener\u00e1ci\u00f3s processzor\",\"intel processzor\",\"IntelCore\"],\"articleSection\":[\"Hardver h\u00edrek\"],\"inLanguage\":\"hu\"},{\"@type\":\"WebPage\",\"@id\":\"https:\\\/\\\/www.doit.hu\\\/rendszergazda\\\/hardver-hirek\\\/326-jon-az-intel-7-generacios-processzora-a-nagykozonseg-szamara-4k-uhd-felbontassal\\\/\",\"url\":\"https:\\\/\\\/www.doit.hu\\\/rendszergazda\\\/hardver-hirek\\\/326-jon-az-intel-7-generacios-processzora-a-nagykozonseg-szamara-4k-uhd-felbontassal\\\/\",\"name\":\"J\u00f6n az Intel 7. gener\u00e1ci\u00f3s processzora 4K UHD felbont\u00e1ssal\",\"isPartOf\":{\"@id\":\"https:\\\/\\\/www.doit.hu\\\/rendszergazda\\\/#website\"},\"primaryImageOfPage\":{\"@id\":\"https:\\\/\\\/www.doit.hu\\\/rendszergazda\\\/hardver-hirek\\\/326-jon-az-intel-7-generacios-processzora-a-nagykozonseg-szamara-4k-uhd-felbontassal\\\/#primaryimage\"},\"image\":{\"@id\":\"https:\\\/\\\/www.doit.hu\\\/rendszergazda\\\/hardver-hirek\\\/326-jon-az-intel-7-generacios-processzora-a-nagykozonseg-szamara-4k-uhd-felbontassal\\\/#primaryimage\"},\"thumbnailUrl\":\"https:\\\/\\\/www.doit.hu\\\/rendszergazda\\\/wp-content\\\/uploads\\\/2019\\\/04\\\/intel_7gen_processor.jpg\",\"datePublished\":\"2019-04-15T09:00:39+00:00\",\"dateModified\":\"2019-04-15T09:00:57+00:00\",\"description\":\"Az Intel rem\u00e9nyei szerint a 4K UHD felbont\u00e1ssal, 360 fokos vide\u00f3val \u00e9s nagy felbont\u00e1s\u00fa vide\u00f3 streaminggel ell\u00e1tott \u00faj, 7. gener\u00e1ci\u00f3s Intel Core processzorcsal\u00e1d adja majd\",\"breadcrumb\":{\"@id\":\"https:\\\/\\\/www.doit.hu\\\/rendszergazda\\\/hardver-hirek\\\/326-jon-az-intel-7-generacios-processzora-a-nagykozonseg-szamara-4k-uhd-felbontassal\\\/#breadcrumb\"},\"inLanguage\":\"hu\",\"potentialAction\":[{\"@type\":\"ReadAction\",\"target\":[\"https:\\\/\\\/www.doit.hu\\\/rendszergazda\\\/hardver-hirek\\\/326-jon-az-intel-7-generacios-processzora-a-nagykozonseg-szamara-4k-uhd-felbontassal\\\/\"]}]},{\"@type\":\"ImageObject\",\"inLanguage\":\"hu\",\"@id\":\"https:\\\/\\\/www.doit.hu\\\/rendszergazda\\\/hardver-hirek\\\/326-jon-az-intel-7-generacios-processzora-a-nagykozonseg-szamara-4k-uhd-felbontassal\\\/#primaryimage\",\"url\":\"https:\\\/\\\/www.doit.hu\\\/rendszergazda\\\/wp-content\\\/uploads\\\/2019\\\/04\\\/intel_7gen_processor.jpg\",\"contentUrl\":\"https:\\\/\\\/www.doit.hu\\\/rendszergazda\\\/wp-content\\\/uploads\\\/2019\\\/04\\\/intel_7gen_processor.jpg\",\"width\":770,\"height\":327},{\"@type\":\"BreadcrumbList\",\"@id\":\"https:\\\/\\\/www.doit.hu\\\/rendszergazda\\\/hardver-hirek\\\/326-jon-az-intel-7-generacios-processzora-a-nagykozonseg-szamara-4k-uhd-felbontassal\\\/#breadcrumb\",\"itemListElement\":[{\"@type\":\"ListItem\",\"position\":1,\"name\":\"Home\",\"item\":\"https:\\\/\\\/www.doit.hu\\\/rendszergazda\\\/fooldal-flexi\\\/\"},{\"@type\":\"ListItem\",\"position\":2,\"name\":\"J\u00f6n az Intel 7. gener\u00e1ci\u00f3s processzora a nagyk\u00f6z\u00f6ns\u00e9g sz\u00e1m\u00e1ra 4K UHD felbont\u00e1ssal\"}]},{\"@type\":\"WebSite\",\"@id\":\"https:\\\/\\\/www.doit.hu\\\/rendszergazda\\\/#website\",\"url\":\"https:\\\/\\\/www.doit.hu\\\/rendszergazda\\\/\",\"name\":\"Rendszergazda szolg\u00e1ltat\u00e1s\",\"description\":\"\",\"publisher\":{\"@id\":\"https:\\\/\\\/www.doit.hu\\\/rendszergazda\\\/#organization\"},\"potentialAction\":[{\"@type\":\"SearchAction\",\"target\":{\"@type\":\"EntryPoint\",\"urlTemplate\":\"https:\\\/\\\/www.doit.hu\\\/rendszergazda\\\/?s={search_term_string}\"},\"query-input\":{\"@type\":\"PropertyValueSpecification\",\"valueRequired\":true,\"valueName\":\"search_term_string\"}}],\"inLanguage\":\"hu\"},{\"@type\":\"Organization\",\"@id\":\"https:\\\/\\\/www.doit.hu\\\/rendszergazda\\\/#organization\",\"name\":\"DOCCA Zrt.\",\"url\":\"https:\\\/\\\/www.doit.hu\\\/rendszergazda\\\/\",\"logo\":{\"@type\":\"ImageObject\",\"inLanguage\":\"hu\",\"@id\":\"https:\\\/\\\/www.doit.hu\\\/rendszergazda\\\/#\\\/schema\\\/logo\\\/image\\\/\",\"url\":\"https:\\\/\\\/www.doit.hu\\\/rendszergazda\\\/wp-content\\\/uploads\\\/2019\\\/04\\\/logo.png\",\"contentUrl\":\"https:\\\/\\\/www.doit.hu\\\/rendszergazda\\\/wp-content\\\/uploads\\\/2019\\\/04\\\/logo.png\",\"width\":263,\"height\":82,\"caption\":\"DOCCA Zrt.\"},\"image\":{\"@id\":\"https:\\\/\\\/www.doit.hu\\\/rendszergazda\\\/#\\\/schema\\\/logo\\\/image\\\/\"},\"sameAs\":[\"https:\\\/\\\/www.facebook.com\\\/DoccaZrt\"]},{\"@type\":\"Person\",\"@id\":\"https:\\\/\\\/www.doit.hu\\\/rendszergazda\\\/#\\\/schema\\\/person\\\/e847b4d1d3b6243f1a27bc18e31bd4b6\",\"name\":\"Docca Zrt.\",\"image\":{\"@type\":\"ImageObject\",\"inLanguage\":\"hu\",\"@id\":\"https:\\\/\\\/secure.gravatar.com\\\/avatar\\\/7e3762308ab47147572d4e9f68e02b65139742dfdbb8f7a7314f3c5064a3dbe7?s=96&d=mm&r=g\",\"url\":\"https:\\\/\\\/secure.gravatar.com\\\/avatar\\\/7e3762308ab47147572d4e9f68e02b65139742dfdbb8f7a7314f3c5064a3dbe7?s=96&d=mm&r=g\",\"contentUrl\":\"https:\\\/\\\/secure.gravatar.com\\\/avatar\\\/7e3762308ab47147572d4e9f68e02b65139742dfdbb8f7a7314f3c5064a3dbe7?s=96&d=mm&r=g\",\"caption\":\"Docca Zrt.\"},\"url\":\"https:\\\/\\\/www.doit.hu\\\/rendszergazda\\\/author\\\/docca\\\/\"}]}<\/script>\n<!-- \/ Yoast SEO plugin. -->","yoast_head_json":{"title":"J\u00f6n az Intel 7. gener\u00e1ci\u00f3s processzora 4K UHD felbont\u00e1ssal","description":"Az Intel rem\u00e9nyei szerint a 4K UHD felbont\u00e1ssal, 360 fokos vide\u00f3val \u00e9s nagy felbont\u00e1s\u00fa vide\u00f3 streaminggel ell\u00e1tott \u00faj, 7. gener\u00e1ci\u00f3s Intel Core processzorcsal\u00e1d adja majd","robots":{"index":"index","follow":"follow","max-snippet":"max-snippet:-1","max-image-preview":"max-image-preview:large","max-video-preview":"max-video-preview:-1"},"canonical":"https:\/\/www.doit.hu\/rendszergazda\/hardver-hirek\/326-jon-az-intel-7-generacios-processzora-a-nagykozonseg-szamara-4k-uhd-felbontassal\/","og_locale":"hu_HU","og_type":"article","og_title":"J\u00f6n az Intel 7. gener\u00e1ci\u00f3s processzora 4K UHD felbont\u00e1ssal","og_description":"Az Intel rem\u00e9nyei szerint a 4K UHD felbont\u00e1ssal, 360 fokos vide\u00f3val \u00e9s nagy felbont\u00e1s\u00fa vide\u00f3 streaminggel ell\u00e1tott \u00faj, 7. gener\u00e1ci\u00f3s Intel Core processzorcsal\u00e1d adja majd","og_url":"https:\/\/www.doit.hu\/rendszergazda\/hardver-hirek\/326-jon-az-intel-7-generacios-processzora-a-nagykozonseg-szamara-4k-uhd-felbontassal\/","og_site_name":"Rendszergazda szolg\u00e1ltat\u00e1s","article_publisher":"https:\/\/www.facebook.com\/DoccaZrt","article_published_time":"2019-04-15T09:00:39+00:00","article_modified_time":"2019-04-15T09:00:57+00:00","og_image":[{"width":770,"height":327,"url":"https:\/\/www.doit.hu\/rendszergazda\/wp-content\/uploads\/2019\/04\/intel_7gen_processor.jpg","type":"image\/jpeg"}],"author":"Docca Zrt.","twitter_card":"summary_large_image","twitter_misc":{"Szerz\u0151:":"Docca Zrt.","Becs\u00fclt olvas\u00e1si id\u0151":"2 perc"},"schema":{"@context":"https:\/\/schema.org","@graph":[{"@type":"Article","@id":"https:\/\/www.doit.hu\/rendszergazda\/hardver-hirek\/326-jon-az-intel-7-generacios-processzora-a-nagykozonseg-szamara-4k-uhd-felbontassal\/#article","isPartOf":{"@id":"https:\/\/www.doit.hu\/rendszergazda\/hardver-hirek\/326-jon-az-intel-7-generacios-processzora-a-nagykozonseg-szamara-4k-uhd-felbontassal\/"},"author":{"name":"Docca Zrt.","@id":"https:\/\/www.doit.hu\/rendszergazda\/#\/schema\/person\/e847b4d1d3b6243f1a27bc18e31bd4b6"},"headline":"J\u00f6n az Intel 7. gener\u00e1ci\u00f3s processzora a nagyk\u00f6z\u00f6ns\u00e9g sz\u00e1m\u00e1ra 4K UHD felbont\u00e1ssal","datePublished":"2019-04-15T09:00:39+00:00","dateModified":"2019-04-15T09:00:57+00:00","mainEntityOfPage":{"@id":"https:\/\/www.doit.hu\/rendszergazda\/hardver-hirek\/326-jon-az-intel-7-generacios-processzora-a-nagykozonseg-szamara-4k-uhd-felbontassal\/"},"wordCount":447,"publisher":{"@id":"https:\/\/www.doit.hu\/rendszergazda\/#organization"},"image":{"@id":"https:\/\/www.doit.hu\/rendszergazda\/hardver-hirek\/326-jon-az-intel-7-generacios-processzora-a-nagykozonseg-szamara-4k-uhd-felbontassal\/#primaryimage"},"thumbnailUrl":"https:\/\/www.doit.hu\/rendszergazda\/wp-content\/uploads\/2019\/04\/intel_7gen_processor.jpg","keywords":["4k UHD felbont\u00e1s","intel 7. gener\u00e1ci\u00f3s processzor","intel processzor","IntelCore"],"articleSection":["Hardver h\u00edrek"],"inLanguage":"hu"},{"@type":"WebPage","@id":"https:\/\/www.doit.hu\/rendszergazda\/hardver-hirek\/326-jon-az-intel-7-generacios-processzora-a-nagykozonseg-szamara-4k-uhd-felbontassal\/","url":"https:\/\/www.doit.hu\/rendszergazda\/hardver-hirek\/326-jon-az-intel-7-generacios-processzora-a-nagykozonseg-szamara-4k-uhd-felbontassal\/","name":"J\u00f6n az Intel 7. gener\u00e1ci\u00f3s processzora 4K UHD felbont\u00e1ssal","isPartOf":{"@id":"https:\/\/www.doit.hu\/rendszergazda\/#website"},"primaryImageOfPage":{"@id":"https:\/\/www.doit.hu\/rendszergazda\/hardver-hirek\/326-jon-az-intel-7-generacios-processzora-a-nagykozonseg-szamara-4k-uhd-felbontassal\/#primaryimage"},"image":{"@id":"https:\/\/www.doit.hu\/rendszergazda\/hardver-hirek\/326-jon-az-intel-7-generacios-processzora-a-nagykozonseg-szamara-4k-uhd-felbontassal\/#primaryimage"},"thumbnailUrl":"https:\/\/www.doit.hu\/rendszergazda\/wp-content\/uploads\/2019\/04\/intel_7gen_processor.jpg","datePublished":"2019-04-15T09:00:39+00:00","dateModified":"2019-04-15T09:00:57+00:00","description":"Az Intel rem\u00e9nyei szerint a 4K UHD felbont\u00e1ssal, 360 fokos vide\u00f3val \u00e9s nagy felbont\u00e1s\u00fa vide\u00f3 streaminggel ell\u00e1tott \u00faj, 7. gener\u00e1ci\u00f3s Intel Core processzorcsal\u00e1d adja majd","breadcrumb":{"@id":"https:\/\/www.doit.hu\/rendszergazda\/hardver-hirek\/326-jon-az-intel-7-generacios-processzora-a-nagykozonseg-szamara-4k-uhd-felbontassal\/#breadcrumb"},"inLanguage":"hu","potentialAction":[{"@type":"ReadAction","target":["https:\/\/www.doit.hu\/rendszergazda\/hardver-hirek\/326-jon-az-intel-7-generacios-processzora-a-nagykozonseg-szamara-4k-uhd-felbontassal\/"]}]},{"@type":"ImageObject","inLanguage":"hu","@id":"https:\/\/www.doit.hu\/rendszergazda\/hardver-hirek\/326-jon-az-intel-7-generacios-processzora-a-nagykozonseg-szamara-4k-uhd-felbontassal\/#primaryimage","url":"https:\/\/www.doit.hu\/rendszergazda\/wp-content\/uploads\/2019\/04\/intel_7gen_processor.jpg","contentUrl":"https:\/\/www.doit.hu\/rendszergazda\/wp-content\/uploads\/2019\/04\/intel_7gen_processor.jpg","width":770,"height":327},{"@type":"BreadcrumbList","@id":"https:\/\/www.doit.hu\/rendszergazda\/hardver-hirek\/326-jon-az-intel-7-generacios-processzora-a-nagykozonseg-szamara-4k-uhd-felbontassal\/#breadcrumb","itemListElement":[{"@type":"ListItem","position":1,"name":"Home","item":"https:\/\/www.doit.hu\/rendszergazda\/fooldal-flexi\/"},{"@type":"ListItem","position":2,"name":"J\u00f6n az Intel 7. gener\u00e1ci\u00f3s processzora a nagyk\u00f6z\u00f6ns\u00e9g sz\u00e1m\u00e1ra 4K UHD felbont\u00e1ssal"}]},{"@type":"WebSite","@id":"https:\/\/www.doit.hu\/rendszergazda\/#website","url":"https:\/\/www.doit.hu\/rendszergazda\/","name":"Rendszergazda szolg\u00e1ltat\u00e1s","description":"","publisher":{"@id":"https:\/\/www.doit.hu\/rendszergazda\/#organization"},"potentialAction":[{"@type":"SearchAction","target":{"@type":"EntryPoint","urlTemplate":"https:\/\/www.doit.hu\/rendszergazda\/?s={search_term_string}"},"query-input":{"@type":"PropertyValueSpecification","valueRequired":true,"valueName":"search_term_string"}}],"inLanguage":"hu"},{"@type":"Organization","@id":"https:\/\/www.doit.hu\/rendszergazda\/#organization","name":"DOCCA Zrt.","url":"https:\/\/www.doit.hu\/rendszergazda\/","logo":{"@type":"ImageObject","inLanguage":"hu","@id":"https:\/\/www.doit.hu\/rendszergazda\/#\/schema\/logo\/image\/","url":"https:\/\/www.doit.hu\/rendszergazda\/wp-content\/uploads\/2019\/04\/logo.png","contentUrl":"https:\/\/www.doit.hu\/rendszergazda\/wp-content\/uploads\/2019\/04\/logo.png","width":263,"height":82,"caption":"DOCCA Zrt."},"image":{"@id":"https:\/\/www.doit.hu\/rendszergazda\/#\/schema\/logo\/image\/"},"sameAs":["https:\/\/www.facebook.com\/DoccaZrt"]},{"@type":"Person","@id":"https:\/\/www.doit.hu\/rendszergazda\/#\/schema\/person\/e847b4d1d3b6243f1a27bc18e31bd4b6","name":"Docca Zrt.","image":{"@type":"ImageObject","inLanguage":"hu","@id":"https:\/\/secure.gravatar.com\/avatar\/7e3762308ab47147572d4e9f68e02b65139742dfdbb8f7a7314f3c5064a3dbe7?s=96&d=mm&r=g","url":"https:\/\/secure.gravatar.com\/avatar\/7e3762308ab47147572d4e9f68e02b65139742dfdbb8f7a7314f3c5064a3dbe7?s=96&d=mm&r=g","contentUrl":"https:\/\/secure.gravatar.com\/avatar\/7e3762308ab47147572d4e9f68e02b65139742dfdbb8f7a7314f3c5064a3dbe7?s=96&d=mm&r=g","caption":"Docca Zrt."},"url":"https:\/\/www.doit.hu\/rendszergazda\/author\/docca\/"}]}},"_links":{"self":[{"href":"https:\/\/www.doit.hu\/rendszergazda\/wp-json\/wp\/v2\/posts\/717","targetHints":{"allow":["GET"]}}],"collection":[{"href":"https:\/\/www.doit.hu\/rendszergazda\/wp-json\/wp\/v2\/posts"}],"about":[{"href":"https:\/\/www.doit.hu\/rendszergazda\/wp-json\/wp\/v2\/types\/post"}],"author":[{"embeddable":true,"href":"https:\/\/www.doit.hu\/rendszergazda\/wp-json\/wp\/v2\/users\/7"}],"replies":[{"embeddable":true,"href":"https:\/\/www.doit.hu\/rendszergazda\/wp-json\/wp\/v2\/comments?post=717"}],"version-history":[{"count":1,"href":"https:\/\/www.doit.hu\/rendszergazda\/wp-json\/wp\/v2\/posts\/717\/revisions"}],"predecessor-version":[{"id":719,"href":"https:\/\/www.doit.hu\/rendszergazda\/wp-json\/wp\/v2\/posts\/717\/revisions\/719"}],"wp:featuredmedia":[{"embeddable":true,"href":"https:\/\/www.doit.hu\/rendszergazda\/wp-json\/wp\/v2\/media\/718"}],"wp:attachment":[{"href":"https:\/\/www.doit.hu\/rendszergazda\/wp-json\/wp\/v2\/media?parent=717"}],"wp:term":[{"taxonomy":"category","embeddable":true,"href":"https:\/\/www.doit.hu\/rendszergazda\/wp-json\/wp\/v2\/categories?post=717"},{"taxonomy":"post_tag","embeddable":true,"href":"https:\/\/www.doit.hu\/rendszergazda\/wp-json\/wp\/v2\/tags?post=717"}],"curies":[{"name":"wp","href":"https:\/\/api.w.org\/{rel}","templated":true}]}}