{"id":676,"date":"2019-04-15T08:01:42","date_gmt":"2019-04-15T08:01:42","guid":{"rendered":"http:\/\/www.doit.hu\/rendszergazda\/?p=676"},"modified":"2019-04-15T08:01:42","modified_gmt":"2019-04-15T08:01:42","slug":"104-windows-8-disable-lock-screen","status":"publish","type":"post","link":"https:\/\/www.doit.hu\/rendszergazda\/hogyan-kell\/104-windows-8-disable-lock-screen\/","title":{"rendered":"Windows 8 kezd\u0151k\u00e9perny\u0151 letilt\u00e1sa"},"content":{"rendered":"<p><strong>A Windows 8 elind\u00edt\u00e1s\u00e1t k\u00f6vet\u0151en a k\u00e9perny\u0151z\u00e1rral tal\u00e1lkozunk. Ez egy nagyon sz\u00e9p oldal viszont nincs rajta semmi, amib\u0151l ki lehetne tal\u00e1lni, hogy mi a k\u00f6vetkez\u0151 teend\u0151.<\/strong><\/p>\n<p><!--more--><\/p>\n<p>A bejelentkez\u0151 k\u00e9perny\u0151 megjelen\u00edt\u00e9s\u00e9hez nyomjunk le egy billenty\u0171t, vagy g\u00f6rgess\u00fcnk az eg\u00e9rrel. Ha szeretn\u00e9nk kihagyni ezt a l\u00e9p\u00e9st \u00e9s azonnal a bejelentkez\u0151 k\u00e9perny\u0151h\u00f6z akarunk jutni a sz\u00e1m\u00edt\u00f3g\u00e9p bekapcsol\u00e1s\u00e1t k\u00f6vet\u0151en, akkor a k\u00f6vetkez\u0151ket kell tenn\u00fcnk:<\/p>\n<p>&nbsp;<\/p>\n<p>&#8211; Klikkelj\u00fcnk a Start men\u00fcre majd g\u00e9pelj\u00fck be a\u00a0REGEDIT parancsot.<\/p>\n<p>&#8211; Keress\u00fck meg a\u00a0HKEY_LOCAL_MACHINE\\SOFTWARE\\Policies\\Microsoft\\Windows\\Personalization kulcsot (ha nem l\u00e9tezik, hozzuk l\u00e9tre\u00a0a Personalization kulcsot).<\/p>\n<p>&#8211; Kattintsunk a jobb eg\u00e9rgombbal a jobboldali panelen \u00e9s v\u00e1lasszuk ki az \u00daj, Duplasz\u00f3 parancsot.<\/p>\n<p>&#8211; A Duplasz\u00f3 \u00e9rt\u00e9ket\u00a0NoLockScreen -nek nevezz\u00fck el.<\/p>\n<p>&#8211; Kattintsunk r\u00e1 dupl\u00e1n \u00e9s \u00e1ll\u00edtsuk \u00e1t 1-re az \u00e9rt\u00e9ket.<\/p>\n<p>&#8211; Ind\u00edtsuk \u00fajra a rendszert.<\/p>\n<p><img loading=\"lazy\" decoding=\"async\" class=\"aligncenter size-full wp-image-677\" src=\"http:\/\/www.doit.hu\/rendszergazda\/wp-content\/uploads\/2019\/04\/Windows-8-kezdkperny.png\" alt=\"\" width=\"600\" height=\"450\" srcset=\"https:\/\/www.doit.hu\/rendszergazda\/wp-content\/uploads\/2019\/04\/Windows-8-kezdkperny.png 600w, https:\/\/www.doit.hu\/rendszergazda\/wp-content\/uploads\/2019\/04\/Windows-8-kezdkperny-300x225.png 300w, https:\/\/www.doit.hu\/rendszergazda\/wp-content\/uploads\/2019\/04\/Windows-8-kezdkperny-450x338.png 450w\" sizes=\"auto, (max-width: 600px) 100vw, 600px\" \/><\/p>\n<p>A vissza\u00e1ll\u00edt\u00e1shoz a\u00a0NoLockScreen \u00e9rt\u00e9k\u00e9t m\u00f3dos\u00edtsuk 0-ra, vagy t\u00f6r\u00f6lj\u00fck a bejegyz\u00e9st.<\/p>\n<p>Forr\u00e1s:\u00a0<a href=\"http:\/\/netacademia.blog.hu\/2012\/12\/06\/windows_8_tippek-trukkok\">NetAcademia<\/a>,\u00a0<a href=\"http:\/\/www.techradar.com\/news\/software\/operating-systems\/50-windows-8-tips-tricks-and-secrets-1028220\/3#articleContent\">Techradar<\/a><\/p>\n<p>&nbsp;<\/p>\n<p style=\"text-align: center;\">Tov\u00e1bbi tan\u00e1csok\u00e9rt keresse fel\u00a0<strong><a href=\"https:\/\/www.doit.hu\/rendszergazda\/index.php\/hogyan-kell\">rendszergazda blogunkat<\/a><\/strong>!<\/p>\n","protected":false},"excerpt":{"rendered":"<p>A Windows 8 elind\u00edt\u00e1s\u00e1t k\u00f6vet\u0151en a k\u00e9perny\u0151z\u00e1rral tal\u00e1lkozunk. Ez egy nagyon sz\u00e9p oldal viszont nincs rajta semmi, amib\u0151l ki lehetne tal\u00e1lni, hogy mi a k\u00f6vetkez\u0151 teend\u0151.<\/p>\n","protected":false},"author":7,"featured_media":677,"comment_status":"closed","ping_status":"closed","sticky":false,"template":"","format":"standard","meta":{"footnotes":""},"categories":[2],"tags":[512,511,281,510],"class_list":["post-676","post","type-post","status-publish","format-standard","has-post-thumbnail","hentry","category-hogyan-kell","tag-kepernyozar","tag-kezdokepernyo-letiltasa","tag-windows-8","tag-windows-8-kezdokepernyo"],"yoast_head":"<!-- This site is optimized with the Yoast SEO plugin v27.4 - https:\/\/yoast.com\/product\/yoast-seo-wordpress\/ -->\n<title>Windows 8 kezd\u0151k\u00e9perny\u0151 letilt\u00e1sa<\/title>\n<meta name=\"description\" content=\"A Windows 8 elind\u00edt\u00e1s\u00e1t k\u00f6vet\u0151en a k\u00e9perny\u0151z\u00e1rral tal\u00e1lkozunk. Ez egy nagyon sz\u00e9p oldal viszont nincs rajta semmi, amib\u0151l ki lehetne tal\u00e1lni, hogy mi a k\u00f6vetkez\u0151 teend\u0151.\" \/>\n<meta name=\"robots\" content=\"index, follow, max-snippet:-1, max-image-preview:large, max-video-preview:-1\" \/>\n<link rel=\"canonical\" href=\"https:\/\/www.doit.hu\/rendszergazda\/hogyan-kell\/104-windows-8-disable-lock-screen\/\" \/>\n<meta property=\"og:locale\" content=\"hu_HU\" \/>\n<meta property=\"og:type\" content=\"article\" \/>\n<meta property=\"og:title\" content=\"Windows 8 kezd\u0151k\u00e9perny\u0151 letilt\u00e1sa\" \/>\n<meta property=\"og:description\" content=\"A Windows 8 elind\u00edt\u00e1s\u00e1t k\u00f6vet\u0151en a k\u00e9perny\u0151z\u00e1rral tal\u00e1lkozunk. Ez egy nagyon sz\u00e9p oldal viszont nincs rajta semmi, amib\u0151l ki lehetne tal\u00e1lni, hogy mi a k\u00f6vetkez\u0151 teend\u0151.\" \/>\n<meta property=\"og:url\" content=\"https:\/\/www.doit.hu\/rendszergazda\/hogyan-kell\/104-windows-8-disable-lock-screen\/\" \/>\n<meta property=\"og:site_name\" content=\"Rendszergazda szolg\u00e1ltat\u00e1s\" \/>\n<meta property=\"article:publisher\" content=\"https:\/\/www.facebook.com\/DoccaZrt\" \/>\n<meta property=\"article:published_time\" content=\"2019-04-15T08:01:42+00:00\" \/>\n<meta property=\"og:image\" content=\"https:\/\/www.doit.hu\/rendszergazda\/wp-content\/uploads\/2019\/04\/Windows-8-kezdkperny.png\" \/>\n\t<meta property=\"og:image:width\" content=\"600\" \/>\n\t<meta property=\"og:image:height\" content=\"450\" \/>\n\t<meta property=\"og:image:type\" content=\"image\/png\" \/>\n<meta name=\"author\" content=\"Docca Zrt.\" \/>\n<meta name=\"twitter:card\" content=\"summary_large_image\" \/>\n<meta name=\"twitter:label1\" content=\"Szerz\u0151:\" \/>\n\t<meta name=\"twitter:data1\" content=\"Docca Zrt.\" \/>\n\t<meta name=\"twitter:label2\" content=\"Becs\u00fclt olvas\u00e1si id\u0151\" \/>\n\t<meta name=\"twitter:data2\" content=\"1 perc\" \/>\n<script type=\"application\/ld+json\" class=\"yoast-schema-graph\">{\"@context\":\"https:\\\/\\\/schema.org\",\"@graph\":[{\"@type\":\"Article\",\"@id\":\"https:\\\/\\\/www.doit.hu\\\/rendszergazda\\\/hogyan-kell\\\/104-windows-8-disable-lock-screen\\\/#article\",\"isPartOf\":{\"@id\":\"https:\\\/\\\/www.doit.hu\\\/rendszergazda\\\/hogyan-kell\\\/104-windows-8-disable-lock-screen\\\/\"},\"author\":{\"name\":\"Docca Zrt.\",\"@id\":\"https:\\\/\\\/www.doit.hu\\\/rendszergazda\\\/#\\\/schema\\\/person\\\/ac60b29300a3d65825707a7bcd47aa7f\"},\"headline\":\"Windows 8 kezd\u0151k\u00e9perny\u0151 letilt\u00e1sa\",\"datePublished\":\"2019-04-15T08:01:42+00:00\",\"mainEntityOfPage\":{\"@id\":\"https:\\\/\\\/www.doit.hu\\\/rendszergazda\\\/hogyan-kell\\\/104-windows-8-disable-lock-screen\\\/\"},\"wordCount\":225,\"publisher\":{\"@id\":\"https:\\\/\\\/www.doit.hu\\\/rendszergazda\\\/#organization\"},\"image\":{\"@id\":\"https:\\\/\\\/www.doit.hu\\\/rendszergazda\\\/hogyan-kell\\\/104-windows-8-disable-lock-screen\\\/#primaryimage\"},\"thumbnailUrl\":\"https:\\\/\\\/www.doit.hu\\\/rendszergazda\\\/wp-content\\\/uploads\\\/2019\\\/04\\\/Windows-8-kezdkperny.png\",\"keywords\":[\"k\u00e9perny\u0151z\u00e1r\",\"kezd\u0151k\u00e9perny\u0151 letilt\u00e1sa\",\"windows 8\",\"windows 8 kezd\u0151k\u00e9perny\u0151\"],\"articleSection\":[\"Hogyan kell\"],\"inLanguage\":\"hu\"},{\"@type\":\"WebPage\",\"@id\":\"https:\\\/\\\/www.doit.hu\\\/rendszergazda\\\/hogyan-kell\\\/104-windows-8-disable-lock-screen\\\/\",\"url\":\"https:\\\/\\\/www.doit.hu\\\/rendszergazda\\\/hogyan-kell\\\/104-windows-8-disable-lock-screen\\\/\",\"name\":\"Windows 8 kezd\u0151k\u00e9perny\u0151 letilt\u00e1sa\",\"isPartOf\":{\"@id\":\"https:\\\/\\\/www.doit.hu\\\/rendszergazda\\\/#website\"},\"primaryImageOfPage\":{\"@id\":\"https:\\\/\\\/www.doit.hu\\\/rendszergazda\\\/hogyan-kell\\\/104-windows-8-disable-lock-screen\\\/#primaryimage\"},\"image\":{\"@id\":\"https:\\\/\\\/www.doit.hu\\\/rendszergazda\\\/hogyan-kell\\\/104-windows-8-disable-lock-screen\\\/#primaryimage\"},\"thumbnailUrl\":\"https:\\\/\\\/www.doit.hu\\\/rendszergazda\\\/wp-content\\\/uploads\\\/2019\\\/04\\\/Windows-8-kezdkperny.png\",\"datePublished\":\"2019-04-15T08:01:42+00:00\",\"description\":\"A Windows 8 elind\u00edt\u00e1s\u00e1t k\u00f6vet\u0151en a k\u00e9perny\u0151z\u00e1rral tal\u00e1lkozunk. Ez egy nagyon sz\u00e9p oldal viszont nincs rajta semmi, amib\u0151l ki lehetne tal\u00e1lni, hogy mi a k\u00f6vetkez\u0151 teend\u0151.\",\"breadcrumb\":{\"@id\":\"https:\\\/\\\/www.doit.hu\\\/rendszergazda\\\/hogyan-kell\\\/104-windows-8-disable-lock-screen\\\/#breadcrumb\"},\"inLanguage\":\"hu\",\"potentialAction\":[{\"@type\":\"ReadAction\",\"target\":[\"https:\\\/\\\/www.doit.hu\\\/rendszergazda\\\/hogyan-kell\\\/104-windows-8-disable-lock-screen\\\/\"]}]},{\"@type\":\"ImageObject\",\"inLanguage\":\"hu\",\"@id\":\"https:\\\/\\\/www.doit.hu\\\/rendszergazda\\\/hogyan-kell\\\/104-windows-8-disable-lock-screen\\\/#primaryimage\",\"url\":\"https:\\\/\\\/www.doit.hu\\\/rendszergazda\\\/wp-content\\\/uploads\\\/2019\\\/04\\\/Windows-8-kezdkperny.png\",\"contentUrl\":\"https:\\\/\\\/www.doit.hu\\\/rendszergazda\\\/wp-content\\\/uploads\\\/2019\\\/04\\\/Windows-8-kezdkperny.png\",\"width\":600,\"height\":450},{\"@type\":\"BreadcrumbList\",\"@id\":\"https:\\\/\\\/www.doit.hu\\\/rendszergazda\\\/hogyan-kell\\\/104-windows-8-disable-lock-screen\\\/#breadcrumb\",\"itemListElement\":[{\"@type\":\"ListItem\",\"position\":1,\"name\":\"Home\",\"item\":\"https:\\\/\\\/www.doit.hu\\\/rendszergazda\\\/fooldal-flexi\\\/\"},{\"@type\":\"ListItem\",\"position\":2,\"name\":\"Windows 8 kezd\u0151k\u00e9perny\u0151 letilt\u00e1sa\"}]},{\"@type\":\"WebSite\",\"@id\":\"https:\\\/\\\/www.doit.hu\\\/rendszergazda\\\/#website\",\"url\":\"https:\\\/\\\/www.doit.hu\\\/rendszergazda\\\/\",\"name\":\"Rendszergazda szolg\u00e1ltat\u00e1s\",\"description\":\"\",\"publisher\":{\"@id\":\"https:\\\/\\\/www.doit.hu\\\/rendszergazda\\\/#organization\"},\"potentialAction\":[{\"@type\":\"SearchAction\",\"target\":{\"@type\":\"EntryPoint\",\"urlTemplate\":\"https:\\\/\\\/www.doit.hu\\\/rendszergazda\\\/?s={search_term_string}\"},\"query-input\":{\"@type\":\"PropertyValueSpecification\",\"valueRequired\":true,\"valueName\":\"search_term_string\"}}],\"inLanguage\":\"hu\"},{\"@type\":\"Organization\",\"@id\":\"https:\\\/\\\/www.doit.hu\\\/rendszergazda\\\/#organization\",\"name\":\"DOCCA Zrt.\",\"url\":\"https:\\\/\\\/www.doit.hu\\\/rendszergazda\\\/\",\"logo\":{\"@type\":\"ImageObject\",\"inLanguage\":\"hu\",\"@id\":\"https:\\\/\\\/www.doit.hu\\\/rendszergazda\\\/#\\\/schema\\\/logo\\\/image\\\/\",\"url\":\"https:\\\/\\\/www.doit.hu\\\/rendszergazda\\\/wp-content\\\/uploads\\\/2019\\\/04\\\/logo.png\",\"contentUrl\":\"https:\\\/\\\/www.doit.hu\\\/rendszergazda\\\/wp-content\\\/uploads\\\/2019\\\/04\\\/logo.png\",\"width\":263,\"height\":82,\"caption\":\"DOCCA Zrt.\"},\"image\":{\"@id\":\"https:\\\/\\\/www.doit.hu\\\/rendszergazda\\\/#\\\/schema\\\/logo\\\/image\\\/\"},\"sameAs\":[\"https:\\\/\\\/www.facebook.com\\\/DoccaZrt\"]},{\"@type\":\"Person\",\"@id\":\"https:\\\/\\\/www.doit.hu\\\/rendszergazda\\\/#\\\/schema\\\/person\\\/ac60b29300a3d65825707a7bcd47aa7f\",\"name\":\"Docca Zrt.\",\"image\":{\"@type\":\"ImageObject\",\"inLanguage\":\"hu\",\"@id\":\"https:\\\/\\\/secure.gravatar.com\\\/avatar\\\/7e3762308ab47147572d4e9f68e02b65139742dfdbb8f7a7314f3c5064a3dbe7?s=96&d=mm&r=g\",\"url\":\"https:\\\/\\\/secure.gravatar.com\\\/avatar\\\/7e3762308ab47147572d4e9f68e02b65139742dfdbb8f7a7314f3c5064a3dbe7?s=96&d=mm&r=g\",\"contentUrl\":\"https:\\\/\\\/secure.gravatar.com\\\/avatar\\\/7e3762308ab47147572d4e9f68e02b65139742dfdbb8f7a7314f3c5064a3dbe7?s=96&d=mm&r=g\",\"caption\":\"Docca Zrt.\"},\"url\":\"https:\\\/\\\/www.doit.hu\\\/rendszergazda\\\/author\\\/docca\\\/\"}]}<\/script>\n<!-- \/ Yoast SEO plugin. -->","yoast_head_json":{"title":"Windows 8 kezd\u0151k\u00e9perny\u0151 letilt\u00e1sa","description":"A Windows 8 elind\u00edt\u00e1s\u00e1t k\u00f6vet\u0151en a k\u00e9perny\u0151z\u00e1rral tal\u00e1lkozunk. Ez egy nagyon sz\u00e9p oldal viszont nincs rajta semmi, amib\u0151l ki lehetne tal\u00e1lni, hogy mi a k\u00f6vetkez\u0151 teend\u0151.","robots":{"index":"index","follow":"follow","max-snippet":"max-snippet:-1","max-image-preview":"max-image-preview:large","max-video-preview":"max-video-preview:-1"},"canonical":"https:\/\/www.doit.hu\/rendszergazda\/hogyan-kell\/104-windows-8-disable-lock-screen\/","og_locale":"hu_HU","og_type":"article","og_title":"Windows 8 kezd\u0151k\u00e9perny\u0151 letilt\u00e1sa","og_description":"A Windows 8 elind\u00edt\u00e1s\u00e1t k\u00f6vet\u0151en a k\u00e9perny\u0151z\u00e1rral tal\u00e1lkozunk. Ez egy nagyon sz\u00e9p oldal viszont nincs rajta semmi, amib\u0151l ki lehetne tal\u00e1lni, hogy mi a k\u00f6vetkez\u0151 teend\u0151.","og_url":"https:\/\/www.doit.hu\/rendszergazda\/hogyan-kell\/104-windows-8-disable-lock-screen\/","og_site_name":"Rendszergazda szolg\u00e1ltat\u00e1s","article_publisher":"https:\/\/www.facebook.com\/DoccaZrt","article_published_time":"2019-04-15T08:01:42+00:00","og_image":[{"width":600,"height":450,"url":"https:\/\/www.doit.hu\/rendszergazda\/wp-content\/uploads\/2019\/04\/Windows-8-kezdkperny.png","type":"image\/png"}],"author":"Docca Zrt.","twitter_card":"summary_large_image","twitter_misc":{"Szerz\u0151:":"Docca Zrt.","Becs\u00fclt olvas\u00e1si id\u0151":"1 perc"},"schema":{"@context":"https:\/\/schema.org","@graph":[{"@type":"Article","@id":"https:\/\/www.doit.hu\/rendszergazda\/hogyan-kell\/104-windows-8-disable-lock-screen\/#article","isPartOf":{"@id":"https:\/\/www.doit.hu\/rendszergazda\/hogyan-kell\/104-windows-8-disable-lock-screen\/"},"author":{"name":"Docca Zrt.","@id":"https:\/\/www.doit.hu\/rendszergazda\/#\/schema\/person\/ac60b29300a3d65825707a7bcd47aa7f"},"headline":"Windows 8 kezd\u0151k\u00e9perny\u0151 letilt\u00e1sa","datePublished":"2019-04-15T08:01:42+00:00","mainEntityOfPage":{"@id":"https:\/\/www.doit.hu\/rendszergazda\/hogyan-kell\/104-windows-8-disable-lock-screen\/"},"wordCount":225,"publisher":{"@id":"https:\/\/www.doit.hu\/rendszergazda\/#organization"},"image":{"@id":"https:\/\/www.doit.hu\/rendszergazda\/hogyan-kell\/104-windows-8-disable-lock-screen\/#primaryimage"},"thumbnailUrl":"https:\/\/www.doit.hu\/rendszergazda\/wp-content\/uploads\/2019\/04\/Windows-8-kezdkperny.png","keywords":["k\u00e9perny\u0151z\u00e1r","kezd\u0151k\u00e9perny\u0151 letilt\u00e1sa","windows 8","windows 8 kezd\u0151k\u00e9perny\u0151"],"articleSection":["Hogyan kell"],"inLanguage":"hu"},{"@type":"WebPage","@id":"https:\/\/www.doit.hu\/rendszergazda\/hogyan-kell\/104-windows-8-disable-lock-screen\/","url":"https:\/\/www.doit.hu\/rendszergazda\/hogyan-kell\/104-windows-8-disable-lock-screen\/","name":"Windows 8 kezd\u0151k\u00e9perny\u0151 letilt\u00e1sa","isPartOf":{"@id":"https:\/\/www.doit.hu\/rendszergazda\/#website"},"primaryImageOfPage":{"@id":"https:\/\/www.doit.hu\/rendszergazda\/hogyan-kell\/104-windows-8-disable-lock-screen\/#primaryimage"},"image":{"@id":"https:\/\/www.doit.hu\/rendszergazda\/hogyan-kell\/104-windows-8-disable-lock-screen\/#primaryimage"},"thumbnailUrl":"https:\/\/www.doit.hu\/rendszergazda\/wp-content\/uploads\/2019\/04\/Windows-8-kezdkperny.png","datePublished":"2019-04-15T08:01:42+00:00","description":"A Windows 8 elind\u00edt\u00e1s\u00e1t k\u00f6vet\u0151en a k\u00e9perny\u0151z\u00e1rral tal\u00e1lkozunk. Ez egy nagyon sz\u00e9p oldal viszont nincs rajta semmi, amib\u0151l ki lehetne tal\u00e1lni, hogy mi a k\u00f6vetkez\u0151 teend\u0151.","breadcrumb":{"@id":"https:\/\/www.doit.hu\/rendszergazda\/hogyan-kell\/104-windows-8-disable-lock-screen\/#breadcrumb"},"inLanguage":"hu","potentialAction":[{"@type":"ReadAction","target":["https:\/\/www.doit.hu\/rendszergazda\/hogyan-kell\/104-windows-8-disable-lock-screen\/"]}]},{"@type":"ImageObject","inLanguage":"hu","@id":"https:\/\/www.doit.hu\/rendszergazda\/hogyan-kell\/104-windows-8-disable-lock-screen\/#primaryimage","url":"https:\/\/www.doit.hu\/rendszergazda\/wp-content\/uploads\/2019\/04\/Windows-8-kezdkperny.png","contentUrl":"https:\/\/www.doit.hu\/rendszergazda\/wp-content\/uploads\/2019\/04\/Windows-8-kezdkperny.png","width":600,"height":450},{"@type":"BreadcrumbList","@id":"https:\/\/www.doit.hu\/rendszergazda\/hogyan-kell\/104-windows-8-disable-lock-screen\/#breadcrumb","itemListElement":[{"@type":"ListItem","position":1,"name":"Home","item":"https:\/\/www.doit.hu\/rendszergazda\/fooldal-flexi\/"},{"@type":"ListItem","position":2,"name":"Windows 8 kezd\u0151k\u00e9perny\u0151 letilt\u00e1sa"}]},{"@type":"WebSite","@id":"https:\/\/www.doit.hu\/rendszergazda\/#website","url":"https:\/\/www.doit.hu\/rendszergazda\/","name":"Rendszergazda szolg\u00e1ltat\u00e1s","description":"","publisher":{"@id":"https:\/\/www.doit.hu\/rendszergazda\/#organization"},"potentialAction":[{"@type":"SearchAction","target":{"@type":"EntryPoint","urlTemplate":"https:\/\/www.doit.hu\/rendszergazda\/?s={search_term_string}"},"query-input":{"@type":"PropertyValueSpecification","valueRequired":true,"valueName":"search_term_string"}}],"inLanguage":"hu"},{"@type":"Organization","@id":"https:\/\/www.doit.hu\/rendszergazda\/#organization","name":"DOCCA Zrt.","url":"https:\/\/www.doit.hu\/rendszergazda\/","logo":{"@type":"ImageObject","inLanguage":"hu","@id":"https:\/\/www.doit.hu\/rendszergazda\/#\/schema\/logo\/image\/","url":"https:\/\/www.doit.hu\/rendszergazda\/wp-content\/uploads\/2019\/04\/logo.png","contentUrl":"https:\/\/www.doit.hu\/rendszergazda\/wp-content\/uploads\/2019\/04\/logo.png","width":263,"height":82,"caption":"DOCCA Zrt."},"image":{"@id":"https:\/\/www.doit.hu\/rendszergazda\/#\/schema\/logo\/image\/"},"sameAs":["https:\/\/www.facebook.com\/DoccaZrt"]},{"@type":"Person","@id":"https:\/\/www.doit.hu\/rendszergazda\/#\/schema\/person\/ac60b29300a3d65825707a7bcd47aa7f","name":"Docca Zrt.","image":{"@type":"ImageObject","inLanguage":"hu","@id":"https:\/\/secure.gravatar.com\/avatar\/7e3762308ab47147572d4e9f68e02b65139742dfdbb8f7a7314f3c5064a3dbe7?s=96&d=mm&r=g","url":"https:\/\/secure.gravatar.com\/avatar\/7e3762308ab47147572d4e9f68e02b65139742dfdbb8f7a7314f3c5064a3dbe7?s=96&d=mm&r=g","contentUrl":"https:\/\/secure.gravatar.com\/avatar\/7e3762308ab47147572d4e9f68e02b65139742dfdbb8f7a7314f3c5064a3dbe7?s=96&d=mm&r=g","caption":"Docca Zrt."},"url":"https:\/\/www.doit.hu\/rendszergazda\/author\/docca\/"}]}},"_links":{"self":[{"href":"https:\/\/www.doit.hu\/rendszergazda\/wp-json\/wp\/v2\/posts\/676","targetHints":{"allow":["GET"]}}],"collection":[{"href":"https:\/\/www.doit.hu\/rendszergazda\/wp-json\/wp\/v2\/posts"}],"about":[{"href":"https:\/\/www.doit.hu\/rendszergazda\/wp-json\/wp\/v2\/types\/post"}],"author":[{"embeddable":true,"href":"https:\/\/www.doit.hu\/rendszergazda\/wp-json\/wp\/v2\/users\/7"}],"replies":[{"embeddable":true,"href":"https:\/\/www.doit.hu\/rendszergazda\/wp-json\/wp\/v2\/comments?post=676"}],"version-history":[{"count":1,"href":"https:\/\/www.doit.hu\/rendszergazda\/wp-json\/wp\/v2\/posts\/676\/revisions"}],"predecessor-version":[{"id":678,"href":"https:\/\/www.doit.hu\/rendszergazda\/wp-json\/wp\/v2\/posts\/676\/revisions\/678"}],"wp:featuredmedia":[{"embeddable":true,"href":"https:\/\/www.doit.hu\/rendszergazda\/wp-json\/wp\/v2\/media\/677"}],"wp:attachment":[{"href":"https:\/\/www.doit.hu\/rendszergazda\/wp-json\/wp\/v2\/media?parent=676"}],"wp:term":[{"taxonomy":"category","embeddable":true,"href":"https:\/\/www.doit.hu\/rendszergazda\/wp-json\/wp\/v2\/categories?post=676"},{"taxonomy":"post_tag","embeddable":true,"href":"https:\/\/www.doit.hu\/rendszergazda\/wp-json\/wp\/v2\/tags?post=676"}],"curies":[{"name":"wp","href":"https:\/\/api.w.org\/{rel}","templated":true}]}}