{"id":65,"date":"2019-04-08T13:02:57","date_gmt":"2019-04-08T13:02:57","guid":{"rendered":"http:\/\/www.doit.hu\/rendszergazda\/?p=65"},"modified":"2022-07-28T08:23:10","modified_gmt":"2022-07-28T08:23:10","slug":"399-hogyan-lehet-egy-instagramra-feltoltott-kepen-utolag-megjelolni-valakit","status":"publish","type":"post","link":"https:\/\/www.doit.hu\/rendszergazda\/hogyan-kell\/399-hogyan-lehet-egy-instagramra-feltoltott-kepen-utolag-megjelolni-valakit\/","title":{"rendered":"Hogyan lehet egy instagramra felt\u00f6lt\u00f6tt k\u00e9pen ut\u00f3lag megjel\u00f6lni valakit?"},"content":{"rendered":"<p><strong>Az Instagram kiv\u00e1l\u00f3 fel\u00fclet arra, hogy k\u00f6z\u00f6lj\u00fck a nagyvil\u00e1ggal, hogy \u00e9ppen kivel, hol, mit csin\u00e1lunk.<\/strong><\/p>\n<p><!--more--><\/p>\n<p>Sokf\u00e9le filtert haszn\u00e1lhatunk a k\u00e9peinkhez, #hashtag c\u00edmk\u00e9k sz\u00e1zaival telet\u0171zdelhetj\u00fck a k\u00e9phez \u00edrt bejegyz\u00e9seket, \u00e9s megjel\u00f6lhetj\u00fck azt a szem\u00e9lyt, akivel \u00e9pp vagyunk.<\/p>\n<p><img loading=\"lazy\" decoding=\"async\" class=\"aligncenter wp-image-66 size-medium\" src=\"https:\/\/www.doit.hu\/rendszergazda\/wp-content\/uploads\/2019\/04\/megjel\u00f6l\u00e9s_rendszergazda-300x198.jpg\" alt=\"Insta k\u00e9pen megjel\u00f6l\u00e9s ut\u00f3lag\" width=\"300\" height=\"198\" srcset=\"https:\/\/www.doit.hu\/rendszergazda\/wp-content\/uploads\/2019\/04\/megjel\u00f6l\u00e9s_rendszergazda-300x198.jpg 300w, https:\/\/www.doit.hu\/rendszergazda\/wp-content\/uploads\/2019\/04\/megjel\u00f6l\u00e9s_rendszergazda.jpg 640w, https:\/\/www.doit.hu\/rendszergazda\/wp-content\/uploads\/2019\/04\/megjel\u00f6l\u00e9s_rendszergazda-450x297.jpg 450w\" sizes=\"auto, (max-width: 300px) 100vw, 300px\" \/><\/p>\n<p>\u00c1m el\u0151fordulhat, hogy valamit elfelejt\u00fcnk oda\u00edrni, vagy valakit elfelejt\u00fcnk megjel\u00f6lni; egysz\u00f3val a poszt nem abban a form\u00e1ban ker\u00fclt ki, ahogy mi azt eltervezt\u00fck. Ekkor sem kell p\u00e1nikba esni, hiszen k\u00f6nnyed\u00e9n van ehet\u0151s\u00e9g ezeket p\u00f3tolni.<\/p>\n<p style=\"text-align: center;\"><a href=\"http:\/\/www.doit.hu\/rendszergazda\/hogyan-kell\/399-hogyan-lehet-egy-instagramra-feltoltott-kepen-utolag-megjelolni-valakit\/2\/\">HOGY HOGYAN? KATTINTS IDE!<\/a><\/p>\n<p>\u00a0<!--nextpage--><\/p>\n<p>Az Instagram kiv\u00e1l\u00f3 fel\u00fclet arra, hogy k\u00f6z\u00f6lj\u00fck a nagyvil\u00e1ggal, hogy \u00e9ppen kivel, hol, mit csin\u00e1lunk.<\/p>\n<p>Sokf\u00e9le filtert haszn\u00e1lhatunk a k\u00e9peinkhez, #hashtag c\u00edmk\u00e9k sz\u00e1zaival telet\u0171zdelhetj\u00fck a k\u00e9phez \u00edrt bejegyz\u00e9seket, \u00e9s megjel\u00f6lhetj\u00fck azt a szem\u00e9lyt, akivel \u00e9pp vagyunk.<\/p>\n<p><img loading=\"lazy\" decoding=\"async\" class=\"aligncenter wp-image-66 size-medium\" src=\"http:\/\/www.doit.hu\/rendszergazda\/wp-content\/uploads\/2019\/04\/megjel\u00f6l\u00e9s_rendszergazda-300x198.jpg\" alt=\"Insta k\u00e9pen megjel\u00f6l\u00e9s ut\u00f3lag\" width=\"300\" height=\"198\" srcset=\"https:\/\/www.doit.hu\/rendszergazda\/wp-content\/uploads\/2019\/04\/megjel\u00f6l\u00e9s_rendszergazda-300x198.jpg 300w, https:\/\/www.doit.hu\/rendszergazda\/wp-content\/uploads\/2019\/04\/megjel\u00f6l\u00e9s_rendszergazda.jpg 640w, https:\/\/www.doit.hu\/rendszergazda\/wp-content\/uploads\/2019\/04\/megjel\u00f6l\u00e9s_rendszergazda-450x297.jpg 450w\" sizes=\"auto, (max-width: 300px) 100vw, 300px\" \/><\/p>\n<p>\u00c1m el\u0151fordulhat, hogy valamit elfelejt\u00fcnk oda\u00edrni, vagy valakit elfelejt\u00fcnk megjel\u00f6lni; egysz\u00f3val a poszt nem abban a form\u00e1ban ker\u00fclt ki, ahogy mi azt eltervezt\u00fck. Ekkor sem kell p\u00e1nikba esni, hiszen k\u00f6nnyed\u00e9n van ehet\u0151s\u00e9g ezeket p\u00f3tolni.<\/p>\n<p>1. Els\u0151 l\u00e9p\u00e9sk\u00e9nt nyissuk meg az adott k\u00e9pet, majd kattintsunk a jobb f\u00f6ls\u0151 sark\u00e1ban l\u00e9v\u0151 h\u00e1rom pontra a men\u00fc megnyit\u00e1s\u00e1hoz.<\/p>\n<p>2. Ut\u00e1na v\u00e1lasszuk a szerkeszt\u00e9s\/edit opci\u00f3t, \u00edgy megjelenik a k\u00e9p, alatta a m\u00f3dos\u00edtand\u00f3 sz\u00f6veg, \u00e9s a bal als\u00f3 sarokban a megjel\u00f6ltek sz\u00e1ma. Ha m\u00e9g senki nincs megjel\u00f6lve, akkor szint\u00e9n az als\u00f3 sarokban tal\u00e1lunk egy olyat, hogy emberek hozz\u00e1ad\u00e1sa.<\/p>\n<p>3. Erre a bal als\u00f3 kis ikonra kattintva lehet\u0151s\u00e9g ny\u00edlik tov\u00e1bbi emberek megjel\u00f6l\u00e9s\u00e9re, illetve a m\u00e1r megjel\u00f6ltek m\u00f3dos\u00edt\u00e1s\u00e1ra, mozgat\u00e1s\u00e1ra. Az \u00fajabb megjel\u00f6l\u00e9shez kattintsunk a k\u00e9pre, \u00e9s \u00edrjuk be az illet\u0151 nev\u00e9t. A kor\u00e1bbi megjel\u00f6l\u00e9sek mozgat\u00e1s\u00e1ra csak \u00e9rints\u00fck hozz\u00e1 az ujjunkat a jel\u00f6l\u00e9shez, azt\u00e1n h\u00fazzuk a kiv\u00e1lasztott helyre.<\/p>\n<p>4. Most h\u00edvjuk fel a rendszergazd\u00e1t, \u00e9s \u00fajs\u00e1goljuk el neki, hogy m\u00e1r ezt is meg tudjuk csin\u00e1lni \ud83d\ude09<\/p>\n","protected":false},"excerpt":{"rendered":"<p>Az Instagram kiv\u00e1l\u00f3 fel\u00fclet arra, hogy k\u00f6z\u00f6lj\u00fck a nagyvil\u00e1ggal, hogy \u00e9ppen kivel, hol, mit csin\u00e1lunk.<\/p>\n","protected":false},"author":7,"featured_media":66,"comment_status":"closed","ping_status":"closed","sticky":false,"template":"","format":"standard","meta":{"footnotes":""},"categories":[2],"tags":[48,45,47,46,49],"class_list":["post-65","post","type-post","status-publish","format-standard","has-post-thumbnail","hentry","category-hogyan-kell","tag-bejegyzes","tag-instagram","tag-instagram-kep","tag-megjeloles","tag-utolag-megjeloles"],"yoast_head":"<!-- This site is optimized with the Yoast SEO plugin v27.4 - https:\/\/yoast.com\/product\/yoast-seo-wordpress\/ -->\n<title>Instagram k\u00e9pen megjel\u00f6l\u00e9s ut\u00f3lag | IT szolg\u00e1ltat\u00e1s blog | doit.hu<\/title>\n<meta name=\"description\" content=\"Instagram k\u00e9pen szeretne ut\u00f3lag megjel\u00f6lni valakit? Olvassa el IT szakembereink blog cikk\u00e9t, melyben bemutatjuk, hogy tudja megtenni.\" \/>\n<meta name=\"robots\" content=\"index, follow, max-snippet:-1, max-image-preview:large, max-video-preview:-1\" \/>\n<link rel=\"canonical\" href=\"https:\/\/www.doit.hu\/rendszergazda\/hogyan-kell\/399-hogyan-lehet-egy-instagramra-feltoltott-kepen-utolag-megjelolni-valakit\/\" \/>\n<link rel=\"next\" href=\"https:\/\/www.doit.hu\/rendszergazda\/hogyan-kell\/399-hogyan-lehet-egy-instagramra-feltoltott-kepen-utolag-megjelolni-valakit\/2\/\" \/>\n<meta property=\"og:locale\" content=\"hu_HU\" \/>\n<meta property=\"og:type\" content=\"article\" \/>\n<meta property=\"og:title\" content=\"Instagram k\u00e9pen megjel\u00f6l\u00e9s ut\u00f3lag | IT szolg\u00e1ltat\u00e1s blog | doit.hu\" \/>\n<meta property=\"og:description\" content=\"Instagram k\u00e9pen szeretne ut\u00f3lag megjel\u00f6lni valakit? Olvassa el IT szakembereink blog cikk\u00e9t, melyben bemutatjuk, hogy tudja megtenni.\" \/>\n<meta property=\"og:url\" content=\"https:\/\/www.doit.hu\/rendszergazda\/hogyan-kell\/399-hogyan-lehet-egy-instagramra-feltoltott-kepen-utolag-megjelolni-valakit\/\" \/>\n<meta property=\"og:site_name\" content=\"Rendszergazda szolg\u00e1ltat\u00e1s\" \/>\n<meta property=\"article:publisher\" content=\"https:\/\/www.facebook.com\/DoccaZrt\" \/>\n<meta property=\"article:published_time\" content=\"2019-04-08T13:02:57+00:00\" \/>\n<meta property=\"article:modified_time\" content=\"2022-07-28T08:23:10+00:00\" \/>\n<meta property=\"og:image\" content=\"https:\/\/www.doit.hu\/rendszergazda\/wp-content\/uploads\/2019\/04\/megjel\u00f6l\u00e9s_rendszergazda.jpg\" \/>\n\t<meta property=\"og:image:width\" content=\"640\" \/>\n\t<meta property=\"og:image:height\" content=\"423\" \/>\n\t<meta property=\"og:image:type\" content=\"image\/jpeg\" \/>\n<meta name=\"author\" content=\"Docca Zrt.\" \/>\n<meta name=\"twitter:card\" content=\"summary_large_image\" \/>\n<meta name=\"twitter:label1\" content=\"Szerz\u0151:\" \/>\n\t<meta name=\"twitter:data1\" content=\"Docca Zrt.\" \/>\n\t<meta name=\"twitter:label2\" content=\"Becs\u00fclt olvas\u00e1si id\u0151\" \/>\n\t<meta name=\"twitter:data2\" content=\"2 perc\" \/>\n<script type=\"application\/ld+json\" class=\"yoast-schema-graph\">{\"@context\":\"https:\\\/\\\/schema.org\",\"@graph\":[{\"@type\":\"Article\",\"@id\":\"https:\\\/\\\/www.doit.hu\\\/rendszergazda\\\/hogyan-kell\\\/399-hogyan-lehet-egy-instagramra-feltoltott-kepen-utolag-megjelolni-valakit\\\/#article\",\"isPartOf\":{\"@id\":\"https:\\\/\\\/www.doit.hu\\\/rendszergazda\\\/hogyan-kell\\\/399-hogyan-lehet-egy-instagramra-feltoltott-kepen-utolag-megjelolni-valakit\\\/\"},\"author\":{\"name\":\"Docca Zrt.\",\"@id\":\"https:\\\/\\\/www.doit.hu\\\/rendszergazda\\\/#\\\/schema\\\/person\\\/ac60b29300a3d65825707a7bcd47aa7f\"},\"headline\":\"Hogyan lehet egy instagramra felt\u00f6lt\u00f6tt k\u00e9pen ut\u00f3lag megjel\u00f6lni valakit?\",\"datePublished\":\"2019-04-08T13:02:57+00:00\",\"dateModified\":\"2022-07-28T08:23:10+00:00\",\"mainEntityOfPage\":{\"@id\":\"https:\\\/\\\/www.doit.hu\\\/rendszergazda\\\/hogyan-kell\\\/399-hogyan-lehet-egy-instagramra-feltoltott-kepen-utolag-megjelolni-valakit\\\/\"},\"wordCount\":408,\"publisher\":{\"@id\":\"https:\\\/\\\/www.doit.hu\\\/rendszergazda\\\/#organization\"},\"image\":{\"@id\":\"https:\\\/\\\/www.doit.hu\\\/rendszergazda\\\/hogyan-kell\\\/399-hogyan-lehet-egy-instagramra-feltoltott-kepen-utolag-megjelolni-valakit\\\/#primaryimage\"},\"thumbnailUrl\":\"https:\\\/\\\/www.doit.hu\\\/rendszergazda\\\/wp-content\\\/uploads\\\/2019\\\/04\\\/megjel\u00f6l\u00e9s_rendszergazda.jpg\",\"keywords\":[\"bejegyz\u00e9s\",\"instagram\",\"instagram k\u00e9p\",\"megjel\u00f6l\u00e9s\",\"ut\u00f3lag megjel\u00f6l\u00e9s\"],\"articleSection\":[\"Hogyan kell\"],\"inLanguage\":\"hu\"},{\"@type\":\"WebPage\",\"@id\":\"https:\\\/\\\/www.doit.hu\\\/rendszergazda\\\/hogyan-kell\\\/399-hogyan-lehet-egy-instagramra-feltoltott-kepen-utolag-megjelolni-valakit\\\/\",\"url\":\"https:\\\/\\\/www.doit.hu\\\/rendszergazda\\\/hogyan-kell\\\/399-hogyan-lehet-egy-instagramra-feltoltott-kepen-utolag-megjelolni-valakit\\\/\",\"name\":\"Instagram k\u00e9pen megjel\u00f6l\u00e9s ut\u00f3lag | IT szolg\u00e1ltat\u00e1s blog | doit.hu\",\"isPartOf\":{\"@id\":\"https:\\\/\\\/www.doit.hu\\\/rendszergazda\\\/#website\"},\"primaryImageOfPage\":{\"@id\":\"https:\\\/\\\/www.doit.hu\\\/rendszergazda\\\/hogyan-kell\\\/399-hogyan-lehet-egy-instagramra-feltoltott-kepen-utolag-megjelolni-valakit\\\/#primaryimage\"},\"image\":{\"@id\":\"https:\\\/\\\/www.doit.hu\\\/rendszergazda\\\/hogyan-kell\\\/399-hogyan-lehet-egy-instagramra-feltoltott-kepen-utolag-megjelolni-valakit\\\/#primaryimage\"},\"thumbnailUrl\":\"https:\\\/\\\/www.doit.hu\\\/rendszergazda\\\/wp-content\\\/uploads\\\/2019\\\/04\\\/megjel\u00f6l\u00e9s_rendszergazda.jpg\",\"datePublished\":\"2019-04-08T13:02:57+00:00\",\"dateModified\":\"2022-07-28T08:23:10+00:00\",\"description\":\"Instagram k\u00e9pen szeretne ut\u00f3lag megjel\u00f6lni valakit? Olvassa el IT szakembereink blog cikk\u00e9t, melyben bemutatjuk, hogy tudja megtenni.\",\"inLanguage\":\"hu\",\"potentialAction\":[{\"@type\":\"ReadAction\",\"target\":[\"https:\\\/\\\/www.doit.hu\\\/rendszergazda\\\/hogyan-kell\\\/399-hogyan-lehet-egy-instagramra-feltoltott-kepen-utolag-megjelolni-valakit\\\/\"]}]},{\"@type\":\"ImageObject\",\"inLanguage\":\"hu\",\"@id\":\"https:\\\/\\\/www.doit.hu\\\/rendszergazda\\\/hogyan-kell\\\/399-hogyan-lehet-egy-instagramra-feltoltott-kepen-utolag-megjelolni-valakit\\\/#primaryimage\",\"url\":\"https:\\\/\\\/www.doit.hu\\\/rendszergazda\\\/wp-content\\\/uploads\\\/2019\\\/04\\\/megjel\u00f6l\u00e9s_rendszergazda.jpg\",\"contentUrl\":\"https:\\\/\\\/www.doit.hu\\\/rendszergazda\\\/wp-content\\\/uploads\\\/2019\\\/04\\\/megjel\u00f6l\u00e9s_rendszergazda.jpg\",\"width\":640,\"height\":423,\"caption\":\"Insta k\u00e9pen megjel\u00f6l\u00e9s ut\u00f3lag\"},{\"@type\":\"WebSite\",\"@id\":\"https:\\\/\\\/www.doit.hu\\\/rendszergazda\\\/#website\",\"url\":\"https:\\\/\\\/www.doit.hu\\\/rendszergazda\\\/\",\"name\":\"Rendszergazda szolg\u00e1ltat\u00e1s\",\"description\":\"\",\"publisher\":{\"@id\":\"https:\\\/\\\/www.doit.hu\\\/rendszergazda\\\/#organization\"},\"potentialAction\":[{\"@type\":\"SearchAction\",\"target\":{\"@type\":\"EntryPoint\",\"urlTemplate\":\"https:\\\/\\\/www.doit.hu\\\/rendszergazda\\\/?s={search_term_string}\"},\"query-input\":{\"@type\":\"PropertyValueSpecification\",\"valueRequired\":true,\"valueName\":\"search_term_string\"}}],\"inLanguage\":\"hu\"},{\"@type\":\"Organization\",\"@id\":\"https:\\\/\\\/www.doit.hu\\\/rendszergazda\\\/#organization\",\"name\":\"DOCCA Zrt.\",\"url\":\"https:\\\/\\\/www.doit.hu\\\/rendszergazda\\\/\",\"logo\":{\"@type\":\"ImageObject\",\"inLanguage\":\"hu\",\"@id\":\"https:\\\/\\\/www.doit.hu\\\/rendszergazda\\\/#\\\/schema\\\/logo\\\/image\\\/\",\"url\":\"https:\\\/\\\/www.doit.hu\\\/rendszergazda\\\/wp-content\\\/uploads\\\/2019\\\/04\\\/logo.png\",\"contentUrl\":\"https:\\\/\\\/www.doit.hu\\\/rendszergazda\\\/wp-content\\\/uploads\\\/2019\\\/04\\\/logo.png\",\"width\":263,\"height\":82,\"caption\":\"DOCCA Zrt.\"},\"image\":{\"@id\":\"https:\\\/\\\/www.doit.hu\\\/rendszergazda\\\/#\\\/schema\\\/logo\\\/image\\\/\"},\"sameAs\":[\"https:\\\/\\\/www.facebook.com\\\/DoccaZrt\"]},{\"@type\":\"Person\",\"@id\":\"https:\\\/\\\/www.doit.hu\\\/rendszergazda\\\/#\\\/schema\\\/person\\\/ac60b29300a3d65825707a7bcd47aa7f\",\"name\":\"Docca Zrt.\",\"image\":{\"@type\":\"ImageObject\",\"inLanguage\":\"hu\",\"@id\":\"https:\\\/\\\/secure.gravatar.com\\\/avatar\\\/7e3762308ab47147572d4e9f68e02b65139742dfdbb8f7a7314f3c5064a3dbe7?s=96&d=mm&r=g\",\"url\":\"https:\\\/\\\/secure.gravatar.com\\\/avatar\\\/7e3762308ab47147572d4e9f68e02b65139742dfdbb8f7a7314f3c5064a3dbe7?s=96&d=mm&r=g\",\"contentUrl\":\"https:\\\/\\\/secure.gravatar.com\\\/avatar\\\/7e3762308ab47147572d4e9f68e02b65139742dfdbb8f7a7314f3c5064a3dbe7?s=96&d=mm&r=g\",\"caption\":\"Docca Zrt.\"},\"url\":\"https:\\\/\\\/www.doit.hu\\\/rendszergazda\\\/author\\\/docca\\\/\"}]}<\/script>\n<!-- \/ Yoast SEO plugin. -->","yoast_head_json":{"title":"Instagram k\u00e9pen megjel\u00f6l\u00e9s ut\u00f3lag | IT szolg\u00e1ltat\u00e1s blog | doit.hu","description":"Instagram k\u00e9pen szeretne ut\u00f3lag megjel\u00f6lni valakit? Olvassa el IT szakembereink blog cikk\u00e9t, melyben bemutatjuk, hogy tudja megtenni.","robots":{"index":"index","follow":"follow","max-snippet":"max-snippet:-1","max-image-preview":"max-image-preview:large","max-video-preview":"max-video-preview:-1"},"canonical":"https:\/\/www.doit.hu\/rendszergazda\/hogyan-kell\/399-hogyan-lehet-egy-instagramra-feltoltott-kepen-utolag-megjelolni-valakit\/","next":"https:\/\/www.doit.hu\/rendszergazda\/hogyan-kell\/399-hogyan-lehet-egy-instagramra-feltoltott-kepen-utolag-megjelolni-valakit\/2\/","og_locale":"hu_HU","og_type":"article","og_title":"Instagram k\u00e9pen megjel\u00f6l\u00e9s ut\u00f3lag | IT szolg\u00e1ltat\u00e1s blog | doit.hu","og_description":"Instagram k\u00e9pen szeretne ut\u00f3lag megjel\u00f6lni valakit? Olvassa el IT szakembereink blog cikk\u00e9t, melyben bemutatjuk, hogy tudja megtenni.","og_url":"https:\/\/www.doit.hu\/rendszergazda\/hogyan-kell\/399-hogyan-lehet-egy-instagramra-feltoltott-kepen-utolag-megjelolni-valakit\/","og_site_name":"Rendszergazda szolg\u00e1ltat\u00e1s","article_publisher":"https:\/\/www.facebook.com\/DoccaZrt","article_published_time":"2019-04-08T13:02:57+00:00","article_modified_time":"2022-07-28T08:23:10+00:00","og_image":[{"width":640,"height":423,"url":"https:\/\/www.doit.hu\/rendszergazda\/wp-content\/uploads\/2019\/04\/megjel\u00f6l\u00e9s_rendszergazda.jpg","type":"image\/jpeg"}],"author":"Docca Zrt.","twitter_card":"summary_large_image","twitter_misc":{"Szerz\u0151:":"Docca Zrt.","Becs\u00fclt olvas\u00e1si id\u0151":"2 perc"},"schema":{"@context":"https:\/\/schema.org","@graph":[{"@type":"Article","@id":"https:\/\/www.doit.hu\/rendszergazda\/hogyan-kell\/399-hogyan-lehet-egy-instagramra-feltoltott-kepen-utolag-megjelolni-valakit\/#article","isPartOf":{"@id":"https:\/\/www.doit.hu\/rendszergazda\/hogyan-kell\/399-hogyan-lehet-egy-instagramra-feltoltott-kepen-utolag-megjelolni-valakit\/"},"author":{"name":"Docca Zrt.","@id":"https:\/\/www.doit.hu\/rendszergazda\/#\/schema\/person\/ac60b29300a3d65825707a7bcd47aa7f"},"headline":"Hogyan lehet egy instagramra felt\u00f6lt\u00f6tt k\u00e9pen ut\u00f3lag megjel\u00f6lni valakit?","datePublished":"2019-04-08T13:02:57+00:00","dateModified":"2022-07-28T08:23:10+00:00","mainEntityOfPage":{"@id":"https:\/\/www.doit.hu\/rendszergazda\/hogyan-kell\/399-hogyan-lehet-egy-instagramra-feltoltott-kepen-utolag-megjelolni-valakit\/"},"wordCount":408,"publisher":{"@id":"https:\/\/www.doit.hu\/rendszergazda\/#organization"},"image":{"@id":"https:\/\/www.doit.hu\/rendszergazda\/hogyan-kell\/399-hogyan-lehet-egy-instagramra-feltoltott-kepen-utolag-megjelolni-valakit\/#primaryimage"},"thumbnailUrl":"https:\/\/www.doit.hu\/rendszergazda\/wp-content\/uploads\/2019\/04\/megjel\u00f6l\u00e9s_rendszergazda.jpg","keywords":["bejegyz\u00e9s","instagram","instagram k\u00e9p","megjel\u00f6l\u00e9s","ut\u00f3lag megjel\u00f6l\u00e9s"],"articleSection":["Hogyan kell"],"inLanguage":"hu"},{"@type":"WebPage","@id":"https:\/\/www.doit.hu\/rendszergazda\/hogyan-kell\/399-hogyan-lehet-egy-instagramra-feltoltott-kepen-utolag-megjelolni-valakit\/","url":"https:\/\/www.doit.hu\/rendszergazda\/hogyan-kell\/399-hogyan-lehet-egy-instagramra-feltoltott-kepen-utolag-megjelolni-valakit\/","name":"Instagram k\u00e9pen megjel\u00f6l\u00e9s ut\u00f3lag | IT szolg\u00e1ltat\u00e1s blog | doit.hu","isPartOf":{"@id":"https:\/\/www.doit.hu\/rendszergazda\/#website"},"primaryImageOfPage":{"@id":"https:\/\/www.doit.hu\/rendszergazda\/hogyan-kell\/399-hogyan-lehet-egy-instagramra-feltoltott-kepen-utolag-megjelolni-valakit\/#primaryimage"},"image":{"@id":"https:\/\/www.doit.hu\/rendszergazda\/hogyan-kell\/399-hogyan-lehet-egy-instagramra-feltoltott-kepen-utolag-megjelolni-valakit\/#primaryimage"},"thumbnailUrl":"https:\/\/www.doit.hu\/rendszergazda\/wp-content\/uploads\/2019\/04\/megjel\u00f6l\u00e9s_rendszergazda.jpg","datePublished":"2019-04-08T13:02:57+00:00","dateModified":"2022-07-28T08:23:10+00:00","description":"Instagram k\u00e9pen szeretne ut\u00f3lag megjel\u00f6lni valakit? Olvassa el IT szakembereink blog cikk\u00e9t, melyben bemutatjuk, hogy tudja megtenni.","inLanguage":"hu","potentialAction":[{"@type":"ReadAction","target":["https:\/\/www.doit.hu\/rendszergazda\/hogyan-kell\/399-hogyan-lehet-egy-instagramra-feltoltott-kepen-utolag-megjelolni-valakit\/"]}]},{"@type":"ImageObject","inLanguage":"hu","@id":"https:\/\/www.doit.hu\/rendszergazda\/hogyan-kell\/399-hogyan-lehet-egy-instagramra-feltoltott-kepen-utolag-megjelolni-valakit\/#primaryimage","url":"https:\/\/www.doit.hu\/rendszergazda\/wp-content\/uploads\/2019\/04\/megjel\u00f6l\u00e9s_rendszergazda.jpg","contentUrl":"https:\/\/www.doit.hu\/rendszergazda\/wp-content\/uploads\/2019\/04\/megjel\u00f6l\u00e9s_rendszergazda.jpg","width":640,"height":423,"caption":"Insta k\u00e9pen megjel\u00f6l\u00e9s ut\u00f3lag"},{"@type":"WebSite","@id":"https:\/\/www.doit.hu\/rendszergazda\/#website","url":"https:\/\/www.doit.hu\/rendszergazda\/","name":"Rendszergazda szolg\u00e1ltat\u00e1s","description":"","publisher":{"@id":"https:\/\/www.doit.hu\/rendszergazda\/#organization"},"potentialAction":[{"@type":"SearchAction","target":{"@type":"EntryPoint","urlTemplate":"https:\/\/www.doit.hu\/rendszergazda\/?s={search_term_string}"},"query-input":{"@type":"PropertyValueSpecification","valueRequired":true,"valueName":"search_term_string"}}],"inLanguage":"hu"},{"@type":"Organization","@id":"https:\/\/www.doit.hu\/rendszergazda\/#organization","name":"DOCCA Zrt.","url":"https:\/\/www.doit.hu\/rendszergazda\/","logo":{"@type":"ImageObject","inLanguage":"hu","@id":"https:\/\/www.doit.hu\/rendszergazda\/#\/schema\/logo\/image\/","url":"https:\/\/www.doit.hu\/rendszergazda\/wp-content\/uploads\/2019\/04\/logo.png","contentUrl":"https:\/\/www.doit.hu\/rendszergazda\/wp-content\/uploads\/2019\/04\/logo.png","width":263,"height":82,"caption":"DOCCA Zrt."},"image":{"@id":"https:\/\/www.doit.hu\/rendszergazda\/#\/schema\/logo\/image\/"},"sameAs":["https:\/\/www.facebook.com\/DoccaZrt"]},{"@type":"Person","@id":"https:\/\/www.doit.hu\/rendszergazda\/#\/schema\/person\/ac60b29300a3d65825707a7bcd47aa7f","name":"Docca Zrt.","image":{"@type":"ImageObject","inLanguage":"hu","@id":"https:\/\/secure.gravatar.com\/avatar\/7e3762308ab47147572d4e9f68e02b65139742dfdbb8f7a7314f3c5064a3dbe7?s=96&d=mm&r=g","url":"https:\/\/secure.gravatar.com\/avatar\/7e3762308ab47147572d4e9f68e02b65139742dfdbb8f7a7314f3c5064a3dbe7?s=96&d=mm&r=g","contentUrl":"https:\/\/secure.gravatar.com\/avatar\/7e3762308ab47147572d4e9f68e02b65139742dfdbb8f7a7314f3c5064a3dbe7?s=96&d=mm&r=g","caption":"Docca Zrt."},"url":"https:\/\/www.doit.hu\/rendszergazda\/author\/docca\/"}]}},"_links":{"self":[{"href":"https:\/\/www.doit.hu\/rendszergazda\/wp-json\/wp\/v2\/posts\/65","targetHints":{"allow":["GET"]}}],"collection":[{"href":"https:\/\/www.doit.hu\/rendszergazda\/wp-json\/wp\/v2\/posts"}],"about":[{"href":"https:\/\/www.doit.hu\/rendszergazda\/wp-json\/wp\/v2\/types\/post"}],"author":[{"embeddable":true,"href":"https:\/\/www.doit.hu\/rendszergazda\/wp-json\/wp\/v2\/users\/7"}],"replies":[{"embeddable":true,"href":"https:\/\/www.doit.hu\/rendszergazda\/wp-json\/wp\/v2\/comments?post=65"}],"version-history":[{"count":5,"href":"https:\/\/www.doit.hu\/rendszergazda\/wp-json\/wp\/v2\/posts\/65\/revisions"}],"predecessor-version":[{"id":3154,"href":"https:\/\/www.doit.hu\/rendszergazda\/wp-json\/wp\/v2\/posts\/65\/revisions\/3154"}],"wp:featuredmedia":[{"embeddable":true,"href":"https:\/\/www.doit.hu\/rendszergazda\/wp-json\/wp\/v2\/media\/66"}],"wp:attachment":[{"href":"https:\/\/www.doit.hu\/rendszergazda\/wp-json\/wp\/v2\/media?parent=65"}],"wp:term":[{"taxonomy":"category","embeddable":true,"href":"https:\/\/www.doit.hu\/rendszergazda\/wp-json\/wp\/v2\/categories?post=65"},{"taxonomy":"post_tag","embeddable":true,"href":"https:\/\/www.doit.hu\/rendszergazda\/wp-json\/wp\/v2\/tags?post=65"}],"curies":[{"name":"wp","href":"https:\/\/api.w.org\/{rel}","templated":true}]}}