{"id":616,"date":"2019-04-12T12:20:23","date_gmt":"2019-04-12T12:20:23","guid":{"rendered":"http:\/\/www.doit.hu\/rendszergazda\/?p=616"},"modified":"2019-04-12T12:20:23","modified_gmt":"2019-04-12T12:20:23","slug":"128-konyvtarak-visszaallitasa","status":"publish","type":"post","link":"https:\/\/www.doit.hu\/rendszergazda\/hogyan-kell\/128-konyvtarak-visszaallitasa\/","title":{"rendered":"Windows 8.1 k\u00f6nyvt\u00e1rak megjelen\u00edt\u00e9se"},"content":{"rendered":"<p><strong>A Microsoft a Windows 8.1-ben letiltotta a Windows 7 rendszerben megkedvelt kieg\u00e9sz\u00edt\u0151t, a k\u00f6nyvt\u00e1rak szolg\u00e1ltat\u00e1st.<\/strong><\/p>\n<p><!--more--><\/p>\n<p>A K\u00f6nyvt\u00e1rak seg\u00edts\u00e9g\u00e9vel k\u00f6nnyen rendezhetj\u00fck a mapp\u00e1inkat, egyszer\u0171en el\u00e9rhet\u00fcnk k\u00fcl\u00f6nb\u00f6z\u0151 f\u00e1jlokat ahelyett, hogy milli\u00f3nyi mapp\u00e1n kereszt\u00fcl keresg\u00e9ln\u00e9nk \u0151ket. A szolg\u00e1ltat\u00e1s megtal\u00e1lhat\u00f3 a Windows 7 \u00e9s Windows 8 oper\u00e1ci\u00f3s rendszerekben, a Windows 8.1-b\u0151l viszont alap\u00e9rtelmez\u00e9sben elt\u0171nt.<\/p>\n<p>&nbsp;<\/p>\n<p>A j\u00f3 h\u00edr az, hogy k\u00f6nnyed\u00e9n vissza\u00e1ll\u00edthatjuk.<\/p>\n<p>&#8211; Nyissuk meg a F\u00e1jlkezel\u0151t! Ez megtal\u00e1lhat\u00f3 a t\u00e1lc\u00e1n, megnyithatjuk a keres\u0151b\u0151l (Windows + W), vagy\u00a0az Alkalmaz\u00e1sok, Windows rendszer csoportj\u00e1b\u00f3l, Ez a g\u00e9p n\u00e9ven.<br \/>\n&#8211; Kattintsunk a N\u00e9zet f\u00fclre;<br \/>\n&#8211; Az eszk\u00f6zt\u00e1r bal oldal\u00e1n klikkelj\u00fcnk a Navig\u00e1ci\u00f3s ablak gombra, majd v\u00e1lasszuk ki a K\u00f6nyvt\u00e1rak megjelen\u00edt\u00e9se men\u00fcpontot!<\/p>\n<p><!--nextpage--><\/p>\n<p>A K\u00f6nyvt\u00e1rak mapp\u00e1khoz val\u00f3 hozz\u00e1ad\u00e1shoz az al\u00e1bbi l\u00e9p\u00e9sekre van sz\u00fcks\u00e9g:<\/p>\n<p>&#8211; Jel\u00f6lj\u00fcnk ki egy tetsz\u0151leges mapp\u00e1t;<\/p>\n<p>&#8211; kattintsunk a F\u00e1jlkezel\u0151ben a Kezd\u0151lapra;<\/p>\n<p>&#8211; az Egyszer\u0171 el\u00e9r\u00e9s men\u00fcben, v\u00e1lasszuk ki a Felv\u00e9tel a k\u00f6nyvt\u00e1rba men\u00fcpontot!<\/p>\n<p dir=\"ltr\">\n<p dir=\"ltr\">\n<p>Mappa elt\u00e1vol\u00edt\u00e1sa a K\u00f6nyvt\u00e1rakb\u00f3l:<\/p>\n<p>&#8211; Navig\u00e1ljunk a F\u00e1jlkezel\u0151ben a K\u00f6nyvt\u00e1rakhoz;<\/p>\n<p>&#8211; jel\u00f6lj\u00fcnk ki egy mapp\u00e1t;<\/p>\n<p>&#8211; a megjelen\u0151 K\u00f6nyvt\u00e1reszk\u00f6z\u00f6k f\u00fcl\u00f6n kattintsunk a K\u00f6nyvt\u00e1r kezel\u00e9se gombra;<\/p>\n<p>&#8211; a megjelen\u0151 k\u00f6nyvt\u00e1rhelyek ablakban jel\u00f6lj\u00fck ki az elt\u00e1vol\u00edtani k\u00edv\u00e1nt mapp\u00e1t majd klikkelj\u00fcnk az Elt\u00e1vol\u00edt\u00e1s gombra!<\/p>\n","protected":false},"excerpt":{"rendered":"<p>A Microsoft a Windows 8.1-ben letiltotta a Windows 7 rendszerben megkedvelt kieg\u00e9sz\u00edt\u0151t, a k\u00f6nyvt\u00e1rak szolg\u00e1ltat\u00e1st.<\/p>\n","protected":false},"author":7,"featured_media":0,"comment_status":"closed","ping_status":"closed","sticky":false,"template":"","format":"standard","meta":{"footnotes":""},"categories":[2],"tags":[462,467,468,433],"class_list":["post-616","post","type-post","status-publish","format-standard","hentry","category-hogyan-kell","tag-fajlkezelo","tag-konyvtarak-megjelenitese","tag-mappa-eltavolitasa","tag-windows-8-1"],"yoast_head":"<!-- This site is optimized with the Yoast SEO plugin v27.4 - https:\/\/yoast.com\/product\/yoast-seo-wordpress\/ -->\n<title>Windows 8.1 k\u00f6nyvt\u00e1rak megjelen\u00edt\u00e9se<\/title>\n<meta name=\"description\" content=\"A Microsoft a Windows 8.1-ben letiltotta a Windows 7 rendszerben megkedvelt kieg\u00e9sz\u00edt\u0151t, a k\u00f6nyvt\u00e1rak szolg\u00e1ltat\u00e1st.\" \/>\n<meta name=\"robots\" content=\"index, follow, max-snippet:-1, max-image-preview:large, max-video-preview:-1\" \/>\n<link rel=\"canonical\" href=\"https:\/\/www.doit.hu\/rendszergazda\/hogyan-kell\/128-konyvtarak-visszaallitasa\/\" \/>\n<link rel=\"next\" href=\"https:\/\/www.doit.hu\/rendszergazda\/hogyan-kell\/128-konyvtarak-visszaallitasa\/2\/\" \/>\n<meta property=\"og:locale\" content=\"hu_HU\" \/>\n<meta property=\"og:type\" content=\"article\" \/>\n<meta property=\"og:title\" content=\"Windows 8.1 k\u00f6nyvt\u00e1rak megjelen\u00edt\u00e9se\" \/>\n<meta property=\"og:description\" content=\"A Microsoft a Windows 8.1-ben letiltotta a Windows 7 rendszerben megkedvelt kieg\u00e9sz\u00edt\u0151t, a k\u00f6nyvt\u00e1rak szolg\u00e1ltat\u00e1st.\" \/>\n<meta property=\"og:url\" content=\"https:\/\/www.doit.hu\/rendszergazda\/hogyan-kell\/128-konyvtarak-visszaallitasa\/\" \/>\n<meta property=\"og:site_name\" content=\"Rendszergazda szolg\u00e1ltat\u00e1s\" \/>\n<meta property=\"article:publisher\" content=\"https:\/\/www.facebook.com\/DoccaZrt\" \/>\n<meta property=\"article:published_time\" content=\"2019-04-12T12:20:23+00:00\" \/>\n<meta name=\"author\" content=\"Docca Zrt.\" \/>\n<meta name=\"twitter:card\" content=\"summary_large_image\" \/>\n<meta name=\"twitter:label1\" content=\"Szerz\u0151:\" \/>\n\t<meta name=\"twitter:data1\" content=\"Docca Zrt.\" \/>\n\t<meta name=\"twitter:label2\" content=\"Becs\u00fclt olvas\u00e1si id\u0151\" \/>\n\t<meta name=\"twitter:data2\" content=\"2 perc\" \/>\n<script type=\"application\/ld+json\" class=\"yoast-schema-graph\">{\"@context\":\"https:\\\/\\\/schema.org\",\"@graph\":[{\"@type\":\"Article\",\"@id\":\"https:\\\/\\\/www.doit.hu\\\/rendszergazda\\\/hogyan-kell\\\/128-konyvtarak-visszaallitasa\\\/#article\",\"isPartOf\":{\"@id\":\"https:\\\/\\\/www.doit.hu\\\/rendszergazda\\\/hogyan-kell\\\/128-konyvtarak-visszaallitasa\\\/\"},\"author\":{\"name\":\"Docca Zrt.\",\"@id\":\"https:\\\/\\\/www.doit.hu\\\/rendszergazda\\\/#\\\/schema\\\/person\\\/ac60b29300a3d65825707a7bcd47aa7f\"},\"headline\":\"Windows 8.1 k\u00f6nyvt\u00e1rak megjelen\u00edt\u00e9se\",\"datePublished\":\"2019-04-12T12:20:23+00:00\",\"mainEntityOfPage\":{\"@id\":\"https:\\\/\\\/www.doit.hu\\\/rendszergazda\\\/hogyan-kell\\\/128-konyvtarak-visszaallitasa\\\/\"},\"wordCount\":311,\"publisher\":{\"@id\":\"https:\\\/\\\/www.doit.hu\\\/rendszergazda\\\/#organization\"},\"keywords\":[\"f\u00e1jlkezel\u0151\",\"k\u00f6nyvt\u00e1rak megjelen\u00edt\u00e9se\",\"mappa elt\u00e1vol\u00edt\u00e1sa\",\"windows 8.1\"],\"articleSection\":[\"Hogyan kell\"],\"inLanguage\":\"hu\"},{\"@type\":\"WebPage\",\"@id\":\"https:\\\/\\\/www.doit.hu\\\/rendszergazda\\\/hogyan-kell\\\/128-konyvtarak-visszaallitasa\\\/\",\"url\":\"https:\\\/\\\/www.doit.hu\\\/rendszergazda\\\/hogyan-kell\\\/128-konyvtarak-visszaallitasa\\\/\",\"name\":\"Windows 8.1 k\u00f6nyvt\u00e1rak megjelen\u00edt\u00e9se\",\"isPartOf\":{\"@id\":\"https:\\\/\\\/www.doit.hu\\\/rendszergazda\\\/#website\"},\"datePublished\":\"2019-04-12T12:20:23+00:00\",\"description\":\"A Microsoft a Windows 8.1-ben letiltotta a Windows 7 rendszerben megkedvelt kieg\u00e9sz\u00edt\u0151t, a k\u00f6nyvt\u00e1rak szolg\u00e1ltat\u00e1st.\",\"inLanguage\":\"hu\",\"potentialAction\":[{\"@type\":\"ReadAction\",\"target\":[\"https:\\\/\\\/www.doit.hu\\\/rendszergazda\\\/hogyan-kell\\\/128-konyvtarak-visszaallitasa\\\/\"]}]},{\"@type\":\"WebSite\",\"@id\":\"https:\\\/\\\/www.doit.hu\\\/rendszergazda\\\/#website\",\"url\":\"https:\\\/\\\/www.doit.hu\\\/rendszergazda\\\/\",\"name\":\"Rendszergazda szolg\u00e1ltat\u00e1s\",\"description\":\"\",\"publisher\":{\"@id\":\"https:\\\/\\\/www.doit.hu\\\/rendszergazda\\\/#organization\"},\"potentialAction\":[{\"@type\":\"SearchAction\",\"target\":{\"@type\":\"EntryPoint\",\"urlTemplate\":\"https:\\\/\\\/www.doit.hu\\\/rendszergazda\\\/?s={search_term_string}\"},\"query-input\":{\"@type\":\"PropertyValueSpecification\",\"valueRequired\":true,\"valueName\":\"search_term_string\"}}],\"inLanguage\":\"hu\"},{\"@type\":\"Organization\",\"@id\":\"https:\\\/\\\/www.doit.hu\\\/rendszergazda\\\/#organization\",\"name\":\"DOCCA Zrt.\",\"url\":\"https:\\\/\\\/www.doit.hu\\\/rendszergazda\\\/\",\"logo\":{\"@type\":\"ImageObject\",\"inLanguage\":\"hu\",\"@id\":\"https:\\\/\\\/www.doit.hu\\\/rendszergazda\\\/#\\\/schema\\\/logo\\\/image\\\/\",\"url\":\"https:\\\/\\\/www.doit.hu\\\/rendszergazda\\\/wp-content\\\/uploads\\\/2019\\\/04\\\/logo.png\",\"contentUrl\":\"https:\\\/\\\/www.doit.hu\\\/rendszergazda\\\/wp-content\\\/uploads\\\/2019\\\/04\\\/logo.png\",\"width\":263,\"height\":82,\"caption\":\"DOCCA Zrt.\"},\"image\":{\"@id\":\"https:\\\/\\\/www.doit.hu\\\/rendszergazda\\\/#\\\/schema\\\/logo\\\/image\\\/\"},\"sameAs\":[\"https:\\\/\\\/www.facebook.com\\\/DoccaZrt\"]},{\"@type\":\"Person\",\"@id\":\"https:\\\/\\\/www.doit.hu\\\/rendszergazda\\\/#\\\/schema\\\/person\\\/ac60b29300a3d65825707a7bcd47aa7f\",\"name\":\"Docca Zrt.\",\"image\":{\"@type\":\"ImageObject\",\"inLanguage\":\"hu\",\"@id\":\"https:\\\/\\\/secure.gravatar.com\\\/avatar\\\/7e3762308ab47147572d4e9f68e02b65139742dfdbb8f7a7314f3c5064a3dbe7?s=96&d=mm&r=g\",\"url\":\"https:\\\/\\\/secure.gravatar.com\\\/avatar\\\/7e3762308ab47147572d4e9f68e02b65139742dfdbb8f7a7314f3c5064a3dbe7?s=96&d=mm&r=g\",\"contentUrl\":\"https:\\\/\\\/secure.gravatar.com\\\/avatar\\\/7e3762308ab47147572d4e9f68e02b65139742dfdbb8f7a7314f3c5064a3dbe7?s=96&d=mm&r=g\",\"caption\":\"Docca Zrt.\"},\"url\":\"https:\\\/\\\/www.doit.hu\\\/rendszergazda\\\/author\\\/docca\\\/\"}]}<\/script>\n<!-- \/ Yoast SEO plugin. -->","yoast_head_json":{"title":"Windows 8.1 k\u00f6nyvt\u00e1rak megjelen\u00edt\u00e9se","description":"A Microsoft a Windows 8.1-ben letiltotta a Windows 7 rendszerben megkedvelt kieg\u00e9sz\u00edt\u0151t, a k\u00f6nyvt\u00e1rak szolg\u00e1ltat\u00e1st.","robots":{"index":"index","follow":"follow","max-snippet":"max-snippet:-1","max-image-preview":"max-image-preview:large","max-video-preview":"max-video-preview:-1"},"canonical":"https:\/\/www.doit.hu\/rendszergazda\/hogyan-kell\/128-konyvtarak-visszaallitasa\/","next":"https:\/\/www.doit.hu\/rendszergazda\/hogyan-kell\/128-konyvtarak-visszaallitasa\/2\/","og_locale":"hu_HU","og_type":"article","og_title":"Windows 8.1 k\u00f6nyvt\u00e1rak megjelen\u00edt\u00e9se","og_description":"A Microsoft a Windows 8.1-ben letiltotta a Windows 7 rendszerben megkedvelt kieg\u00e9sz\u00edt\u0151t, a k\u00f6nyvt\u00e1rak szolg\u00e1ltat\u00e1st.","og_url":"https:\/\/www.doit.hu\/rendszergazda\/hogyan-kell\/128-konyvtarak-visszaallitasa\/","og_site_name":"Rendszergazda szolg\u00e1ltat\u00e1s","article_publisher":"https:\/\/www.facebook.com\/DoccaZrt","article_published_time":"2019-04-12T12:20:23+00:00","author":"Docca Zrt.","twitter_card":"summary_large_image","twitter_misc":{"Szerz\u0151:":"Docca Zrt.","Becs\u00fclt olvas\u00e1si id\u0151":"2 perc"},"schema":{"@context":"https:\/\/schema.org","@graph":[{"@type":"Article","@id":"https:\/\/www.doit.hu\/rendszergazda\/hogyan-kell\/128-konyvtarak-visszaallitasa\/#article","isPartOf":{"@id":"https:\/\/www.doit.hu\/rendszergazda\/hogyan-kell\/128-konyvtarak-visszaallitasa\/"},"author":{"name":"Docca Zrt.","@id":"https:\/\/www.doit.hu\/rendszergazda\/#\/schema\/person\/ac60b29300a3d65825707a7bcd47aa7f"},"headline":"Windows 8.1 k\u00f6nyvt\u00e1rak megjelen\u00edt\u00e9se","datePublished":"2019-04-12T12:20:23+00:00","mainEntityOfPage":{"@id":"https:\/\/www.doit.hu\/rendszergazda\/hogyan-kell\/128-konyvtarak-visszaallitasa\/"},"wordCount":311,"publisher":{"@id":"https:\/\/www.doit.hu\/rendszergazda\/#organization"},"keywords":["f\u00e1jlkezel\u0151","k\u00f6nyvt\u00e1rak megjelen\u00edt\u00e9se","mappa elt\u00e1vol\u00edt\u00e1sa","windows 8.1"],"articleSection":["Hogyan kell"],"inLanguage":"hu"},{"@type":"WebPage","@id":"https:\/\/www.doit.hu\/rendszergazda\/hogyan-kell\/128-konyvtarak-visszaallitasa\/","url":"https:\/\/www.doit.hu\/rendszergazda\/hogyan-kell\/128-konyvtarak-visszaallitasa\/","name":"Windows 8.1 k\u00f6nyvt\u00e1rak megjelen\u00edt\u00e9se","isPartOf":{"@id":"https:\/\/www.doit.hu\/rendszergazda\/#website"},"datePublished":"2019-04-12T12:20:23+00:00","description":"A Microsoft a Windows 8.1-ben letiltotta a Windows 7 rendszerben megkedvelt kieg\u00e9sz\u00edt\u0151t, a k\u00f6nyvt\u00e1rak szolg\u00e1ltat\u00e1st.","inLanguage":"hu","potentialAction":[{"@type":"ReadAction","target":["https:\/\/www.doit.hu\/rendszergazda\/hogyan-kell\/128-konyvtarak-visszaallitasa\/"]}]},{"@type":"WebSite","@id":"https:\/\/www.doit.hu\/rendszergazda\/#website","url":"https:\/\/www.doit.hu\/rendszergazda\/","name":"Rendszergazda szolg\u00e1ltat\u00e1s","description":"","publisher":{"@id":"https:\/\/www.doit.hu\/rendszergazda\/#organization"},"potentialAction":[{"@type":"SearchAction","target":{"@type":"EntryPoint","urlTemplate":"https:\/\/www.doit.hu\/rendszergazda\/?s={search_term_string}"},"query-input":{"@type":"PropertyValueSpecification","valueRequired":true,"valueName":"search_term_string"}}],"inLanguage":"hu"},{"@type":"Organization","@id":"https:\/\/www.doit.hu\/rendszergazda\/#organization","name":"DOCCA Zrt.","url":"https:\/\/www.doit.hu\/rendszergazda\/","logo":{"@type":"ImageObject","inLanguage":"hu","@id":"https:\/\/www.doit.hu\/rendszergazda\/#\/schema\/logo\/image\/","url":"https:\/\/www.doit.hu\/rendszergazda\/wp-content\/uploads\/2019\/04\/logo.png","contentUrl":"https:\/\/www.doit.hu\/rendszergazda\/wp-content\/uploads\/2019\/04\/logo.png","width":263,"height":82,"caption":"DOCCA Zrt."},"image":{"@id":"https:\/\/www.doit.hu\/rendszergazda\/#\/schema\/logo\/image\/"},"sameAs":["https:\/\/www.facebook.com\/DoccaZrt"]},{"@type":"Person","@id":"https:\/\/www.doit.hu\/rendszergazda\/#\/schema\/person\/ac60b29300a3d65825707a7bcd47aa7f","name":"Docca Zrt.","image":{"@type":"ImageObject","inLanguage":"hu","@id":"https:\/\/secure.gravatar.com\/avatar\/7e3762308ab47147572d4e9f68e02b65139742dfdbb8f7a7314f3c5064a3dbe7?s=96&d=mm&r=g","url":"https:\/\/secure.gravatar.com\/avatar\/7e3762308ab47147572d4e9f68e02b65139742dfdbb8f7a7314f3c5064a3dbe7?s=96&d=mm&r=g","contentUrl":"https:\/\/secure.gravatar.com\/avatar\/7e3762308ab47147572d4e9f68e02b65139742dfdbb8f7a7314f3c5064a3dbe7?s=96&d=mm&r=g","caption":"Docca Zrt."},"url":"https:\/\/www.doit.hu\/rendszergazda\/author\/docca\/"}]}},"_links":{"self":[{"href":"https:\/\/www.doit.hu\/rendszergazda\/wp-json\/wp\/v2\/posts\/616","targetHints":{"allow":["GET"]}}],"collection":[{"href":"https:\/\/www.doit.hu\/rendszergazda\/wp-json\/wp\/v2\/posts"}],"about":[{"href":"https:\/\/www.doit.hu\/rendszergazda\/wp-json\/wp\/v2\/types\/post"}],"author":[{"embeddable":true,"href":"https:\/\/www.doit.hu\/rendszergazda\/wp-json\/wp\/v2\/users\/7"}],"replies":[{"embeddable":true,"href":"https:\/\/www.doit.hu\/rendszergazda\/wp-json\/wp\/v2\/comments?post=616"}],"version-history":[{"count":1,"href":"https:\/\/www.doit.hu\/rendszergazda\/wp-json\/wp\/v2\/posts\/616\/revisions"}],"predecessor-version":[{"id":617,"href":"https:\/\/www.doit.hu\/rendszergazda\/wp-json\/wp\/v2\/posts\/616\/revisions\/617"}],"wp:attachment":[{"href":"https:\/\/www.doit.hu\/rendszergazda\/wp-json\/wp\/v2\/media?parent=616"}],"wp:term":[{"taxonomy":"category","embeddable":true,"href":"https:\/\/www.doit.hu\/rendszergazda\/wp-json\/wp\/v2\/categories?post=616"},{"taxonomy":"post_tag","embeddable":true,"href":"https:\/\/www.doit.hu\/rendszergazda\/wp-json\/wp\/v2\/tags?post=616"}],"curies":[{"name":"wp","href":"https:\/\/api.w.org\/{rel}","templated":true}]}}