{"id":602,"date":"2019-04-12T12:03:12","date_gmt":"2019-04-12T12:03:12","guid":{"rendered":"http:\/\/www.doit.hu\/rendszergazda\/?p=602"},"modified":"2019-04-18T12:50:45","modified_gmt":"2019-04-18T12:50:45","slug":"130-windows-8-1-gode-mode","status":"publish","type":"post","link":"https:\/\/www.doit.hu\/rendszergazda\/hogyan-kell\/130-windows-8-1-gode-mode\/","title":{"rendered":"A Windows 8.1 \u00f6sszes be\u00e1ll\u00edt\u00e1si lehet\u0151s\u00e9g\u00e9nek megjelen\u00edt\u00e9se egy helyen"},"content":{"rendered":"<p><strong>A Windows 7 ut\u00e1n a Windows 8.1 rendszerben is m\u00f3dunk van az \u00f6sszes be\u00e1ll\u00edt\u00e1si lehet\u0151s\u00e9g egyazon ablakban val\u00f3 megjelen\u00edt\u00e9s\u00e9re.<\/strong><!--more--><\/p>\n<p>A teljes list\u00e1t tartalmaz\u00f3 vez\u00e9rl\u0151pultot\u00a0<a href=\"https:\/\/www.doit.hu\/rendszergazda\/index.php\/hogyan-kell\/93-full-control-panel\">a Windows 7-ben bev\u00e1lt m\u00f3dszerhez hasonl\u00f3an<\/a>\u00a0k\u00e9sz\u00edthetj\u00fck el.<\/p>\n<p>&#8211; K\u00e9sz\u00edts\u00fcnk egy tetsz\u0151leges nev\u0171 \u00faj mapp\u00e1t az asztalon;<\/p>\n<p>&#8211; Klikkelj\u00fcnk a jobb eg\u00e9rgombbal a mapp\u00e1ra, majd v\u00e1lasszuk az \u00e1tnevez\u00e9s lehet\u0151s\u00e9get;<\/p>\n<p>&#8211; Eg\u00e9sz\u00edts\u00fck ki a mappa nev\u00e9t az al\u00e1bbiakkal, majd \u00fcss\u00fcnk Entert (a vez\u00e9rl\u0151pult ikonj\u00e1val egyez\u0151 kin\u00e9zet\u0171 mapp\u00e1t kell kapjunk):<\/p>\n<p>&nbsp;<\/p>\n<p>.{ED7BA470-8E54-465E-825C-99712043E01C}<\/p>\n<p><img loading=\"lazy\" decoding=\"async\" class=\"aligncenter size-full wp-image-603\" src=\"http:\/\/www.doit.hu\/rendszergazda\/wp-content\/uploads\/2019\/04\/God_mode.png\" alt=\"\" width=\"95\" height=\"137\" \/><\/p>\n<p>Ha valami\u00e9rt nem m\u0171k\u00f6dne, ellen\u0151rizz\u00fck a F\u00e1jlkezel\u0151 be\u00e1ll\u00edt\u00e1sain\u00e1l, hogy a F\u00e1jln\u00e9vkiterjeszt\u00e9sek \u00e9s a Rejtet elemek megjelen\u00edt\u00e9se be van-e kapcsolva. Ehhez nyissuk meg a F\u00e1jlkezel\u0151t \u00e9s v\u00e1laszuk ki a N\u00e9zet f\u00fclet!<\/p>\n<p><img loading=\"lazy\" decoding=\"async\" class=\"aligncenter size-full wp-image-604\" src=\"http:\/\/www.doit.hu\/rendszergazda\/wp-content\/uploads\/2019\/04\/Fjlnevkiterjesztesek.png\" alt=\"\" width=\"1053\" height=\"149\" srcset=\"https:\/\/www.doit.hu\/rendszergazda\/wp-content\/uploads\/2019\/04\/Fjlnevkiterjesztesek.png 1053w, https:\/\/www.doit.hu\/rendszergazda\/wp-content\/uploads\/2019\/04\/Fjlnevkiterjesztesek-300x42.png 300w, https:\/\/www.doit.hu\/rendszergazda\/wp-content\/uploads\/2019\/04\/Fjlnevkiterjesztesek-768x109.png 768w, https:\/\/www.doit.hu\/rendszergazda\/wp-content\/uploads\/2019\/04\/Fjlnevkiterjesztesek-1030x146.png 1030w, https:\/\/www.doit.hu\/rendszergazda\/wp-content\/uploads\/2019\/04\/Fjlnevkiterjesztesek-705x100.png 705w, https:\/\/www.doit.hu\/rendszergazda\/wp-content\/uploads\/2019\/04\/Fjlnevkiterjesztesek-450x64.png 450w\" sizes=\"auto, (max-width: 1053px) 100vw, 1053px\" \/><\/p>\n<div class=\"img_caption none\">\n<p class=\"img_caption\" style=\"text-align: center;\">F\u00e1jln\u00e9vkiterjeszt\u00e9sek \u00e9s Rejtett elemek megjelen\u00edt\u00e9se<\/p>\n<\/div>\n<p>&nbsp;<\/p>\n<p>A mapp\u00e1t a kezd\u0151 k\u00e9perny\u0151n is megjelen\u00edthetj\u00fck: klikkelj\u00fcnk r\u00e1 a jobb eg\u00e9rgombbal, majd v\u00e1lasszuk ki a R\u00f6gz\u00edt\u00e9s a kezd\u0151k\u00e9perny\u0151re lehet\u0151s\u00e9get.<\/p>\n<p><img loading=\"lazy\" decoding=\"async\" class=\"aligncenter size-full wp-image-605\" src=\"http:\/\/www.doit.hu\/rendszergazda\/wp-content\/uploads\/2019\/04\/Rogzites.png\" alt=\"\" width=\"321\" height=\"291\" srcset=\"https:\/\/www.doit.hu\/rendszergazda\/wp-content\/uploads\/2019\/04\/Rogzites.png 321w, https:\/\/www.doit.hu\/rendszergazda\/wp-content\/uploads\/2019\/04\/Rogzites-300x272.png 300w\" sizes=\"auto, (max-width: 321px) 100vw, 321px\" \/><\/p>\n<div class=\"img_caption none\">\n<p class=\"img_caption\" style=\"text-align: center;\">R\u00f6gz\u00edt\u00e9s a kezd\u0151k\u00e9perny\u0151re<\/p>\n<\/div>\n<p>&nbsp;<\/p>\n<p>A teljes be\u00e1ll\u00edt\u00e1si lista megjelen\u00edt\u00e9s\u00e9re l\u00e9tezik egy m\u00e1sik m\u00f3dszer is.<\/p>\n<p>A keres\u00e9s mez\u0151be (Windows + W) \u00edrjuk be a be\u00e1ll\u00edt\u00e1sok sz\u00f3t \u00e9s \u00fcss\u00fcnk Entert. Figyelj\u00fcnk oda, hogy csak a Be\u00e1ll\u00edt\u00e1sok k\u00f6z\u00f6tt keress\u00fcnk!<\/p>\n<p><img loading=\"lazy\" decoding=\"async\" class=\"aligncenter size-full wp-image-606\" src=\"http:\/\/www.doit.hu\/rendszergazda\/wp-content\/uploads\/2019\/04\/Beallitasok.png\" alt=\"\" width=\"320\" height=\"416\" srcset=\"https:\/\/www.doit.hu\/rendszergazda\/wp-content\/uploads\/2019\/04\/Beallitasok.png 320w, https:\/\/www.doit.hu\/rendszergazda\/wp-content\/uploads\/2019\/04\/Beallitasok-231x300.png 231w\" sizes=\"auto, (max-width: 320px) 100vw, 320px\" \/><\/p>\n<div class=\"img_caption none\">\n<p class=\"img_caption\" style=\"text-align: center;\">Be\u00e1ll\u00edt\u00e1sok<\/p>\n<\/div>\n<p>&nbsp;<\/p>\n<p><a href=\"http:\/\/www.online-tech-tips.com\/windows-8\/how-to-enable-godmode-in-windows-8\/\">Forr\u00e1s<\/a>.<\/p>\n<p>&nbsp;<\/p>\n<p>&nbsp;<\/p>\n","protected":false},"excerpt":{"rendered":"<p>A Windows 7 ut\u00e1n a Windows 8.1 rendszerben is m\u00f3dunk van az \u00f6sszes be\u00e1ll\u00edt\u00e1si lehet\u0151s\u00e9g egyazon ablakban val\u00f3 megjelen\u00edt\u00e9s\u00e9re.<\/p>\n","protected":false},"author":7,"featured_media":605,"comment_status":"closed","ping_status":"closed","sticky":false,"template":"","format":"standard","meta":{"footnotes":""},"categories":[2],"tags":[462,461,433,463],"class_list":["post-602","post","type-post","status-publish","format-standard","has-post-thumbnail","hentry","category-hogyan-kell","tag-fajlkezelo","tag-osszes-beallitasi-lehetoseg","tag-windows-8-1","tag-windows-8-1-beallitas"],"yoast_head":"<!-- This site is optimized with the Yoast SEO plugin v27.4 - https:\/\/yoast.com\/product\/yoast-seo-wordpress\/ -->\n<title>A Windows 8.1 \u00f6sszes be\u00e1ll\u00edt\u00e1si lehet\u0151s\u00e9g\u00e9nek megjelen\u00edt\u00e9se egy helyen<\/title>\n<meta name=\"description\" content=\"A Windows 7 ut\u00e1n a Windows 8.1 rendszerben is m\u00f3dunk van az \u00f6sszes be\u00e1ll\u00edt\u00e1si lehet\u0151s\u00e9g egyazon ablakban val\u00f3 megjelen\u00edt\u00e9s\u00e9re.\" \/>\n<meta name=\"robots\" content=\"index, follow, max-snippet:-1, max-image-preview:large, max-video-preview:-1\" \/>\n<link rel=\"canonical\" href=\"https:\/\/www.doit.hu\/rendszergazda\/hogyan-kell\/130-windows-8-1-gode-mode\/\" \/>\n<meta property=\"og:locale\" content=\"hu_HU\" \/>\n<meta property=\"og:type\" content=\"article\" \/>\n<meta property=\"og:title\" content=\"A Windows 8.1 \u00f6sszes be\u00e1ll\u00edt\u00e1si lehet\u0151s\u00e9g\u00e9nek megjelen\u00edt\u00e9se egy helyen\" \/>\n<meta property=\"og:description\" content=\"A Windows 7 ut\u00e1n a Windows 8.1 rendszerben is m\u00f3dunk van az \u00f6sszes be\u00e1ll\u00edt\u00e1si lehet\u0151s\u00e9g egyazon ablakban val\u00f3 megjelen\u00edt\u00e9s\u00e9re.\" \/>\n<meta property=\"og:url\" content=\"https:\/\/www.doit.hu\/rendszergazda\/hogyan-kell\/130-windows-8-1-gode-mode\/\" \/>\n<meta property=\"og:site_name\" content=\"Rendszergazda szolg\u00e1ltat\u00e1s\" \/>\n<meta property=\"article:publisher\" content=\"https:\/\/www.facebook.com\/DoccaZrt\" \/>\n<meta property=\"article:published_time\" content=\"2019-04-12T12:03:12+00:00\" \/>\n<meta property=\"article:modified_time\" content=\"2019-04-18T12:50:45+00:00\" \/>\n<meta property=\"og:image\" content=\"https:\/\/www.doit.hu\/rendszergazda\/wp-content\/uploads\/2019\/04\/Rogzites.png\" \/>\n\t<meta property=\"og:image:width\" content=\"321\" \/>\n\t<meta property=\"og:image:height\" content=\"291\" \/>\n\t<meta property=\"og:image:type\" content=\"image\/png\" \/>\n<meta name=\"author\" content=\"Docca Zrt.\" \/>\n<meta name=\"twitter:card\" content=\"summary_large_image\" \/>\n<meta name=\"twitter:label1\" content=\"Szerz\u0151:\" \/>\n\t<meta name=\"twitter:data1\" content=\"Docca Zrt.\" \/>\n\t<meta name=\"twitter:label2\" content=\"Becs\u00fclt olvas\u00e1si id\u0151\" \/>\n\t<meta name=\"twitter:data2\" content=\"1 perc\" \/>\n<script type=\"application\/ld+json\" class=\"yoast-schema-graph\">{\"@context\":\"https:\\\/\\\/schema.org\",\"@graph\":[{\"@type\":\"Article\",\"@id\":\"https:\\\/\\\/www.doit.hu\\\/rendszergazda\\\/hogyan-kell\\\/130-windows-8-1-gode-mode\\\/#article\",\"isPartOf\":{\"@id\":\"https:\\\/\\\/www.doit.hu\\\/rendszergazda\\\/hogyan-kell\\\/130-windows-8-1-gode-mode\\\/\"},\"author\":{\"name\":\"Docca Zrt.\",\"@id\":\"https:\\\/\\\/www.doit.hu\\\/rendszergazda\\\/#\\\/schema\\\/person\\\/ac60b29300a3d65825707a7bcd47aa7f\"},\"headline\":\"A Windows 8.1 \u00f6sszes be\u00e1ll\u00edt\u00e1si lehet\u0151s\u00e9g\u00e9nek megjelen\u00edt\u00e9se egy helyen\",\"datePublished\":\"2019-04-12T12:03:12+00:00\",\"dateModified\":\"2019-04-18T12:50:45+00:00\",\"mainEntityOfPage\":{\"@id\":\"https:\\\/\\\/www.doit.hu\\\/rendszergazda\\\/hogyan-kell\\\/130-windows-8-1-gode-mode\\\/\"},\"wordCount\":308,\"publisher\":{\"@id\":\"https:\\\/\\\/www.doit.hu\\\/rendszergazda\\\/#organization\"},\"image\":{\"@id\":\"https:\\\/\\\/www.doit.hu\\\/rendszergazda\\\/hogyan-kell\\\/130-windows-8-1-gode-mode\\\/#primaryimage\"},\"thumbnailUrl\":\"https:\\\/\\\/www.doit.hu\\\/rendszergazda\\\/wp-content\\\/uploads\\\/2019\\\/04\\\/Rogzites.png\",\"keywords\":[\"f\u00e1jlkezel\u0151\",\"\u00f6sszes be\u00e1ll\u00edt\u00e1si lehet\u0151s\u00e9g\",\"windows 8.1\",\"windows 8.1 be\u00e1ll\u00edt\u00e1s\"],\"articleSection\":[\"Hogyan kell\"],\"inLanguage\":\"hu\"},{\"@type\":\"WebPage\",\"@id\":\"https:\\\/\\\/www.doit.hu\\\/rendszergazda\\\/hogyan-kell\\\/130-windows-8-1-gode-mode\\\/\",\"url\":\"https:\\\/\\\/www.doit.hu\\\/rendszergazda\\\/hogyan-kell\\\/130-windows-8-1-gode-mode\\\/\",\"name\":\"A Windows 8.1 \u00f6sszes be\u00e1ll\u00edt\u00e1si lehet\u0151s\u00e9g\u00e9nek megjelen\u00edt\u00e9se egy helyen\",\"isPartOf\":{\"@id\":\"https:\\\/\\\/www.doit.hu\\\/rendszergazda\\\/#website\"},\"primaryImageOfPage\":{\"@id\":\"https:\\\/\\\/www.doit.hu\\\/rendszergazda\\\/hogyan-kell\\\/130-windows-8-1-gode-mode\\\/#primaryimage\"},\"image\":{\"@id\":\"https:\\\/\\\/www.doit.hu\\\/rendszergazda\\\/hogyan-kell\\\/130-windows-8-1-gode-mode\\\/#primaryimage\"},\"thumbnailUrl\":\"https:\\\/\\\/www.doit.hu\\\/rendszergazda\\\/wp-content\\\/uploads\\\/2019\\\/04\\\/Rogzites.png\",\"datePublished\":\"2019-04-12T12:03:12+00:00\",\"dateModified\":\"2019-04-18T12:50:45+00:00\",\"description\":\"A Windows 7 ut\u00e1n a Windows 8.1 rendszerben is m\u00f3dunk van az \u00f6sszes be\u00e1ll\u00edt\u00e1si lehet\u0151s\u00e9g egyazon ablakban val\u00f3 megjelen\u00edt\u00e9s\u00e9re.\",\"breadcrumb\":{\"@id\":\"https:\\\/\\\/www.doit.hu\\\/rendszergazda\\\/hogyan-kell\\\/130-windows-8-1-gode-mode\\\/#breadcrumb\"},\"inLanguage\":\"hu\",\"potentialAction\":[{\"@type\":\"ReadAction\",\"target\":[\"https:\\\/\\\/www.doit.hu\\\/rendszergazda\\\/hogyan-kell\\\/130-windows-8-1-gode-mode\\\/\"]}]},{\"@type\":\"ImageObject\",\"inLanguage\":\"hu\",\"@id\":\"https:\\\/\\\/www.doit.hu\\\/rendszergazda\\\/hogyan-kell\\\/130-windows-8-1-gode-mode\\\/#primaryimage\",\"url\":\"https:\\\/\\\/www.doit.hu\\\/rendszergazda\\\/wp-content\\\/uploads\\\/2019\\\/04\\\/Rogzites.png\",\"contentUrl\":\"https:\\\/\\\/www.doit.hu\\\/rendszergazda\\\/wp-content\\\/uploads\\\/2019\\\/04\\\/Rogzites.png\",\"width\":321,\"height\":291},{\"@type\":\"BreadcrumbList\",\"@id\":\"https:\\\/\\\/www.doit.hu\\\/rendszergazda\\\/hogyan-kell\\\/130-windows-8-1-gode-mode\\\/#breadcrumb\",\"itemListElement\":[{\"@type\":\"ListItem\",\"position\":1,\"name\":\"Home\",\"item\":\"https:\\\/\\\/www.doit.hu\\\/rendszergazda\\\/fooldal-flexi\\\/\"},{\"@type\":\"ListItem\",\"position\":2,\"name\":\"A Windows 8.1 \u00f6sszes be\u00e1ll\u00edt\u00e1si lehet\u0151s\u00e9g\u00e9nek megjelen\u00edt\u00e9se egy helyen\"}]},{\"@type\":\"WebSite\",\"@id\":\"https:\\\/\\\/www.doit.hu\\\/rendszergazda\\\/#website\",\"url\":\"https:\\\/\\\/www.doit.hu\\\/rendszergazda\\\/\",\"name\":\"Rendszergazda szolg\u00e1ltat\u00e1s\",\"description\":\"\",\"publisher\":{\"@id\":\"https:\\\/\\\/www.doit.hu\\\/rendszergazda\\\/#organization\"},\"potentialAction\":[{\"@type\":\"SearchAction\",\"target\":{\"@type\":\"EntryPoint\",\"urlTemplate\":\"https:\\\/\\\/www.doit.hu\\\/rendszergazda\\\/?s={search_term_string}\"},\"query-input\":{\"@type\":\"PropertyValueSpecification\",\"valueRequired\":true,\"valueName\":\"search_term_string\"}}],\"inLanguage\":\"hu\"},{\"@type\":\"Organization\",\"@id\":\"https:\\\/\\\/www.doit.hu\\\/rendszergazda\\\/#organization\",\"name\":\"DOCCA Zrt.\",\"url\":\"https:\\\/\\\/www.doit.hu\\\/rendszergazda\\\/\",\"logo\":{\"@type\":\"ImageObject\",\"inLanguage\":\"hu\",\"@id\":\"https:\\\/\\\/www.doit.hu\\\/rendszergazda\\\/#\\\/schema\\\/logo\\\/image\\\/\",\"url\":\"https:\\\/\\\/www.doit.hu\\\/rendszergazda\\\/wp-content\\\/uploads\\\/2019\\\/04\\\/logo.png\",\"contentUrl\":\"https:\\\/\\\/www.doit.hu\\\/rendszergazda\\\/wp-content\\\/uploads\\\/2019\\\/04\\\/logo.png\",\"width\":263,\"height\":82,\"caption\":\"DOCCA Zrt.\"},\"image\":{\"@id\":\"https:\\\/\\\/www.doit.hu\\\/rendszergazda\\\/#\\\/schema\\\/logo\\\/image\\\/\"},\"sameAs\":[\"https:\\\/\\\/www.facebook.com\\\/DoccaZrt\"]},{\"@type\":\"Person\",\"@id\":\"https:\\\/\\\/www.doit.hu\\\/rendszergazda\\\/#\\\/schema\\\/person\\\/ac60b29300a3d65825707a7bcd47aa7f\",\"name\":\"Docca Zrt.\",\"image\":{\"@type\":\"ImageObject\",\"inLanguage\":\"hu\",\"@id\":\"https:\\\/\\\/secure.gravatar.com\\\/avatar\\\/7e3762308ab47147572d4e9f68e02b65139742dfdbb8f7a7314f3c5064a3dbe7?s=96&d=mm&r=g\",\"url\":\"https:\\\/\\\/secure.gravatar.com\\\/avatar\\\/7e3762308ab47147572d4e9f68e02b65139742dfdbb8f7a7314f3c5064a3dbe7?s=96&d=mm&r=g\",\"contentUrl\":\"https:\\\/\\\/secure.gravatar.com\\\/avatar\\\/7e3762308ab47147572d4e9f68e02b65139742dfdbb8f7a7314f3c5064a3dbe7?s=96&d=mm&r=g\",\"caption\":\"Docca Zrt.\"},\"url\":\"https:\\\/\\\/www.doit.hu\\\/rendszergazda\\\/author\\\/docca\\\/\"}]}<\/script>\n<!-- \/ Yoast SEO plugin. -->","yoast_head_json":{"title":"A Windows 8.1 \u00f6sszes be\u00e1ll\u00edt\u00e1si lehet\u0151s\u00e9g\u00e9nek megjelen\u00edt\u00e9se egy helyen","description":"A Windows 7 ut\u00e1n a Windows 8.1 rendszerben is m\u00f3dunk van az \u00f6sszes be\u00e1ll\u00edt\u00e1si lehet\u0151s\u00e9g egyazon ablakban val\u00f3 megjelen\u00edt\u00e9s\u00e9re.","robots":{"index":"index","follow":"follow","max-snippet":"max-snippet:-1","max-image-preview":"max-image-preview:large","max-video-preview":"max-video-preview:-1"},"canonical":"https:\/\/www.doit.hu\/rendszergazda\/hogyan-kell\/130-windows-8-1-gode-mode\/","og_locale":"hu_HU","og_type":"article","og_title":"A Windows 8.1 \u00f6sszes be\u00e1ll\u00edt\u00e1si lehet\u0151s\u00e9g\u00e9nek megjelen\u00edt\u00e9se egy helyen","og_description":"A Windows 7 ut\u00e1n a Windows 8.1 rendszerben is m\u00f3dunk van az \u00f6sszes be\u00e1ll\u00edt\u00e1si lehet\u0151s\u00e9g egyazon ablakban val\u00f3 megjelen\u00edt\u00e9s\u00e9re.","og_url":"https:\/\/www.doit.hu\/rendszergazda\/hogyan-kell\/130-windows-8-1-gode-mode\/","og_site_name":"Rendszergazda szolg\u00e1ltat\u00e1s","article_publisher":"https:\/\/www.facebook.com\/DoccaZrt","article_published_time":"2019-04-12T12:03:12+00:00","article_modified_time":"2019-04-18T12:50:45+00:00","og_image":[{"width":321,"height":291,"url":"https:\/\/www.doit.hu\/rendszergazda\/wp-content\/uploads\/2019\/04\/Rogzites.png","type":"image\/png"}],"author":"Docca Zrt.","twitter_card":"summary_large_image","twitter_misc":{"Szerz\u0151:":"Docca Zrt.","Becs\u00fclt olvas\u00e1si id\u0151":"1 perc"},"schema":{"@context":"https:\/\/schema.org","@graph":[{"@type":"Article","@id":"https:\/\/www.doit.hu\/rendszergazda\/hogyan-kell\/130-windows-8-1-gode-mode\/#article","isPartOf":{"@id":"https:\/\/www.doit.hu\/rendszergazda\/hogyan-kell\/130-windows-8-1-gode-mode\/"},"author":{"name":"Docca Zrt.","@id":"https:\/\/www.doit.hu\/rendszergazda\/#\/schema\/person\/ac60b29300a3d65825707a7bcd47aa7f"},"headline":"A Windows 8.1 \u00f6sszes be\u00e1ll\u00edt\u00e1si lehet\u0151s\u00e9g\u00e9nek megjelen\u00edt\u00e9se egy helyen","datePublished":"2019-04-12T12:03:12+00:00","dateModified":"2019-04-18T12:50:45+00:00","mainEntityOfPage":{"@id":"https:\/\/www.doit.hu\/rendszergazda\/hogyan-kell\/130-windows-8-1-gode-mode\/"},"wordCount":308,"publisher":{"@id":"https:\/\/www.doit.hu\/rendszergazda\/#organization"},"image":{"@id":"https:\/\/www.doit.hu\/rendszergazda\/hogyan-kell\/130-windows-8-1-gode-mode\/#primaryimage"},"thumbnailUrl":"https:\/\/www.doit.hu\/rendszergazda\/wp-content\/uploads\/2019\/04\/Rogzites.png","keywords":["f\u00e1jlkezel\u0151","\u00f6sszes be\u00e1ll\u00edt\u00e1si lehet\u0151s\u00e9g","windows 8.1","windows 8.1 be\u00e1ll\u00edt\u00e1s"],"articleSection":["Hogyan kell"],"inLanguage":"hu"},{"@type":"WebPage","@id":"https:\/\/www.doit.hu\/rendszergazda\/hogyan-kell\/130-windows-8-1-gode-mode\/","url":"https:\/\/www.doit.hu\/rendszergazda\/hogyan-kell\/130-windows-8-1-gode-mode\/","name":"A Windows 8.1 \u00f6sszes be\u00e1ll\u00edt\u00e1si lehet\u0151s\u00e9g\u00e9nek megjelen\u00edt\u00e9se egy helyen","isPartOf":{"@id":"https:\/\/www.doit.hu\/rendszergazda\/#website"},"primaryImageOfPage":{"@id":"https:\/\/www.doit.hu\/rendszergazda\/hogyan-kell\/130-windows-8-1-gode-mode\/#primaryimage"},"image":{"@id":"https:\/\/www.doit.hu\/rendszergazda\/hogyan-kell\/130-windows-8-1-gode-mode\/#primaryimage"},"thumbnailUrl":"https:\/\/www.doit.hu\/rendszergazda\/wp-content\/uploads\/2019\/04\/Rogzites.png","datePublished":"2019-04-12T12:03:12+00:00","dateModified":"2019-04-18T12:50:45+00:00","description":"A Windows 7 ut\u00e1n a Windows 8.1 rendszerben is m\u00f3dunk van az \u00f6sszes be\u00e1ll\u00edt\u00e1si lehet\u0151s\u00e9g egyazon ablakban val\u00f3 megjelen\u00edt\u00e9s\u00e9re.","breadcrumb":{"@id":"https:\/\/www.doit.hu\/rendszergazda\/hogyan-kell\/130-windows-8-1-gode-mode\/#breadcrumb"},"inLanguage":"hu","potentialAction":[{"@type":"ReadAction","target":["https:\/\/www.doit.hu\/rendszergazda\/hogyan-kell\/130-windows-8-1-gode-mode\/"]}]},{"@type":"ImageObject","inLanguage":"hu","@id":"https:\/\/www.doit.hu\/rendszergazda\/hogyan-kell\/130-windows-8-1-gode-mode\/#primaryimage","url":"https:\/\/www.doit.hu\/rendszergazda\/wp-content\/uploads\/2019\/04\/Rogzites.png","contentUrl":"https:\/\/www.doit.hu\/rendszergazda\/wp-content\/uploads\/2019\/04\/Rogzites.png","width":321,"height":291},{"@type":"BreadcrumbList","@id":"https:\/\/www.doit.hu\/rendszergazda\/hogyan-kell\/130-windows-8-1-gode-mode\/#breadcrumb","itemListElement":[{"@type":"ListItem","position":1,"name":"Home","item":"https:\/\/www.doit.hu\/rendszergazda\/fooldal-flexi\/"},{"@type":"ListItem","position":2,"name":"A Windows 8.1 \u00f6sszes be\u00e1ll\u00edt\u00e1si lehet\u0151s\u00e9g\u00e9nek megjelen\u00edt\u00e9se egy helyen"}]},{"@type":"WebSite","@id":"https:\/\/www.doit.hu\/rendszergazda\/#website","url":"https:\/\/www.doit.hu\/rendszergazda\/","name":"Rendszergazda szolg\u00e1ltat\u00e1s","description":"","publisher":{"@id":"https:\/\/www.doit.hu\/rendszergazda\/#organization"},"potentialAction":[{"@type":"SearchAction","target":{"@type":"EntryPoint","urlTemplate":"https:\/\/www.doit.hu\/rendszergazda\/?s={search_term_string}"},"query-input":{"@type":"PropertyValueSpecification","valueRequired":true,"valueName":"search_term_string"}}],"inLanguage":"hu"},{"@type":"Organization","@id":"https:\/\/www.doit.hu\/rendszergazda\/#organization","name":"DOCCA Zrt.","url":"https:\/\/www.doit.hu\/rendszergazda\/","logo":{"@type":"ImageObject","inLanguage":"hu","@id":"https:\/\/www.doit.hu\/rendszergazda\/#\/schema\/logo\/image\/","url":"https:\/\/www.doit.hu\/rendszergazda\/wp-content\/uploads\/2019\/04\/logo.png","contentUrl":"https:\/\/www.doit.hu\/rendszergazda\/wp-content\/uploads\/2019\/04\/logo.png","width":263,"height":82,"caption":"DOCCA Zrt."},"image":{"@id":"https:\/\/www.doit.hu\/rendszergazda\/#\/schema\/logo\/image\/"},"sameAs":["https:\/\/www.facebook.com\/DoccaZrt"]},{"@type":"Person","@id":"https:\/\/www.doit.hu\/rendszergazda\/#\/schema\/person\/ac60b29300a3d65825707a7bcd47aa7f","name":"Docca Zrt.","image":{"@type":"ImageObject","inLanguage":"hu","@id":"https:\/\/secure.gravatar.com\/avatar\/7e3762308ab47147572d4e9f68e02b65139742dfdbb8f7a7314f3c5064a3dbe7?s=96&d=mm&r=g","url":"https:\/\/secure.gravatar.com\/avatar\/7e3762308ab47147572d4e9f68e02b65139742dfdbb8f7a7314f3c5064a3dbe7?s=96&d=mm&r=g","contentUrl":"https:\/\/secure.gravatar.com\/avatar\/7e3762308ab47147572d4e9f68e02b65139742dfdbb8f7a7314f3c5064a3dbe7?s=96&d=mm&r=g","caption":"Docca Zrt."},"url":"https:\/\/www.doit.hu\/rendszergazda\/author\/docca\/"}]}},"_links":{"self":[{"href":"https:\/\/www.doit.hu\/rendszergazda\/wp-json\/wp\/v2\/posts\/602","targetHints":{"allow":["GET"]}}],"collection":[{"href":"https:\/\/www.doit.hu\/rendszergazda\/wp-json\/wp\/v2\/posts"}],"about":[{"href":"https:\/\/www.doit.hu\/rendszergazda\/wp-json\/wp\/v2\/types\/post"}],"author":[{"embeddable":true,"href":"https:\/\/www.doit.hu\/rendszergazda\/wp-json\/wp\/v2\/users\/7"}],"replies":[{"embeddable":true,"href":"https:\/\/www.doit.hu\/rendszergazda\/wp-json\/wp\/v2\/comments?post=602"}],"version-history":[{"count":1,"href":"https:\/\/www.doit.hu\/rendszergazda\/wp-json\/wp\/v2\/posts\/602\/revisions"}],"predecessor-version":[{"id":607,"href":"https:\/\/www.doit.hu\/rendszergazda\/wp-json\/wp\/v2\/posts\/602\/revisions\/607"}],"wp:featuredmedia":[{"embeddable":true,"href":"https:\/\/www.doit.hu\/rendszergazda\/wp-json\/wp\/v2\/media\/605"}],"wp:attachment":[{"href":"https:\/\/www.doit.hu\/rendszergazda\/wp-json\/wp\/v2\/media?parent=602"}],"wp:term":[{"taxonomy":"category","embeddable":true,"href":"https:\/\/www.doit.hu\/rendszergazda\/wp-json\/wp\/v2\/categories?post=602"},{"taxonomy":"post_tag","embeddable":true,"href":"https:\/\/www.doit.hu\/rendszergazda\/wp-json\/wp\/v2\/tags?post=602"}],"curies":[{"name":"wp","href":"https:\/\/api.w.org\/{rel}","templated":true}]}}