{"id":570,"date":"2019-04-12T11:11:35","date_gmt":"2019-04-12T11:11:35","guid":{"rendered":"http:\/\/www.doit.hu\/rendszergazda\/?p=570"},"modified":"2019-04-12T11:11:35","modified_gmt":"2019-04-12T11:11:35","slug":"148-windows-8-1-felujitas-egyedi-rendszer-image-letrehozasa-recimg","status":"publish","type":"post","link":"https:\/\/www.doit.hu\/rendszergazda\/hogyan-kell\/148-windows-8-1-felujitas-egyedi-rendszer-image-letrehozasa-recimg\/","title":{"rendered":"Windows 8.1 fel\u00faj\u00edt\u00e1s, egyedi rendszer image l\u00e9trehoz\u00e1sa, recimg"},"content":{"rendered":"<p><strong>El\u0151fordult m\u00e1r, hogy a sz\u00e1m\u00edt\u00f3g\u00e9p\u00fck\u00f6n fut\u00f3 rendszer teljesen haszn\u00e1lhatatlann\u00e1 v\u00e1lt? A rendszergazda ilyenkor el\u0151vesz egy kor\u00e1bban l\u00e9trehozott rendszerk\u00e9pet \u00e9s percek alatt vissza\u00e1ll\u00edtja a rendszert a kor\u00e1bbi csillog\u00f3, m\u0171k\u00f6d\u0151 \u00e1llapot\u00e1ba. A r\u00e9gi, j\u00f3l bev\u00e1lt &#8222;ghostol\u00e1s&#8221; viszont rengeteg lemezter\u00fcletet em\u00e9szt fel, mivel teljes lemezk\u00e9pet tartalmaz.<\/strong><!--more--><\/p>\n<p>A Windows 8 \u00e9s a Windows 8.1 tartalmaz egy nagyon hasznos \u00e9s k\u00f6nnyen kezelhet\u0151 biztons\u00e1gi ment\u00e9si \u00e9s vissza\u00e1ll\u00edt\u00e1si eszk\u00f6zt, a recimg.exe-t.<\/p>\n<p>&nbsp;<\/p>\n<p>A Windows 8.1 rendszerben tal\u00e1lhat\u00f3 egy &#8222;Fel\u00faj\u00edt\u00e1s&#8221; opci\u00f3, melynek seg\u00edts\u00e9g\u00e9vel \u00fajratelep\u00edthetj\u00fck a rendszert\u00a0\u00fagy, hogy az adatok, jelszavak \u00e9s szem\u00e9lyes f\u00e1jlok teljesen \u00e9rintetlenek maradnak. H\u00e1tr\u00e1nya, hogy az \u00e1ltalunk telep\u00edtett asztali alkalmaz\u00e1sok \u00e9s illeszt\u0151programok a folyamat k\u00f6zben t\u00f6rl\u0151dnek.<\/p>\n<p><img loading=\"lazy\" decoding=\"async\" class=\"aligncenter wp-image-571\" src=\"http:\/\/www.doit.hu\/rendszergazda\/wp-content\/uploads\/2019\/04\/Frissites-1.png\" alt=\"\" width=\"701\" height=\"261\" srcset=\"https:\/\/www.doit.hu\/rendszergazda\/wp-content\/uploads\/2019\/04\/Frissites-1.png 1060w, https:\/\/www.doit.hu\/rendszergazda\/wp-content\/uploads\/2019\/04\/Frissites-1-300x112.png 300w, https:\/\/www.doit.hu\/rendszergazda\/wp-content\/uploads\/2019\/04\/Frissites-1-768x286.png 768w, https:\/\/www.doit.hu\/rendszergazda\/wp-content\/uploads\/2019\/04\/Frissites-1-1030x384.png 1030w, https:\/\/www.doit.hu\/rendszergazda\/wp-content\/uploads\/2019\/04\/Frissites-1-705x263.png 705w, https:\/\/www.doit.hu\/rendszergazda\/wp-content\/uploads\/2019\/04\/Frissites-1-450x168.png 450w\" sizes=\"auto, (max-width: 701px) 100vw, 701px\" \/><\/p>\n<p style=\"text-align: center;\">Megtal\u00e1lhat\u00f3 a G\u00e9ph\u00e1z, Friss\u00edt\u00e9s \u00e9s helyre\u00e1ll\u00edt\u00e1s, Helyre\u00e1ll\u00edt\u00e1s men\u00fcben<\/p>\n<p>&nbsp;<\/p>\n<p>A recimg.exe seg\u00edts\u00e9g\u00e9vel egy\u00e9ni vissza\u00e1ll\u00edt\u00e1si pontot hozhatunk l\u00e9tre, \u00edgy nem kell az elveszett dolgaink miatt agg\u00f3dnunk. A recimg\u00a0n\u00e9v a &#8222;record image,&#8221; kifejez\u00e9sb\u0151l ered.\u00a0Az eszk\u00f6z haszn\u00e1lata el\u0151tt \u00e9rdemes teljesen felfriss\u00edteni a rendszert (Windows Update), futtatni egy j\u00f3 h\u00edr\u0171 Registry Cleanert (p\u00e9ld\u00e1ul\u00a0<a href=\"http:\/\/www.piriform.com\/ccleaner\">CCleaner<\/a>) \u00e9s ellen\u0151rizni a merevlemez \u00e1llapot\u00e1t (chkdsk). A m\u0171velet er\u0151teljesen kihaszn\u00e1lja a rendszer er\u0151forr\u00e1sait, \u00e9rezhet\u0151 lassul\u00e1st okoz, ez\u00e9rt \u00e9rdemes akkor futtatni, amikor egy\u00e9bk\u00e9nt nem haszn\u00e1ln\u00e1k a sz\u00e1m\u00edt\u00f3g\u00e9pet.<\/p>\n<p>&nbsp;<\/p>\n<p>Az egy\u00e9ni lemezk\u00e9p l\u00e9trehoz\u00e1s\u00e1nak l\u00e9p\u00e9sei a k\u00f6vetkez\u0151k.<\/p>\n<p>&#8211; Nyissunk egy rendszergazda jog\u00fa parancssori ablakot (\u00fcss\u00fck le a Windows + X billenty\u0171kombin\u00e1ci\u00f3t \u00e9s v\u00e1lasszuk ki a &#8222;Parancssor (rendszergazdai)&#8221; lehet\u0151s\u00e9get);<\/p>\n<p>&#8211; \u00cdrjuk be az ablakba a k\u00f6vetkez\u0151 parancsot;<\/p>\n<p>recimg \/createImage {mappa el\u00e9r\u00e9si \u00fatja} (p\u00e9ld\u00e1ul recimg \/createImage C:\\RefreshImage)<\/p>\n<p>&nbsp;<\/p>\n<p>Tippek: Ha a mappa nem l\u00e9tezik, a rendszer l\u00e9trehozza azt. A rendszerk\u00e9p ak\u00e1r 15-25 GB is lehet, ellen\u0151rizz\u00fck, hogy a c\u00e9l meghajt\u00f3n van-e elegend\u0151 szabad lemezter\u00fclet. \u00c9rdemes az el\u00e9rhet\u0151 leggyorsabb meghajt\u00f3t v\u00e1lasztani, \u00edgy gyorsabban l\u00e9trej\u00f6n a f\u00e1jl, mely k\u00e9s\u0151bb b\u00e1rmikor \u00e1tmozgathat\u00f3. Ha t\u00f6bbsz\u00f6r adjuk meg egyazon mapp\u00e1t, a kor\u00e1bbi ment\u00e9s\u00fcnk fel\u00fcl\u00edr\u00f3dik.<\/p>\n<p>&nbsp;<\/p>\n<p>&#8211; A parancs \u00e9s az el\u00e9r\u00e9si \u00fatvonal be\u00edr\u00e1s\u00e1t k\u00f6vet\u0151en csak \u00fcss\u00fcnk Entert!<\/p>\n<p><img loading=\"lazy\" decoding=\"async\" class=\"aligncenter size-full wp-image-572\" src=\"http:\/\/www.doit.hu\/rendszergazda\/wp-content\/uploads\/2019\/04\/recimg.png\" alt=\"\" width=\"470\" height=\"256\" srcset=\"https:\/\/www.doit.hu\/rendszergazda\/wp-content\/uploads\/2019\/04\/recimg.png 470w, https:\/\/www.doit.hu\/rendszergazda\/wp-content\/uploads\/2019\/04\/recimg-300x163.png 300w, https:\/\/www.doit.hu\/rendszergazda\/wp-content\/uploads\/2019\/04\/recimg-450x245.png 450w\" sizes=\"auto, (max-width: 470px) 100vw, 470px\" \/><\/p>\n<div class=\"img_caption none\">\n<p class=\"img_caption\" style=\"text-align: center;\">A recimg folyamata a k\u00e9pf\u00e1jl \u00edr\u00e1s\u00e1ba kezd<\/p>\n<\/div>\n<p>&nbsp;<\/p>\n<p>Az egy\u00e9ni rendszer-k\u00e9pf\u00e1jl neve mindig CustomRefresh.wim (.Wim = Windows Imaging Medium). \u00c1ltal\u00e1ban n\u00e9h\u00e1ny \u00f3ra alatt k\u00e9sz\u00fcl el, ezt k\u00f6vet\u0151en a recimg regisztr\u00e1lja az \u00faj\u00a0CustomRefresh.wim f\u00e1jlt a rendszer akt\u00edv k\u00e9pf\u00e1jljak\u00e9nt. A Windows friss\u00edt\u00e9sekor automatikusan ezt haszn\u00e1lja majd a rendszer.<\/p>\n<p>&nbsp;<\/p>\n<p>Ha elmozgattuk a\u00a0CustomRefresh.wim f\u00e1jlt, vagy t\u00f6bbet is k\u00e9sz\u00edtett\u00fcnk, akkor meg kell adnunk a rendszernek, hogy melyiket tekintse akt\u00edvnak. Ehhez egy rendszergazda jog\u00fa parancssori ablakba a k\u00f6vetkez\u0151 parancsot kell be\u00edrnunk.<\/p>\n<p>recimg \/setcurrent {mappa neve}\u00a0(p\u00e9ld\u00e1ul\u00a0recimg \/setcurrent C:\\RefreshImage)<\/p>\n<p>&nbsp;<\/p>\n<p>Tov\u00e1bbi recimg parancsok:<\/p>\n<p>recimg \/showcurrent &#8211; megjelen\u00edti az \u00e9ppen akt\u00edv k\u00e9pet tartalmaz\u00f3 mapp\u00e1t.<\/p>\n<p>recimg\u00a0\/deregister &#8211; vissza\u00e1ll\u00edtjuk az alap\u00e1llapotot.<\/p>\n<p>&nbsp;<\/p>\n<p>Grafikus fel\u00fcleten is elv\u00e9gezhetj\u00fck a m\u0171veletet, ehhez az ingyenes, metr\u00f3 megjelen\u00e9s\u0171\u00a0<a href=\"http:\/\/www.recimg.com\/\">Recimg Manager<\/a>t kell telep\u00edten\u00fcnk.<\/p>\n<p>&nbsp;<\/p>\n<p>Hib\u00e1ba \u00fctk\u00f6zt\u00fcnk? A leggyakoribb recimg \u00e9s fel\u00faj\u00edt\u00e1si probl\u00e9m\u00e1kr\u00f3l\u00a0<a href=\"https:\/\/www.doit.hu\/rendszergazda\/index.php\/hogyan-kell\/149-a-leggyakoribb-recimg-es-felujitasi-problemak-0x80070003-hiba\">itt<\/a>\u00a0t\u00e1j\u00e9koz\u00f3dhatunk.<\/p>\n<p>&nbsp;<\/p>\n<p>Forr\u00e1s:\u00a0<a href=\"http:\/\/windowssecrets.com\/\">Windows Secrets<\/a>.<\/p>\n<p>&nbsp;<\/p>\n<p>Tov\u00e1bbi tan\u00e1csok\u00e9rt keresse fel\u00a0<strong><a href=\"https:\/\/www.doit.hu\/rendszergazda\/index.php\/hogyan-kell\">rendszergazda blogunkat<\/a><\/strong>!<\/p>\n<p>&nbsp;<\/p>\n","protected":false},"excerpt":{"rendered":"<p>El\u0151fordult m\u00e1r, hogy a sz\u00e1m\u00edt\u00f3g\u00e9p\u00fck\u00f6n fut\u00f3 rendszer teljesen haszn\u00e1lhatatlann\u00e1 v\u00e1lt? A rendszergazda ilyenkor el\u0151vesz egy kor\u00e1bban l\u00e9trehozott rendszerk\u00e9pet \u00e9s percek alatt vissza\u00e1ll\u00edtja a rendszert a kor\u00e1bbi csillog\u00f3, m\u0171k\u00f6d\u0151 \u00e1llapot\u00e1ba. A r\u00e9gi, j\u00f3l bev\u00e1lt &#8222;ghostol\u00e1s&#8221; viszont rengeteg lemezter\u00fcletet em\u00e9szt fel, mivel teljes lemezk\u00e9pet tartalmaz.<\/p>\n","protected":false},"author":7,"featured_media":571,"comment_status":"closed","ping_status":"closed","sticky":false,"template":"","format":"standard","meta":{"footnotes":""},"categories":[2],"tags":[437,436,433,435],"class_list":["post-570","post","type-post","status-publish","format-standard","has-post-thumbnail","hentry","category-hogyan-kell","tag-egyedi-rendszer-image","tag-recimg","tag-windows-8-1","tag-windows-8-1-felujitas"],"yoast_head":"<!-- This site is optimized with the Yoast SEO plugin v27.4 - https:\/\/yoast.com\/product\/yoast-seo-wordpress\/ -->\n<title>Windows 8.1 fel\u00faj\u00edt\u00e1s, egyedi rendszer image l\u00e9trehoz\u00e1sa, recimg<\/title>\n<meta name=\"description\" content=\"El\u0151fordult m\u00e1r, hogy a sz\u00e1m\u00edt\u00f3g\u00e9p\u00fck\u00f6n fut\u00f3 rendszer teljesen haszn\u00e1lhatatlann\u00e1 v\u00e1lt? A rendszergazda ilyenkor el\u0151vesz egy kor\u00e1bban l\u00e9trehozott rendszerk\u00e9pet...\" \/>\n<meta name=\"robots\" content=\"index, follow, max-snippet:-1, max-image-preview:large, max-video-preview:-1\" \/>\n<link rel=\"canonical\" href=\"https:\/\/www.doit.hu\/rendszergazda\/hogyan-kell\/148-windows-8-1-felujitas-egyedi-rendszer-image-letrehozasa-recimg\/\" \/>\n<meta property=\"og:locale\" content=\"hu_HU\" \/>\n<meta property=\"og:type\" content=\"article\" \/>\n<meta property=\"og:title\" content=\"Windows 8.1 fel\u00faj\u00edt\u00e1s, egyedi rendszer image l\u00e9trehoz\u00e1sa, recimg\" \/>\n<meta property=\"og:description\" content=\"El\u0151fordult m\u00e1r, hogy a sz\u00e1m\u00edt\u00f3g\u00e9p\u00fck\u00f6n fut\u00f3 rendszer teljesen haszn\u00e1lhatatlann\u00e1 v\u00e1lt? A rendszergazda ilyenkor el\u0151vesz egy kor\u00e1bban l\u00e9trehozott rendszerk\u00e9pet...\" \/>\n<meta property=\"og:url\" content=\"https:\/\/www.doit.hu\/rendszergazda\/hogyan-kell\/148-windows-8-1-felujitas-egyedi-rendszer-image-letrehozasa-recimg\/\" \/>\n<meta property=\"og:site_name\" content=\"Rendszergazda szolg\u00e1ltat\u00e1s\" \/>\n<meta property=\"article:publisher\" content=\"https:\/\/www.facebook.com\/DoccaZrt\" \/>\n<meta property=\"article:published_time\" content=\"2019-04-12T11:11:35+00:00\" \/>\n<meta property=\"og:image\" content=\"https:\/\/www.doit.hu\/rendszergazda\/wp-content\/uploads\/2019\/04\/Frissites-1.png\" \/>\n\t<meta property=\"og:image:width\" content=\"1060\" \/>\n\t<meta property=\"og:image:height\" content=\"395\" \/>\n\t<meta property=\"og:image:type\" content=\"image\/png\" \/>\n<meta name=\"author\" content=\"Docca Zrt.\" \/>\n<meta name=\"twitter:card\" content=\"summary_large_image\" \/>\n<meta name=\"twitter:label1\" content=\"Szerz\u0151:\" \/>\n\t<meta name=\"twitter:data1\" content=\"Docca Zrt.\" \/>\n\t<meta name=\"twitter:label2\" content=\"Becs\u00fclt olvas\u00e1si id\u0151\" \/>\n\t<meta name=\"twitter:data2\" content=\"3 perc\" \/>\n<script type=\"application\/ld+json\" class=\"yoast-schema-graph\">{\"@context\":\"https:\\\/\\\/schema.org\",\"@graph\":[{\"@type\":\"Article\",\"@id\":\"https:\\\/\\\/www.doit.hu\\\/rendszergazda\\\/hogyan-kell\\\/148-windows-8-1-felujitas-egyedi-rendszer-image-letrehozasa-recimg\\\/#article\",\"isPartOf\":{\"@id\":\"https:\\\/\\\/www.doit.hu\\\/rendszergazda\\\/hogyan-kell\\\/148-windows-8-1-felujitas-egyedi-rendszer-image-letrehozasa-recimg\\\/\"},\"author\":{\"name\":\"Docca Zrt.\",\"@id\":\"https:\\\/\\\/www.doit.hu\\\/rendszergazda\\\/#\\\/schema\\\/person\\\/ac60b29300a3d65825707a7bcd47aa7f\"},\"headline\":\"Windows 8.1 fel\u00faj\u00edt\u00e1s, egyedi rendszer image l\u00e9trehoz\u00e1sa, recimg\",\"datePublished\":\"2019-04-12T11:11:35+00:00\",\"mainEntityOfPage\":{\"@id\":\"https:\\\/\\\/www.doit.hu\\\/rendszergazda\\\/hogyan-kell\\\/148-windows-8-1-felujitas-egyedi-rendszer-image-letrehozasa-recimg\\\/\"},\"wordCount\":671,\"publisher\":{\"@id\":\"https:\\\/\\\/www.doit.hu\\\/rendszergazda\\\/#organization\"},\"image\":{\"@id\":\"https:\\\/\\\/www.doit.hu\\\/rendszergazda\\\/hogyan-kell\\\/148-windows-8-1-felujitas-egyedi-rendszer-image-letrehozasa-recimg\\\/#primaryimage\"},\"thumbnailUrl\":\"https:\\\/\\\/www.doit.hu\\\/rendszergazda\\\/wp-content\\\/uploads\\\/2019\\\/04\\\/Frissites-1.png\",\"keywords\":[\"egyedi rendszer image\",\"recimg\",\"windows 8.1\",\"windows 8.1 fel\u00faj\u00edt\u00e1s\"],\"articleSection\":[\"Hogyan kell\"],\"inLanguage\":\"hu\"},{\"@type\":\"WebPage\",\"@id\":\"https:\\\/\\\/www.doit.hu\\\/rendszergazda\\\/hogyan-kell\\\/148-windows-8-1-felujitas-egyedi-rendszer-image-letrehozasa-recimg\\\/\",\"url\":\"https:\\\/\\\/www.doit.hu\\\/rendszergazda\\\/hogyan-kell\\\/148-windows-8-1-felujitas-egyedi-rendszer-image-letrehozasa-recimg\\\/\",\"name\":\"Windows 8.1 fel\u00faj\u00edt\u00e1s, egyedi rendszer image l\u00e9trehoz\u00e1sa, recimg\",\"isPartOf\":{\"@id\":\"https:\\\/\\\/www.doit.hu\\\/rendszergazda\\\/#website\"},\"primaryImageOfPage\":{\"@id\":\"https:\\\/\\\/www.doit.hu\\\/rendszergazda\\\/hogyan-kell\\\/148-windows-8-1-felujitas-egyedi-rendszer-image-letrehozasa-recimg\\\/#primaryimage\"},\"image\":{\"@id\":\"https:\\\/\\\/www.doit.hu\\\/rendszergazda\\\/hogyan-kell\\\/148-windows-8-1-felujitas-egyedi-rendszer-image-letrehozasa-recimg\\\/#primaryimage\"},\"thumbnailUrl\":\"https:\\\/\\\/www.doit.hu\\\/rendszergazda\\\/wp-content\\\/uploads\\\/2019\\\/04\\\/Frissites-1.png\",\"datePublished\":\"2019-04-12T11:11:35+00:00\",\"description\":\"El\u0151fordult m\u00e1r, hogy a sz\u00e1m\u00edt\u00f3g\u00e9p\u00fck\u00f6n fut\u00f3 rendszer teljesen haszn\u00e1lhatatlann\u00e1 v\u00e1lt? A rendszergazda ilyenkor el\u0151vesz egy kor\u00e1bban l\u00e9trehozott rendszerk\u00e9pet...\",\"breadcrumb\":{\"@id\":\"https:\\\/\\\/www.doit.hu\\\/rendszergazda\\\/hogyan-kell\\\/148-windows-8-1-felujitas-egyedi-rendszer-image-letrehozasa-recimg\\\/#breadcrumb\"},\"inLanguage\":\"hu\",\"potentialAction\":[{\"@type\":\"ReadAction\",\"target\":[\"https:\\\/\\\/www.doit.hu\\\/rendszergazda\\\/hogyan-kell\\\/148-windows-8-1-felujitas-egyedi-rendszer-image-letrehozasa-recimg\\\/\"]}]},{\"@type\":\"ImageObject\",\"inLanguage\":\"hu\",\"@id\":\"https:\\\/\\\/www.doit.hu\\\/rendszergazda\\\/hogyan-kell\\\/148-windows-8-1-felujitas-egyedi-rendszer-image-letrehozasa-recimg\\\/#primaryimage\",\"url\":\"https:\\\/\\\/www.doit.hu\\\/rendszergazda\\\/wp-content\\\/uploads\\\/2019\\\/04\\\/Frissites-1.png\",\"contentUrl\":\"https:\\\/\\\/www.doit.hu\\\/rendszergazda\\\/wp-content\\\/uploads\\\/2019\\\/04\\\/Frissites-1.png\",\"width\":1060,\"height\":395},{\"@type\":\"BreadcrumbList\",\"@id\":\"https:\\\/\\\/www.doit.hu\\\/rendszergazda\\\/hogyan-kell\\\/148-windows-8-1-felujitas-egyedi-rendszer-image-letrehozasa-recimg\\\/#breadcrumb\",\"itemListElement\":[{\"@type\":\"ListItem\",\"position\":1,\"name\":\"Home\",\"item\":\"https:\\\/\\\/www.doit.hu\\\/rendszergazda\\\/fooldal-flexi\\\/\"},{\"@type\":\"ListItem\",\"position\":2,\"name\":\"Windows 8.1 fel\u00faj\u00edt\u00e1s, egyedi rendszer image l\u00e9trehoz\u00e1sa, recimg\"}]},{\"@type\":\"WebSite\",\"@id\":\"https:\\\/\\\/www.doit.hu\\\/rendszergazda\\\/#website\",\"url\":\"https:\\\/\\\/www.doit.hu\\\/rendszergazda\\\/\",\"name\":\"Rendszergazda szolg\u00e1ltat\u00e1s\",\"description\":\"\",\"publisher\":{\"@id\":\"https:\\\/\\\/www.doit.hu\\\/rendszergazda\\\/#organization\"},\"potentialAction\":[{\"@type\":\"SearchAction\",\"target\":{\"@type\":\"EntryPoint\",\"urlTemplate\":\"https:\\\/\\\/www.doit.hu\\\/rendszergazda\\\/?s={search_term_string}\"},\"query-input\":{\"@type\":\"PropertyValueSpecification\",\"valueRequired\":true,\"valueName\":\"search_term_string\"}}],\"inLanguage\":\"hu\"},{\"@type\":\"Organization\",\"@id\":\"https:\\\/\\\/www.doit.hu\\\/rendszergazda\\\/#organization\",\"name\":\"DOCCA Zrt.\",\"url\":\"https:\\\/\\\/www.doit.hu\\\/rendszergazda\\\/\",\"logo\":{\"@type\":\"ImageObject\",\"inLanguage\":\"hu\",\"@id\":\"https:\\\/\\\/www.doit.hu\\\/rendszergazda\\\/#\\\/schema\\\/logo\\\/image\\\/\",\"url\":\"https:\\\/\\\/www.doit.hu\\\/rendszergazda\\\/wp-content\\\/uploads\\\/2019\\\/04\\\/logo.png\",\"contentUrl\":\"https:\\\/\\\/www.doit.hu\\\/rendszergazda\\\/wp-content\\\/uploads\\\/2019\\\/04\\\/logo.png\",\"width\":263,\"height\":82,\"caption\":\"DOCCA Zrt.\"},\"image\":{\"@id\":\"https:\\\/\\\/www.doit.hu\\\/rendszergazda\\\/#\\\/schema\\\/logo\\\/image\\\/\"},\"sameAs\":[\"https:\\\/\\\/www.facebook.com\\\/DoccaZrt\"]},{\"@type\":\"Person\",\"@id\":\"https:\\\/\\\/www.doit.hu\\\/rendszergazda\\\/#\\\/schema\\\/person\\\/ac60b29300a3d65825707a7bcd47aa7f\",\"name\":\"Docca Zrt.\",\"image\":{\"@type\":\"ImageObject\",\"inLanguage\":\"hu\",\"@id\":\"https:\\\/\\\/secure.gravatar.com\\\/avatar\\\/7e3762308ab47147572d4e9f68e02b65139742dfdbb8f7a7314f3c5064a3dbe7?s=96&d=mm&r=g\",\"url\":\"https:\\\/\\\/secure.gravatar.com\\\/avatar\\\/7e3762308ab47147572d4e9f68e02b65139742dfdbb8f7a7314f3c5064a3dbe7?s=96&d=mm&r=g\",\"contentUrl\":\"https:\\\/\\\/secure.gravatar.com\\\/avatar\\\/7e3762308ab47147572d4e9f68e02b65139742dfdbb8f7a7314f3c5064a3dbe7?s=96&d=mm&r=g\",\"caption\":\"Docca Zrt.\"},\"url\":\"https:\\\/\\\/www.doit.hu\\\/rendszergazda\\\/author\\\/docca\\\/\"}]}<\/script>\n<!-- \/ Yoast SEO plugin. -->","yoast_head_json":{"title":"Windows 8.1 fel\u00faj\u00edt\u00e1s, egyedi rendszer image l\u00e9trehoz\u00e1sa, recimg","description":"El\u0151fordult m\u00e1r, hogy a sz\u00e1m\u00edt\u00f3g\u00e9p\u00fck\u00f6n fut\u00f3 rendszer teljesen haszn\u00e1lhatatlann\u00e1 v\u00e1lt? A rendszergazda ilyenkor el\u0151vesz egy kor\u00e1bban l\u00e9trehozott rendszerk\u00e9pet...","robots":{"index":"index","follow":"follow","max-snippet":"max-snippet:-1","max-image-preview":"max-image-preview:large","max-video-preview":"max-video-preview:-1"},"canonical":"https:\/\/www.doit.hu\/rendszergazda\/hogyan-kell\/148-windows-8-1-felujitas-egyedi-rendszer-image-letrehozasa-recimg\/","og_locale":"hu_HU","og_type":"article","og_title":"Windows 8.1 fel\u00faj\u00edt\u00e1s, egyedi rendszer image l\u00e9trehoz\u00e1sa, recimg","og_description":"El\u0151fordult m\u00e1r, hogy a sz\u00e1m\u00edt\u00f3g\u00e9p\u00fck\u00f6n fut\u00f3 rendszer teljesen haszn\u00e1lhatatlann\u00e1 v\u00e1lt? A rendszergazda ilyenkor el\u0151vesz egy kor\u00e1bban l\u00e9trehozott rendszerk\u00e9pet...","og_url":"https:\/\/www.doit.hu\/rendszergazda\/hogyan-kell\/148-windows-8-1-felujitas-egyedi-rendszer-image-letrehozasa-recimg\/","og_site_name":"Rendszergazda szolg\u00e1ltat\u00e1s","article_publisher":"https:\/\/www.facebook.com\/DoccaZrt","article_published_time":"2019-04-12T11:11:35+00:00","og_image":[{"width":1060,"height":395,"url":"https:\/\/www.doit.hu\/rendszergazda\/wp-content\/uploads\/2019\/04\/Frissites-1.png","type":"image\/png"}],"author":"Docca Zrt.","twitter_card":"summary_large_image","twitter_misc":{"Szerz\u0151:":"Docca Zrt.","Becs\u00fclt olvas\u00e1si id\u0151":"3 perc"},"schema":{"@context":"https:\/\/schema.org","@graph":[{"@type":"Article","@id":"https:\/\/www.doit.hu\/rendszergazda\/hogyan-kell\/148-windows-8-1-felujitas-egyedi-rendszer-image-letrehozasa-recimg\/#article","isPartOf":{"@id":"https:\/\/www.doit.hu\/rendszergazda\/hogyan-kell\/148-windows-8-1-felujitas-egyedi-rendszer-image-letrehozasa-recimg\/"},"author":{"name":"Docca Zrt.","@id":"https:\/\/www.doit.hu\/rendszergazda\/#\/schema\/person\/ac60b29300a3d65825707a7bcd47aa7f"},"headline":"Windows 8.1 fel\u00faj\u00edt\u00e1s, egyedi rendszer image l\u00e9trehoz\u00e1sa, recimg","datePublished":"2019-04-12T11:11:35+00:00","mainEntityOfPage":{"@id":"https:\/\/www.doit.hu\/rendszergazda\/hogyan-kell\/148-windows-8-1-felujitas-egyedi-rendszer-image-letrehozasa-recimg\/"},"wordCount":671,"publisher":{"@id":"https:\/\/www.doit.hu\/rendszergazda\/#organization"},"image":{"@id":"https:\/\/www.doit.hu\/rendszergazda\/hogyan-kell\/148-windows-8-1-felujitas-egyedi-rendszer-image-letrehozasa-recimg\/#primaryimage"},"thumbnailUrl":"https:\/\/www.doit.hu\/rendszergazda\/wp-content\/uploads\/2019\/04\/Frissites-1.png","keywords":["egyedi rendszer image","recimg","windows 8.1","windows 8.1 fel\u00faj\u00edt\u00e1s"],"articleSection":["Hogyan kell"],"inLanguage":"hu"},{"@type":"WebPage","@id":"https:\/\/www.doit.hu\/rendszergazda\/hogyan-kell\/148-windows-8-1-felujitas-egyedi-rendszer-image-letrehozasa-recimg\/","url":"https:\/\/www.doit.hu\/rendszergazda\/hogyan-kell\/148-windows-8-1-felujitas-egyedi-rendszer-image-letrehozasa-recimg\/","name":"Windows 8.1 fel\u00faj\u00edt\u00e1s, egyedi rendszer image l\u00e9trehoz\u00e1sa, recimg","isPartOf":{"@id":"https:\/\/www.doit.hu\/rendszergazda\/#website"},"primaryImageOfPage":{"@id":"https:\/\/www.doit.hu\/rendszergazda\/hogyan-kell\/148-windows-8-1-felujitas-egyedi-rendszer-image-letrehozasa-recimg\/#primaryimage"},"image":{"@id":"https:\/\/www.doit.hu\/rendszergazda\/hogyan-kell\/148-windows-8-1-felujitas-egyedi-rendszer-image-letrehozasa-recimg\/#primaryimage"},"thumbnailUrl":"https:\/\/www.doit.hu\/rendszergazda\/wp-content\/uploads\/2019\/04\/Frissites-1.png","datePublished":"2019-04-12T11:11:35+00:00","description":"El\u0151fordult m\u00e1r, hogy a sz\u00e1m\u00edt\u00f3g\u00e9p\u00fck\u00f6n fut\u00f3 rendszer teljesen haszn\u00e1lhatatlann\u00e1 v\u00e1lt? A rendszergazda ilyenkor el\u0151vesz egy kor\u00e1bban l\u00e9trehozott rendszerk\u00e9pet...","breadcrumb":{"@id":"https:\/\/www.doit.hu\/rendszergazda\/hogyan-kell\/148-windows-8-1-felujitas-egyedi-rendszer-image-letrehozasa-recimg\/#breadcrumb"},"inLanguage":"hu","potentialAction":[{"@type":"ReadAction","target":["https:\/\/www.doit.hu\/rendszergazda\/hogyan-kell\/148-windows-8-1-felujitas-egyedi-rendszer-image-letrehozasa-recimg\/"]}]},{"@type":"ImageObject","inLanguage":"hu","@id":"https:\/\/www.doit.hu\/rendszergazda\/hogyan-kell\/148-windows-8-1-felujitas-egyedi-rendszer-image-letrehozasa-recimg\/#primaryimage","url":"https:\/\/www.doit.hu\/rendszergazda\/wp-content\/uploads\/2019\/04\/Frissites-1.png","contentUrl":"https:\/\/www.doit.hu\/rendszergazda\/wp-content\/uploads\/2019\/04\/Frissites-1.png","width":1060,"height":395},{"@type":"BreadcrumbList","@id":"https:\/\/www.doit.hu\/rendszergazda\/hogyan-kell\/148-windows-8-1-felujitas-egyedi-rendszer-image-letrehozasa-recimg\/#breadcrumb","itemListElement":[{"@type":"ListItem","position":1,"name":"Home","item":"https:\/\/www.doit.hu\/rendszergazda\/fooldal-flexi\/"},{"@type":"ListItem","position":2,"name":"Windows 8.1 fel\u00faj\u00edt\u00e1s, egyedi rendszer image l\u00e9trehoz\u00e1sa, recimg"}]},{"@type":"WebSite","@id":"https:\/\/www.doit.hu\/rendszergazda\/#website","url":"https:\/\/www.doit.hu\/rendszergazda\/","name":"Rendszergazda szolg\u00e1ltat\u00e1s","description":"","publisher":{"@id":"https:\/\/www.doit.hu\/rendszergazda\/#organization"},"potentialAction":[{"@type":"SearchAction","target":{"@type":"EntryPoint","urlTemplate":"https:\/\/www.doit.hu\/rendszergazda\/?s={search_term_string}"},"query-input":{"@type":"PropertyValueSpecification","valueRequired":true,"valueName":"search_term_string"}}],"inLanguage":"hu"},{"@type":"Organization","@id":"https:\/\/www.doit.hu\/rendszergazda\/#organization","name":"DOCCA Zrt.","url":"https:\/\/www.doit.hu\/rendszergazda\/","logo":{"@type":"ImageObject","inLanguage":"hu","@id":"https:\/\/www.doit.hu\/rendszergazda\/#\/schema\/logo\/image\/","url":"https:\/\/www.doit.hu\/rendszergazda\/wp-content\/uploads\/2019\/04\/logo.png","contentUrl":"https:\/\/www.doit.hu\/rendszergazda\/wp-content\/uploads\/2019\/04\/logo.png","width":263,"height":82,"caption":"DOCCA Zrt."},"image":{"@id":"https:\/\/www.doit.hu\/rendszergazda\/#\/schema\/logo\/image\/"},"sameAs":["https:\/\/www.facebook.com\/DoccaZrt"]},{"@type":"Person","@id":"https:\/\/www.doit.hu\/rendszergazda\/#\/schema\/person\/ac60b29300a3d65825707a7bcd47aa7f","name":"Docca Zrt.","image":{"@type":"ImageObject","inLanguage":"hu","@id":"https:\/\/secure.gravatar.com\/avatar\/7e3762308ab47147572d4e9f68e02b65139742dfdbb8f7a7314f3c5064a3dbe7?s=96&d=mm&r=g","url":"https:\/\/secure.gravatar.com\/avatar\/7e3762308ab47147572d4e9f68e02b65139742dfdbb8f7a7314f3c5064a3dbe7?s=96&d=mm&r=g","contentUrl":"https:\/\/secure.gravatar.com\/avatar\/7e3762308ab47147572d4e9f68e02b65139742dfdbb8f7a7314f3c5064a3dbe7?s=96&d=mm&r=g","caption":"Docca Zrt."},"url":"https:\/\/www.doit.hu\/rendszergazda\/author\/docca\/"}]}},"_links":{"self":[{"href":"https:\/\/www.doit.hu\/rendszergazda\/wp-json\/wp\/v2\/posts\/570","targetHints":{"allow":["GET"]}}],"collection":[{"href":"https:\/\/www.doit.hu\/rendszergazda\/wp-json\/wp\/v2\/posts"}],"about":[{"href":"https:\/\/www.doit.hu\/rendszergazda\/wp-json\/wp\/v2\/types\/post"}],"author":[{"embeddable":true,"href":"https:\/\/www.doit.hu\/rendszergazda\/wp-json\/wp\/v2\/users\/7"}],"replies":[{"embeddable":true,"href":"https:\/\/www.doit.hu\/rendszergazda\/wp-json\/wp\/v2\/comments?post=570"}],"version-history":[{"count":1,"href":"https:\/\/www.doit.hu\/rendszergazda\/wp-json\/wp\/v2\/posts\/570\/revisions"}],"predecessor-version":[{"id":573,"href":"https:\/\/www.doit.hu\/rendszergazda\/wp-json\/wp\/v2\/posts\/570\/revisions\/573"}],"wp:featuredmedia":[{"embeddable":true,"href":"https:\/\/www.doit.hu\/rendszergazda\/wp-json\/wp\/v2\/media\/571"}],"wp:attachment":[{"href":"https:\/\/www.doit.hu\/rendszergazda\/wp-json\/wp\/v2\/media?parent=570"}],"wp:term":[{"taxonomy":"category","embeddable":true,"href":"https:\/\/www.doit.hu\/rendszergazda\/wp-json\/wp\/v2\/categories?post=570"},{"taxonomy":"post_tag","embeddable":true,"href":"https:\/\/www.doit.hu\/rendszergazda\/wp-json\/wp\/v2\/tags?post=570"}],"curies":[{"name":"wp","href":"https:\/\/api.w.org\/{rel}","templated":true}]}}