{"id":552,"date":"2019-04-12T10:53:05","date_gmt":"2019-04-12T10:53:05","guid":{"rendered":"http:\/\/www.doit.hu\/rendszergazda\/?p=552"},"modified":"2019-04-12T10:53:59","modified_gmt":"2019-04-12T10:53:59","slug":"174-javitas-a-mac-ebredes-utani-wi-fi-lekapcsolodasara","status":"publish","type":"post","link":"https:\/\/www.doit.hu\/rendszergazda\/hogyan-kell\/174-javitas-a-mac-ebredes-utani-wi-fi-lekapcsolodasara\/","title":{"rendered":"Jav\u00edt\u00e1s a Mac \u00e9bred\u00e9s ut\u00e1ni wi-fi lekapcsol\u00f3d\u00e1s\u00e1ra"},"content":{"rendered":"<p><strong>Jelent\u0151s sz\u00e1m\u00fa MAC felhaszn\u00e1l\u00f3 szembes\u00fclt m\u00e1r azzal a probl\u00e9m\u00e1val, hogy altat\u00e1sb\u00f3l \u00e9bredve a Mac azonnal bontja a kapcsolatot a WI-Fi h\u00e1l\u00f3zattal, ezzel arra k\u00e9nyszer\u00edtve a felhaszn\u00e1l\u00f3t, hogy folyamatosan \u00fajra csatlakozzon a vezet\u00e9k n\u00e9lk\u00fcli h\u00e1l\u00f3zathoz.<\/strong><!--more--><\/p>\n<p><img loading=\"lazy\" decoding=\"async\" class=\"aligncenter wp-image-553 size-medium\" src=\"http:\/\/www.doit.hu\/rendszergazda\/wp-content\/uploads\/2019\/04\/Wireless-repair-300x290.jpg\" alt=\"\" width=\"300\" height=\"290\" srcset=\"https:\/\/www.doit.hu\/rendszergazda\/wp-content\/uploads\/2019\/04\/Wireless-repair-300x290.jpg 300w, https:\/\/www.doit.hu\/rendszergazda\/wp-content\/uploads\/2019\/04\/Wireless-repair-36x36.jpg 36w, https:\/\/www.doit.hu\/rendszergazda\/wp-content\/uploads\/2019\/04\/Wireless-repair-450x435.jpg 450w, https:\/\/www.doit.hu\/rendszergazda\/wp-content\/uploads\/2019\/04\/Wireless-repair.jpg 610w\" sizes=\"auto, (max-width: 300px) 100vw, 300px\" \/><\/p>\n<p>Ez nyilv\u00e1nval\u00f3an el\u00e9g bosszant\u00f3 dolog tud lenni, de ezt \u00e1ltal\u00e1ban k\u00f6nnyen orvosolhatjuk a h\u00e1l\u00f3zati be\u00e1ll\u00edt\u00e1sok n\u00e9h\u00e1ny kiigaz\u00edt\u00e1s\u00e1val az OS X-en:<\/p>\n<p>1. L\u00e9pj\u00fcnk be az Apple men\u00fcbe \u00e9s v\u00e1lasszuk ki a \u201eSystem Preferences\u201d-t, majd a \u201eNetwork panel\u201d-t!<br \/>\n2. V\u00e1lasszuk ki a Wi-Fi-t a bal oldali men\u00fcben, itt kattintsunk az \u201eAdvanced&#8221; gombra a sarokban!<br \/>\n3. Kattintsunk a \u201ePreferred Networks&#8221; mez\u0151be \u00e9s nyomjuk meg a \u201eCommand + A\u201d billenty\u0171 kombin\u00e1ci\u00f3t az \u00f6sszes kijel\u00f6l\u00e9s\u00e9hez, majd kattintsunk a [ &#8211; ] m\u00ednusz gombra \u00e9s ezzel t\u00e1vol\u00edtsuk el az \u00f6sszes Wi-Fi h\u00e1l\u00f3zatot!<br \/>\n4. Kattintson az &#8222;OK&#8221;-ra a be\u00e1ll\u00edt\u00e1sok ment\u00e9s\u00e9hez!<br \/>\n5. Visszat\u00e9rve a h\u00e1l\u00f3zati be\u00e1ll\u00edt\u00e1sok panelbe, h\u00fazzuk le a \u201eLocations&#8221; men\u00fct \u00e9s itt v\u00e1lasszuk az \u201eEdit Locations&#8221; men\u00fcpontot!<br \/>\n6. Kattintsunk a [ + ] plusz gombra, hogy egy \u00faj h\u00e1l\u00f3zati helyet hozzunk l\u00e9tre. Adjunk neki tetsz\u0151leges nevet!<br \/>\n7. Kattintsunk a \u201eDone&#8221;-ra, majd visszat\u00e9rve a h\u00e1l\u00f3zati panelre ism\u00e9t csatlakoztassuk a Wi-Fi h\u00e1l\u00f3zatot az \u00e1ltalunk kiv\u00e1lasztotthoz \u00e9s adjuk meg a bejelentkez\u00e9si adatokat a szok\u00e1sos m\u00f3don.<br \/>\n8. V\u00e1lasszuk ki az \u201eApply&#8221;-t, ezzel be\u00e1ll\u00edtjuk a v\u00e1ltoztat\u00e1sokat.<\/p>\n<p>&nbsp;<\/p>\n<p>Ha mindent j\u00f3l csin\u00e1ltunk, a Mac ezent\u00fal nem bontja a h\u00e1l\u00f3zatot altat\u00e1sb\u00f3l visszat\u00e9rve.<\/p>\n<p>&nbsp;<\/p>\n<p><a href=\"http:\/\/osxdaily.com\/2014\/04\/24\/fix-mac-disconnect-wifi-sleep\/?utm_source=feedburner&amp;utm_medium=email&amp;utm_campaign=Feed%3A+osxdaily+%28OS+X+Daily%29\">Forr\u00e1s<\/a>.<\/p>\n","protected":false},"excerpt":{"rendered":"<p>Jelent\u0151s sz\u00e1m\u00fa MAC felhaszn\u00e1l\u00f3 szembes\u00fclt m\u00e1r azzal a probl\u00e9m\u00e1val, hogy altat\u00e1sb\u00f3l \u00e9bredve a Mac azonnal bontja a kapcsolatot a WI-Fi h\u00e1l\u00f3zattal, ezzel arra k\u00e9nyszer\u00edtve a felhaszn\u00e1l\u00f3t, hogy folyamatosan \u00fajra csatlakozzon a vezet\u00e9k n\u00e9lk\u00fcli h\u00e1l\u00f3zathoz.<\/p>\n","protected":false},"author":7,"featured_media":553,"comment_status":"closed","ping_status":"closed","sticky":false,"template":"","format":"standard","meta":{"footnotes":""},"categories":[2],"tags":[417,420,419,418],"class_list":["post-552","post","type-post","status-publish","format-standard","has-post-thumbnail","hentry","category-hogyan-kell","tag-mac-wifi-kapcsolat","tag-vezetek-nelkuli-halozati-problema-javitas","tag-wifi-halozat-bontas","tag-wifi-kapcsolat-javitas"],"yoast_head":"<!-- This site is optimized with the Yoast SEO plugin v27.4 - https:\/\/yoast.com\/product\/yoast-seo-wordpress\/ -->\n<title>Jav\u00edt\u00e1s a Mac \u00e9bred\u00e9s ut\u00e1ni wi-fi lekapcsol\u00f3d\u00e1s\u00e1ra<\/title>\n<meta name=\"description\" content=\"Jelent\u0151s sz\u00e1m\u00fa MAC felhaszn\u00e1l\u00f3 szembes\u00fclt m\u00e1r azzal a probl\u00e9m\u00e1val, hogy altat\u00e1sb\u00f3l \u00e9bredve a Mac azonnal bontja a kapcsolatot a WI-Fi h\u00e1l\u00f3zattal...\" \/>\n<meta name=\"robots\" content=\"index, follow, max-snippet:-1, max-image-preview:large, max-video-preview:-1\" \/>\n<link rel=\"canonical\" href=\"https:\/\/www.doit.hu\/rendszergazda\/hogyan-kell\/174-javitas-a-mac-ebredes-utani-wi-fi-lekapcsolodasara\/\" \/>\n<meta property=\"og:locale\" content=\"hu_HU\" \/>\n<meta property=\"og:type\" content=\"article\" \/>\n<meta property=\"og:title\" content=\"Jav\u00edt\u00e1s a Mac \u00e9bred\u00e9s ut\u00e1ni wi-fi lekapcsol\u00f3d\u00e1s\u00e1ra\" \/>\n<meta property=\"og:description\" content=\"Jelent\u0151s sz\u00e1m\u00fa MAC felhaszn\u00e1l\u00f3 szembes\u00fclt m\u00e1r azzal a probl\u00e9m\u00e1val, hogy altat\u00e1sb\u00f3l \u00e9bredve a Mac azonnal bontja a kapcsolatot a WI-Fi h\u00e1l\u00f3zattal...\" \/>\n<meta property=\"og:url\" content=\"https:\/\/www.doit.hu\/rendszergazda\/hogyan-kell\/174-javitas-a-mac-ebredes-utani-wi-fi-lekapcsolodasara\/\" \/>\n<meta property=\"og:site_name\" content=\"Rendszergazda szolg\u00e1ltat\u00e1s\" \/>\n<meta property=\"article:publisher\" content=\"https:\/\/www.facebook.com\/DoccaZrt\" \/>\n<meta property=\"article:published_time\" content=\"2019-04-12T10:53:05+00:00\" \/>\n<meta property=\"article:modified_time\" content=\"2019-04-12T10:53:59+00:00\" \/>\n<meta property=\"og:image\" content=\"https:\/\/www.doit.hu\/rendszergazda\/wp-content\/uploads\/2019\/04\/Wireless-repair.jpg\" \/>\n\t<meta property=\"og:image:width\" content=\"610\" \/>\n\t<meta property=\"og:image:height\" content=\"590\" \/>\n\t<meta property=\"og:image:type\" content=\"image\/jpeg\" \/>\n<meta name=\"author\" content=\"Docca Zrt.\" \/>\n<meta name=\"twitter:card\" content=\"summary_large_image\" \/>\n<meta name=\"twitter:label1\" content=\"Szerz\u0151:\" \/>\n\t<meta name=\"twitter:data1\" content=\"Docca Zrt.\" \/>\n\t<meta name=\"twitter:label2\" content=\"Becs\u00fclt olvas\u00e1si id\u0151\" \/>\n\t<meta name=\"twitter:data2\" content=\"2 perc\" \/>\n<script type=\"application\/ld+json\" class=\"yoast-schema-graph\">{\"@context\":\"https:\\\/\\\/schema.org\",\"@graph\":[{\"@type\":\"Article\",\"@id\":\"https:\\\/\\\/www.doit.hu\\\/rendszergazda\\\/hogyan-kell\\\/174-javitas-a-mac-ebredes-utani-wi-fi-lekapcsolodasara\\\/#article\",\"isPartOf\":{\"@id\":\"https:\\\/\\\/www.doit.hu\\\/rendszergazda\\\/hogyan-kell\\\/174-javitas-a-mac-ebredes-utani-wi-fi-lekapcsolodasara\\\/\"},\"author\":{\"name\":\"Docca Zrt.\",\"@id\":\"https:\\\/\\\/www.doit.hu\\\/rendszergazda\\\/#\\\/schema\\\/person\\\/ac60b29300a3d65825707a7bcd47aa7f\"},\"headline\":\"Jav\u00edt\u00e1s a Mac \u00e9bred\u00e9s ut\u00e1ni wi-fi lekapcsol\u00f3d\u00e1s\u00e1ra\",\"datePublished\":\"2019-04-12T10:53:05+00:00\",\"dateModified\":\"2019-04-12T10:53:59+00:00\",\"mainEntityOfPage\":{\"@id\":\"https:\\\/\\\/www.doit.hu\\\/rendszergazda\\\/hogyan-kell\\\/174-javitas-a-mac-ebredes-utani-wi-fi-lekapcsolodasara\\\/\"},\"wordCount\":315,\"publisher\":{\"@id\":\"https:\\\/\\\/www.doit.hu\\\/rendszergazda\\\/#organization\"},\"image\":{\"@id\":\"https:\\\/\\\/www.doit.hu\\\/rendszergazda\\\/hogyan-kell\\\/174-javitas-a-mac-ebredes-utani-wi-fi-lekapcsolodasara\\\/#primaryimage\"},\"thumbnailUrl\":\"https:\\\/\\\/www.doit.hu\\\/rendszergazda\\\/wp-content\\\/uploads\\\/2019\\\/04\\\/Wireless-repair.jpg\",\"keywords\":[\"mac wifi kapcsolat\",\"vezet\u00e9k n\u00e9lk\u00fcli h\u00e1l\u00f3zati probl\u00e9ma jav\u00edt\u00e1s\",\"wifi h\u00e1l\u00f3zat bont\u00e1s\",\"wifi kapcsolat jav\u00edt\u00e1s\"],\"articleSection\":[\"Hogyan kell\"],\"inLanguage\":\"hu\"},{\"@type\":\"WebPage\",\"@id\":\"https:\\\/\\\/www.doit.hu\\\/rendszergazda\\\/hogyan-kell\\\/174-javitas-a-mac-ebredes-utani-wi-fi-lekapcsolodasara\\\/\",\"url\":\"https:\\\/\\\/www.doit.hu\\\/rendszergazda\\\/hogyan-kell\\\/174-javitas-a-mac-ebredes-utani-wi-fi-lekapcsolodasara\\\/\",\"name\":\"Jav\u00edt\u00e1s a Mac \u00e9bred\u00e9s ut\u00e1ni wi-fi lekapcsol\u00f3d\u00e1s\u00e1ra\",\"isPartOf\":{\"@id\":\"https:\\\/\\\/www.doit.hu\\\/rendszergazda\\\/#website\"},\"primaryImageOfPage\":{\"@id\":\"https:\\\/\\\/www.doit.hu\\\/rendszergazda\\\/hogyan-kell\\\/174-javitas-a-mac-ebredes-utani-wi-fi-lekapcsolodasara\\\/#primaryimage\"},\"image\":{\"@id\":\"https:\\\/\\\/www.doit.hu\\\/rendszergazda\\\/hogyan-kell\\\/174-javitas-a-mac-ebredes-utani-wi-fi-lekapcsolodasara\\\/#primaryimage\"},\"thumbnailUrl\":\"https:\\\/\\\/www.doit.hu\\\/rendszergazda\\\/wp-content\\\/uploads\\\/2019\\\/04\\\/Wireless-repair.jpg\",\"datePublished\":\"2019-04-12T10:53:05+00:00\",\"dateModified\":\"2019-04-12T10:53:59+00:00\",\"description\":\"Jelent\u0151s sz\u00e1m\u00fa MAC felhaszn\u00e1l\u00f3 szembes\u00fclt m\u00e1r azzal a probl\u00e9m\u00e1val, hogy altat\u00e1sb\u00f3l \u00e9bredve a Mac azonnal bontja a kapcsolatot a WI-Fi h\u00e1l\u00f3zattal...\",\"breadcrumb\":{\"@id\":\"https:\\\/\\\/www.doit.hu\\\/rendszergazda\\\/hogyan-kell\\\/174-javitas-a-mac-ebredes-utani-wi-fi-lekapcsolodasara\\\/#breadcrumb\"},\"inLanguage\":\"hu\",\"potentialAction\":[{\"@type\":\"ReadAction\",\"target\":[\"https:\\\/\\\/www.doit.hu\\\/rendszergazda\\\/hogyan-kell\\\/174-javitas-a-mac-ebredes-utani-wi-fi-lekapcsolodasara\\\/\"]}]},{\"@type\":\"ImageObject\",\"inLanguage\":\"hu\",\"@id\":\"https:\\\/\\\/www.doit.hu\\\/rendszergazda\\\/hogyan-kell\\\/174-javitas-a-mac-ebredes-utani-wi-fi-lekapcsolodasara\\\/#primaryimage\",\"url\":\"https:\\\/\\\/www.doit.hu\\\/rendszergazda\\\/wp-content\\\/uploads\\\/2019\\\/04\\\/Wireless-repair.jpg\",\"contentUrl\":\"https:\\\/\\\/www.doit.hu\\\/rendszergazda\\\/wp-content\\\/uploads\\\/2019\\\/04\\\/Wireless-repair.jpg\",\"width\":610,\"height\":590},{\"@type\":\"BreadcrumbList\",\"@id\":\"https:\\\/\\\/www.doit.hu\\\/rendszergazda\\\/hogyan-kell\\\/174-javitas-a-mac-ebredes-utani-wi-fi-lekapcsolodasara\\\/#breadcrumb\",\"itemListElement\":[{\"@type\":\"ListItem\",\"position\":1,\"name\":\"Home\",\"item\":\"https:\\\/\\\/www.doit.hu\\\/rendszergazda\\\/fooldal-flexi\\\/\"},{\"@type\":\"ListItem\",\"position\":2,\"name\":\"Jav\u00edt\u00e1s a Mac \u00e9bred\u00e9s ut\u00e1ni wi-fi lekapcsol\u00f3d\u00e1s\u00e1ra\"}]},{\"@type\":\"WebSite\",\"@id\":\"https:\\\/\\\/www.doit.hu\\\/rendszergazda\\\/#website\",\"url\":\"https:\\\/\\\/www.doit.hu\\\/rendszergazda\\\/\",\"name\":\"Rendszergazda szolg\u00e1ltat\u00e1s\",\"description\":\"\",\"publisher\":{\"@id\":\"https:\\\/\\\/www.doit.hu\\\/rendszergazda\\\/#organization\"},\"potentialAction\":[{\"@type\":\"SearchAction\",\"target\":{\"@type\":\"EntryPoint\",\"urlTemplate\":\"https:\\\/\\\/www.doit.hu\\\/rendszergazda\\\/?s={search_term_string}\"},\"query-input\":{\"@type\":\"PropertyValueSpecification\",\"valueRequired\":true,\"valueName\":\"search_term_string\"}}],\"inLanguage\":\"hu\"},{\"@type\":\"Organization\",\"@id\":\"https:\\\/\\\/www.doit.hu\\\/rendszergazda\\\/#organization\",\"name\":\"DOCCA Zrt.\",\"url\":\"https:\\\/\\\/www.doit.hu\\\/rendszergazda\\\/\",\"logo\":{\"@type\":\"ImageObject\",\"inLanguage\":\"hu\",\"@id\":\"https:\\\/\\\/www.doit.hu\\\/rendszergazda\\\/#\\\/schema\\\/logo\\\/image\\\/\",\"url\":\"https:\\\/\\\/www.doit.hu\\\/rendszergazda\\\/wp-content\\\/uploads\\\/2019\\\/04\\\/logo.png\",\"contentUrl\":\"https:\\\/\\\/www.doit.hu\\\/rendszergazda\\\/wp-content\\\/uploads\\\/2019\\\/04\\\/logo.png\",\"width\":263,\"height\":82,\"caption\":\"DOCCA Zrt.\"},\"image\":{\"@id\":\"https:\\\/\\\/www.doit.hu\\\/rendszergazda\\\/#\\\/schema\\\/logo\\\/image\\\/\"},\"sameAs\":[\"https:\\\/\\\/www.facebook.com\\\/DoccaZrt\"]},{\"@type\":\"Person\",\"@id\":\"https:\\\/\\\/www.doit.hu\\\/rendszergazda\\\/#\\\/schema\\\/person\\\/ac60b29300a3d65825707a7bcd47aa7f\",\"name\":\"Docca Zrt.\",\"image\":{\"@type\":\"ImageObject\",\"inLanguage\":\"hu\",\"@id\":\"https:\\\/\\\/secure.gravatar.com\\\/avatar\\\/7e3762308ab47147572d4e9f68e02b65139742dfdbb8f7a7314f3c5064a3dbe7?s=96&d=mm&r=g\",\"url\":\"https:\\\/\\\/secure.gravatar.com\\\/avatar\\\/7e3762308ab47147572d4e9f68e02b65139742dfdbb8f7a7314f3c5064a3dbe7?s=96&d=mm&r=g\",\"contentUrl\":\"https:\\\/\\\/secure.gravatar.com\\\/avatar\\\/7e3762308ab47147572d4e9f68e02b65139742dfdbb8f7a7314f3c5064a3dbe7?s=96&d=mm&r=g\",\"caption\":\"Docca Zrt.\"},\"url\":\"https:\\\/\\\/www.doit.hu\\\/rendszergazda\\\/author\\\/docca\\\/\"}]}<\/script>\n<!-- \/ Yoast SEO plugin. -->","yoast_head_json":{"title":"Jav\u00edt\u00e1s a Mac \u00e9bred\u00e9s ut\u00e1ni wi-fi lekapcsol\u00f3d\u00e1s\u00e1ra","description":"Jelent\u0151s sz\u00e1m\u00fa MAC felhaszn\u00e1l\u00f3 szembes\u00fclt m\u00e1r azzal a probl\u00e9m\u00e1val, hogy altat\u00e1sb\u00f3l \u00e9bredve a Mac azonnal bontja a kapcsolatot a WI-Fi h\u00e1l\u00f3zattal...","robots":{"index":"index","follow":"follow","max-snippet":"max-snippet:-1","max-image-preview":"max-image-preview:large","max-video-preview":"max-video-preview:-1"},"canonical":"https:\/\/www.doit.hu\/rendszergazda\/hogyan-kell\/174-javitas-a-mac-ebredes-utani-wi-fi-lekapcsolodasara\/","og_locale":"hu_HU","og_type":"article","og_title":"Jav\u00edt\u00e1s a Mac \u00e9bred\u00e9s ut\u00e1ni wi-fi lekapcsol\u00f3d\u00e1s\u00e1ra","og_description":"Jelent\u0151s sz\u00e1m\u00fa MAC felhaszn\u00e1l\u00f3 szembes\u00fclt m\u00e1r azzal a probl\u00e9m\u00e1val, hogy altat\u00e1sb\u00f3l \u00e9bredve a Mac azonnal bontja a kapcsolatot a WI-Fi h\u00e1l\u00f3zattal...","og_url":"https:\/\/www.doit.hu\/rendszergazda\/hogyan-kell\/174-javitas-a-mac-ebredes-utani-wi-fi-lekapcsolodasara\/","og_site_name":"Rendszergazda szolg\u00e1ltat\u00e1s","article_publisher":"https:\/\/www.facebook.com\/DoccaZrt","article_published_time":"2019-04-12T10:53:05+00:00","article_modified_time":"2019-04-12T10:53:59+00:00","og_image":[{"width":610,"height":590,"url":"https:\/\/www.doit.hu\/rendszergazda\/wp-content\/uploads\/2019\/04\/Wireless-repair.jpg","type":"image\/jpeg"}],"author":"Docca Zrt.","twitter_card":"summary_large_image","twitter_misc":{"Szerz\u0151:":"Docca Zrt.","Becs\u00fclt olvas\u00e1si id\u0151":"2 perc"},"schema":{"@context":"https:\/\/schema.org","@graph":[{"@type":"Article","@id":"https:\/\/www.doit.hu\/rendszergazda\/hogyan-kell\/174-javitas-a-mac-ebredes-utani-wi-fi-lekapcsolodasara\/#article","isPartOf":{"@id":"https:\/\/www.doit.hu\/rendszergazda\/hogyan-kell\/174-javitas-a-mac-ebredes-utani-wi-fi-lekapcsolodasara\/"},"author":{"name":"Docca Zrt.","@id":"https:\/\/www.doit.hu\/rendszergazda\/#\/schema\/person\/ac60b29300a3d65825707a7bcd47aa7f"},"headline":"Jav\u00edt\u00e1s a Mac \u00e9bred\u00e9s ut\u00e1ni wi-fi lekapcsol\u00f3d\u00e1s\u00e1ra","datePublished":"2019-04-12T10:53:05+00:00","dateModified":"2019-04-12T10:53:59+00:00","mainEntityOfPage":{"@id":"https:\/\/www.doit.hu\/rendszergazda\/hogyan-kell\/174-javitas-a-mac-ebredes-utani-wi-fi-lekapcsolodasara\/"},"wordCount":315,"publisher":{"@id":"https:\/\/www.doit.hu\/rendszergazda\/#organization"},"image":{"@id":"https:\/\/www.doit.hu\/rendszergazda\/hogyan-kell\/174-javitas-a-mac-ebredes-utani-wi-fi-lekapcsolodasara\/#primaryimage"},"thumbnailUrl":"https:\/\/www.doit.hu\/rendszergazda\/wp-content\/uploads\/2019\/04\/Wireless-repair.jpg","keywords":["mac wifi kapcsolat","vezet\u00e9k n\u00e9lk\u00fcli h\u00e1l\u00f3zati probl\u00e9ma jav\u00edt\u00e1s","wifi h\u00e1l\u00f3zat bont\u00e1s","wifi kapcsolat jav\u00edt\u00e1s"],"articleSection":["Hogyan kell"],"inLanguage":"hu"},{"@type":"WebPage","@id":"https:\/\/www.doit.hu\/rendszergazda\/hogyan-kell\/174-javitas-a-mac-ebredes-utani-wi-fi-lekapcsolodasara\/","url":"https:\/\/www.doit.hu\/rendszergazda\/hogyan-kell\/174-javitas-a-mac-ebredes-utani-wi-fi-lekapcsolodasara\/","name":"Jav\u00edt\u00e1s a Mac \u00e9bred\u00e9s ut\u00e1ni wi-fi lekapcsol\u00f3d\u00e1s\u00e1ra","isPartOf":{"@id":"https:\/\/www.doit.hu\/rendszergazda\/#website"},"primaryImageOfPage":{"@id":"https:\/\/www.doit.hu\/rendszergazda\/hogyan-kell\/174-javitas-a-mac-ebredes-utani-wi-fi-lekapcsolodasara\/#primaryimage"},"image":{"@id":"https:\/\/www.doit.hu\/rendszergazda\/hogyan-kell\/174-javitas-a-mac-ebredes-utani-wi-fi-lekapcsolodasara\/#primaryimage"},"thumbnailUrl":"https:\/\/www.doit.hu\/rendszergazda\/wp-content\/uploads\/2019\/04\/Wireless-repair.jpg","datePublished":"2019-04-12T10:53:05+00:00","dateModified":"2019-04-12T10:53:59+00:00","description":"Jelent\u0151s sz\u00e1m\u00fa MAC felhaszn\u00e1l\u00f3 szembes\u00fclt m\u00e1r azzal a probl\u00e9m\u00e1val, hogy altat\u00e1sb\u00f3l \u00e9bredve a Mac azonnal bontja a kapcsolatot a WI-Fi h\u00e1l\u00f3zattal...","breadcrumb":{"@id":"https:\/\/www.doit.hu\/rendszergazda\/hogyan-kell\/174-javitas-a-mac-ebredes-utani-wi-fi-lekapcsolodasara\/#breadcrumb"},"inLanguage":"hu","potentialAction":[{"@type":"ReadAction","target":["https:\/\/www.doit.hu\/rendszergazda\/hogyan-kell\/174-javitas-a-mac-ebredes-utani-wi-fi-lekapcsolodasara\/"]}]},{"@type":"ImageObject","inLanguage":"hu","@id":"https:\/\/www.doit.hu\/rendszergazda\/hogyan-kell\/174-javitas-a-mac-ebredes-utani-wi-fi-lekapcsolodasara\/#primaryimage","url":"https:\/\/www.doit.hu\/rendszergazda\/wp-content\/uploads\/2019\/04\/Wireless-repair.jpg","contentUrl":"https:\/\/www.doit.hu\/rendszergazda\/wp-content\/uploads\/2019\/04\/Wireless-repair.jpg","width":610,"height":590},{"@type":"BreadcrumbList","@id":"https:\/\/www.doit.hu\/rendszergazda\/hogyan-kell\/174-javitas-a-mac-ebredes-utani-wi-fi-lekapcsolodasara\/#breadcrumb","itemListElement":[{"@type":"ListItem","position":1,"name":"Home","item":"https:\/\/www.doit.hu\/rendszergazda\/fooldal-flexi\/"},{"@type":"ListItem","position":2,"name":"Jav\u00edt\u00e1s a Mac \u00e9bred\u00e9s ut\u00e1ni wi-fi lekapcsol\u00f3d\u00e1s\u00e1ra"}]},{"@type":"WebSite","@id":"https:\/\/www.doit.hu\/rendszergazda\/#website","url":"https:\/\/www.doit.hu\/rendszergazda\/","name":"Rendszergazda szolg\u00e1ltat\u00e1s","description":"","publisher":{"@id":"https:\/\/www.doit.hu\/rendszergazda\/#organization"},"potentialAction":[{"@type":"SearchAction","target":{"@type":"EntryPoint","urlTemplate":"https:\/\/www.doit.hu\/rendszergazda\/?s={search_term_string}"},"query-input":{"@type":"PropertyValueSpecification","valueRequired":true,"valueName":"search_term_string"}}],"inLanguage":"hu"},{"@type":"Organization","@id":"https:\/\/www.doit.hu\/rendszergazda\/#organization","name":"DOCCA Zrt.","url":"https:\/\/www.doit.hu\/rendszergazda\/","logo":{"@type":"ImageObject","inLanguage":"hu","@id":"https:\/\/www.doit.hu\/rendszergazda\/#\/schema\/logo\/image\/","url":"https:\/\/www.doit.hu\/rendszergazda\/wp-content\/uploads\/2019\/04\/logo.png","contentUrl":"https:\/\/www.doit.hu\/rendszergazda\/wp-content\/uploads\/2019\/04\/logo.png","width":263,"height":82,"caption":"DOCCA Zrt."},"image":{"@id":"https:\/\/www.doit.hu\/rendszergazda\/#\/schema\/logo\/image\/"},"sameAs":["https:\/\/www.facebook.com\/DoccaZrt"]},{"@type":"Person","@id":"https:\/\/www.doit.hu\/rendszergazda\/#\/schema\/person\/ac60b29300a3d65825707a7bcd47aa7f","name":"Docca Zrt.","image":{"@type":"ImageObject","inLanguage":"hu","@id":"https:\/\/secure.gravatar.com\/avatar\/7e3762308ab47147572d4e9f68e02b65139742dfdbb8f7a7314f3c5064a3dbe7?s=96&d=mm&r=g","url":"https:\/\/secure.gravatar.com\/avatar\/7e3762308ab47147572d4e9f68e02b65139742dfdbb8f7a7314f3c5064a3dbe7?s=96&d=mm&r=g","contentUrl":"https:\/\/secure.gravatar.com\/avatar\/7e3762308ab47147572d4e9f68e02b65139742dfdbb8f7a7314f3c5064a3dbe7?s=96&d=mm&r=g","caption":"Docca Zrt."},"url":"https:\/\/www.doit.hu\/rendszergazda\/author\/docca\/"}]}},"_links":{"self":[{"href":"https:\/\/www.doit.hu\/rendszergazda\/wp-json\/wp\/v2\/posts\/552","targetHints":{"allow":["GET"]}}],"collection":[{"href":"https:\/\/www.doit.hu\/rendszergazda\/wp-json\/wp\/v2\/posts"}],"about":[{"href":"https:\/\/www.doit.hu\/rendszergazda\/wp-json\/wp\/v2\/types\/post"}],"author":[{"embeddable":true,"href":"https:\/\/www.doit.hu\/rendszergazda\/wp-json\/wp\/v2\/users\/7"}],"replies":[{"embeddable":true,"href":"https:\/\/www.doit.hu\/rendszergazda\/wp-json\/wp\/v2\/comments?post=552"}],"version-history":[{"count":2,"href":"https:\/\/www.doit.hu\/rendszergazda\/wp-json\/wp\/v2\/posts\/552\/revisions"}],"predecessor-version":[{"id":555,"href":"https:\/\/www.doit.hu\/rendszergazda\/wp-json\/wp\/v2\/posts\/552\/revisions\/555"}],"wp:featuredmedia":[{"embeddable":true,"href":"https:\/\/www.doit.hu\/rendszergazda\/wp-json\/wp\/v2\/media\/553"}],"wp:attachment":[{"href":"https:\/\/www.doit.hu\/rendszergazda\/wp-json\/wp\/v2\/media?parent=552"}],"wp:term":[{"taxonomy":"category","embeddable":true,"href":"https:\/\/www.doit.hu\/rendszergazda\/wp-json\/wp\/v2\/categories?post=552"},{"taxonomy":"post_tag","embeddable":true,"href":"https:\/\/www.doit.hu\/rendszergazda\/wp-json\/wp\/v2\/tags?post=552"}],"curies":[{"name":"wp","href":"https:\/\/api.w.org\/{rel}","templated":true}]}}