{"id":381,"date":"2019-04-10T11:01:46","date_gmt":"2019-04-10T11:01:46","guid":{"rendered":"http:\/\/www.doit.hu\/rendszergazda\/?p=381"},"modified":"2022-07-28T08:18:58","modified_gmt":"2022-07-28T08:18:58","slug":"246-mac-os-x-kornyezeti-valtozok-beallitasa","status":"publish","type":"post","link":"https:\/\/www.doit.hu\/rendszergazda\/hogyan-kell\/246-mac-os-x-kornyezeti-valtozok-beallitasa\/","title":{"rendered":"Mac OS X k\u00f6rnyezeti v\u00e1ltoz\u00f3k be\u00e1ll\u00edt\u00e1sa"},"content":{"rendered":"<p><strong>A parancssorban a k\u00f6rnyezeti t\u00e9nyez\u0151k az aktu\u00e1lis parancs\u00e9rtelmez\u0151h\u00f6z vannak be\u00e1ll\u00edtva \u00e9s b\u00e1rmely fut\u00f3 parancs vagy folyamat \u00e1ltal \u00f6r\u00f6kl\u0151dnek.<\/strong><!--more--><\/p>\n<p><img loading=\"lazy\" decoding=\"async\" class=\"aligncenter wp-image-382 size-full\" src=\"https:\/\/www.doit.hu\/rendszergazda\/wp-content\/uploads\/2019\/04\/set-environment-shell-variables-mac-os-x.jpg\" alt=\"Rendszerkarbantart\u00e1s: Mac OS X k\u00f6rnyezeti v\u00e1ltoz\u00f3k\" width=\"718\" height=\"140\" srcset=\"https:\/\/www.doit.hu\/rendszergazda\/wp-content\/uploads\/2019\/04\/set-environment-shell-variables-mac-os-x.jpg 718w, https:\/\/www.doit.hu\/rendszergazda\/wp-content\/uploads\/2019\/04\/set-environment-shell-variables-mac-os-x-300x58.jpg 300w, https:\/\/www.doit.hu\/rendszergazda\/wp-content\/uploads\/2019\/04\/set-environment-shell-variables-mac-os-x-705x137.jpg 705w, https:\/\/www.doit.hu\/rendszergazda\/wp-content\/uploads\/2019\/04\/set-environment-shell-variables-mac-os-x-450x88.jpg 450w\" sizes=\"auto, (max-width: 718px) 100vw, 718px\" \/><\/p>\n<p>B\u00e1rmit meg tudnak hat\u00e1rozni: az alap parancs\u00e9rtelmez\u0151t\u0151l, a Path-t\u00f3l, a felhaszn\u00e1l\u00f3k home k\u00f6nyvt\u00e1r\u00e1t\u00f3l kezdve eg\u00e9szen a termin\u00e1l emul\u00e1ci\u00f3 t\u00edpus\u00e1ig, a jelenleg m\u0171k\u00f6d\u0151 k\u00f6nyvt\u00e1rig, ahol a history f\u00e1jlok vannak, nyelv \u00e9s elhelyezked\u00e9s be\u00e1ll\u00edt\u00e1s\u00e1ig; tov\u00e1bb\u00e1 a parancs\u00e9rtelmez\u0151 v\u00e1ltoz\u00f3kat is bele\u00e9rtve, melyek tartalmaznak mindent a bash prompt szem\u00e9lyre szab\u00e1s\u00e1t\u00f3l, sz\u00ednezett ls outputt\u00f3l \u00e9s a termin\u00e1l megjelen\u00e9s\u00e9nek v\u00e1ltoztat\u00e1s\u00e1t\u00f3l az alias-okig \u00e9s m\u00e9g sok minden m\u00e1sig.<br \/>\nEgy rendszergazda sz\u00e1m\u00e1ra hasznos inform\u00e1ci\u00f3 lehet, hogyan lehet ezeket be\u00e1ll\u00edtani. N\u00e9zz\u00fck meg, hogyan tudjuk list\u00e1zni a k\u00f6rnyezeti \u00e9s parancs\u00e9rtelmez\u0151 v\u00e1ltoz\u00f3kat illetve azt\u00e1n hogyan tudjuk be\u00e1ll\u00edtani \u00e9s hozz\u00e1adni az \u00faj k\u00f6rnyezeti v\u00e1ltoz\u00f3kat a Mac OS X parancssor\u00e1ban.<\/p>\n<p style=\"text-align: center;\"><strong>A jelenlegi k\u00f6rnyezeti \u00e9s parancs\u00e9rtelmez\u0151 v\u00e1ltoz\u00f3k megjelen\u00edt\u00e9se Mac OS X-ben<\/strong><\/p>\n<p>A k\u00f6rnyezeti v\u00e1ltoz\u00f3k gyors list\u00e1z\u00e1s\u00e1hoz haszn\u00e1ljuk a k\u00f6vetkez\u0151 parancsot:<\/p>\n<p><em>printenv<\/em><\/p>\n<p>Ha a parancs\u00e9rtelmez\u0151 v\u00e1ltoz\u00f3k teljes list\u00e1j\u00e1t szeretn\u00e9 l\u00e1tni a rendszergazda, kiadhatja a \u2018set\u2019 parancsot is:<\/p>\n<p><em>set<\/em><\/p>\n<p>&nbsp;<\/p>\n<p><strong>A k\u00f6rnyezeti v\u00e1ltoz\u00f3k be\u00e1ll\u00edt\u00e1sa a Mac OS X parancssor\u00e1ban<\/strong><\/p>\n<p><a href=\"http:\/\/www.doit.hu\/rendszergazda\/hogyan-kell\/246-mac-os-x-kornyezeti-valtozok-beallitasa\/2\/\"><strong>Kattintson a K\u00f6vetkez\u0151 oldalra!<\/strong><\/a><br \/>\n<!--nextpage--><\/p>\n<p style=\"text-align: center;\"><strong>A k\u00f6rnyezeti v\u00e1ltoz\u00f3k be\u00e1ll\u00edt\u00e1sa a Mac OS X parancssor\u00e1ban<\/strong><\/p>\n<p>Mivel a Mac alapb\u00f3l bash shell-t haszn\u00e1l, a k\u00f6rnyezeti v\u00e1ltoz\u00f3kat a felhaszn\u00e1l\u00f3 k\u00f6nyvt\u00e1rak.bash_profile-ban tudjuk be\u00e1ll\u00edtani, egy akt\u00edv felhaszn\u00e1l\u00f3n\u00e1l az \u00fatvonal ehhez a f\u00e1jlhoz itt tal\u00e1lhat\u00f3:<\/p>\n<p><em>~\/.bash_profile<\/em><\/p>\n<p>&nbsp;<\/p>\n<p>Ha a rendszergazda megv\u00e1ltoztatta a parancs\u00e9rtelmez\u0151t vagy nem biztos abban, hogy melyiket haszn\u00e1lja, az echo $SHELL paranccsal b\u00e1rmikor ellen\u0151rizhetj\u00fck. Most azt felt\u00e9telezz\u00fck, hogy az OS X alap bash parancs\u00e9rtelmez\u0151je van haszn\u00e1latban, ez\u00e9rt \u00faj k\u00f6rnyezeti v\u00e1ltoz\u00f3kat adunk hozz\u00e1 a .bash_profile megv\u00e1ltoztat\u00e1s\u00e1val. Nano-t haszn\u00e1lunk az egyszer\u0171s\u00e9g kedv\u00e9\u00e9rt, de a felhaszn\u00e1l\u00f3 vagy rendszergazda haszn\u00e1lhat vi-t, emacs-ot vagy b\u00e1rmilyen m\u00e1s sz\u00f6vegszerkeszt\u0151t.<br \/>\nKezdj\u00fck a .bash_profile megnyit\u00e1s\u00e1val a nano sz\u00f6vegszerkeszt\u0151ben:<\/p>\n<p><em>nano .bash_profile<\/em><\/p>\n<p>&nbsp;<\/p>\n<p>\u00daj sorokban hozz\u00e1adhatunk k\u00f6rnyezeti \u00e9s parancs\u00e9rtelmez\u0151 v\u00e1ltoz\u00f3kat, ha m\u00e1r van adat a .bash_profile f\u00e1jlban, csak arra figyelj\u00fcnk, hogy ezek az \u00faj v\u00e1ltoz\u00f3k val\u00f3ban \u00faj, \u00fcres sorba ker\u00fcljenek azaz haszn\u00e1ljuk a ny\u00edl \u00e9s enter billenty\u0171ket, ahol sz\u00fcks\u00e9ges.<br \/>\nN\u00e9zz\u00fck meg az al\u00e1bbi p\u00e9ld\u00e1t \u00e9s \u00e1ll\u00edtsuk be a JAVA_HOME \u00e9s JRE_HOME k\u00f6rnyezeti v\u00e1ltoz\u00f3kat a .bash_profile-ban az al\u00e1bbiak, \u00faj sorban val\u00f3 hozz\u00e1ad\u00e1s\u00e1val:<\/p>\n<p><em>export JAVA_HOME=$(\/usr\/libexec\/java_home)<\/em><br \/>\n<em>export JRE_HOME=$(\/usr\/libexec\/java_home)<\/em><\/p>\n<p><em>\u00a0<\/em><\/p>\n<p>Tegy\u00fck fel, hogy befejezt\u00fck, ments\u00fck el a .bash_profile-ban v\u00e9gzett m\u00f3dos\u00edt\u00e1sokat a Control+o (o mint oll\u00f3) lenyom\u00e1s\u00e1val, majd l\u00e9pj\u00fcnk ki a nanob\u00f3l a Control+X seg\u00edts\u00e9g\u00e9vel.<\/p>\n<p><img loading=\"lazy\" decoding=\"async\" class=\"aligncenter size-full wp-image-383\" src=\"http:\/\/www.doit.hu\/rendszergazda\/wp-content\/uploads\/2019\/04\/set-environment-variables-mac-os-x-terminal.jpg\" alt=\"\" width=\"611\" height=\"377\" srcset=\"https:\/\/www.doit.hu\/rendszergazda\/wp-content\/uploads\/2019\/04\/set-environment-variables-mac-os-x-terminal.jpg 611w, https:\/\/www.doit.hu\/rendszergazda\/wp-content\/uploads\/2019\/04\/set-environment-variables-mac-os-x-terminal-300x185.jpg 300w, https:\/\/www.doit.hu\/rendszergazda\/wp-content\/uploads\/2019\/04\/set-environment-variables-mac-os-x-terminal-450x278.jpg 450w\" sizes=\"auto, (max-width: 611px) 100vw, 611px\" \/><\/p>\n<p>A k\u00f6rnyezeti v\u00e1ltoz\u00f3kon v\u00e9gzett v\u00e1ltoztat\u00e1sok \u00e9s hozz\u00e1ad\u00e1sok \u00e9rv\u00e9nyes\u00edt\u00e9s\u00e9hez sz\u00fcks\u00e9ges a parancs\u00e9rtelmez\u0151 \u00fajraind\u00edt\u00e1sa vagy egy \u00faj parancs\u00e9rtelmez\u0151 l\u00e9trehoz\u00e1sa.<\/p>\n<p><strong>Ideiglenes k\u00f6rnyezeti v\u00e1ltoz\u00f3k l\u00e9trehoz\u00e1sa az OS X-ben<\/strong><\/p>\n<p><a href=\"http:\/\/www.doit.hu\/rendszergazda\/hogyan-kell\/246-mac-os-x-kornyezeti-valtozok-beallitasa\/3\/\"><strong>Kattintson a K\u00f6vetkez\u0151 oldalra!<\/strong><\/a><\/p>\n<p style=\"text-align: center;\">Tov\u00e1bbi tan\u00e1csok\u00e9rt keresse fel\u00a0<a href=\"https:\/\/www.doit.hu\/rendszergazda\/index.php\/hogyan-kell\">rendszergazda blogunkat<\/a>!<\/p>\n<p><em>\u00a0<\/em><br \/>\n<!--nextpage--><\/p>\n<p style=\"text-align: center;\"><strong>Ideiglenes k\u00f6rnyezeti v\u00e1ltoz\u00f3k l\u00e9trehoz\u00e1sa az OS X-ben<\/strong><\/p>\n<p>\u00c9rdemes megeml\u00edteni, hogy ideiglenes k\u00f6rnyezeti v\u00e1ltoz\u00f3kat is l\u00e9trehozhatunk a bash-ben az \u2018export\u2019 parancs \u00f6nmag\u00e1ban t\u00f6rt\u00e9n\u0151 alkalmaz\u00e1s\u00e1val, b\u00e1r ezek csak addig maradnak meg, am\u00edg az aktu\u00e1lis bash parancs\u00e9rtelmez\u0151 az akt\u00edv. Ha p\u00e9ld\u00e1ul a rendszergazda egy ideiglenes \u00fatvonalat akart megadni a ~\/bin\/-hez, azt a k\u00f6vetkez\u0151 paranccsal teheti meg:<\/p>\n<p><em>export PATH=$PATH:~\/bin<\/em><\/p>\n<p>M\u00e9gegyszer hangs\u00falyozn\u00e1nk, hogy az \u2018export\u2019 parancs \u00f6nmag\u00e1ban t\u00f6rt\u00e9n\u0151 futtat\u00e1sa \u00e9s hogy nem \u00edrtuk be a .bash_profile-ba, csak ideiglenes be\u00e1ll\u00edt\u00e1snak sz\u00e1m\u00edt \u00e9s a k\u00f6rnyezeti v\u00e1ltoz\u00f3 nem marad meg, csak abban az esetben, ha hozz\u00e1adjuk a .bash_profile-hoz.<br \/>\nHa a rendszergazda vagy a felhaszn\u00e1l\u00f3 val\u00f3ban haszn\u00e1lni szeretn\u00e9 az \u00faj \u00fatvonal hozz\u00e1ad\u00e1s\u00e1t, szinte biztosan be kell \u00edrnia a .bash_profile-ba a megfelel\u0151 export parancs hozz\u00e1ad\u00e1s\u00e1val.<br \/>\nHa nem csak a bash parancs\u00e9rtelmez\u0151t tekintj\u00fck \u00e9s a rendszergazda vagy a felhaszn\u00e1l\u00f3 megv\u00e1ltoztatta a Termin\u00e1l alkalmaz\u00e1s alap parancs\u00e9rtelmez\u0151j\u00e9t a bash-r\u0151l tcsh, zsh, sh, ksh, fish, vagy m\u00e1s el\u00e9rhet\u0151 parancs\u00e9rtelmez\u0151re, egyszer\u0171en csak az adott parancs\u00e9rtelmez\u0151 (.tschrc, .cshrd, .profile stb.) megfelel\u0151 profil vagy rc f\u00e1jlj\u00e1t kell m\u00f3dos\u00edtani.<\/p>\n<p>&nbsp;<\/p>\n<p>Forr\u00e1s:\u00a0<a href=\"http:\/\/osxdaily.com\/2015\/07\/28\/set-enviornment-variables-mac-os-x\/?utm_source=feedburner&amp;utm_medium=email&amp;utm_campaign=Feed%3A+osxdaily+%28OS+X+Daily%29\">OS X Daily<\/a>.<\/p>\n<p style=\"text-align: center;\">Tov\u00e1bbi tan\u00e1csok\u00e9rt keresse fel\u00a0<a href=\"https:\/\/www.doit.hu\/rendszergazda\/index.php\/hogyan-kell\">rendszergazda blogunkat<\/a>!<\/p>\n","protected":false},"excerpt":{"rendered":"<p>A parancssorban a k\u00f6rnyezeti t\u00e9nyez\u0151k az aktu\u00e1lis parancs\u00e9rtelmez\u0151h\u00f6z vannak be\u00e1ll\u00edtva \u00e9s b\u00e1rmely fut\u00f3 parancs vagy folyamat \u00e1ltal \u00f6r\u00f6kl\u0151dnek.<\/p>\n","protected":false},"author":7,"featured_media":383,"comment_status":"closed","ping_status":"closed","sticky":false,"template":"","format":"standard","meta":{"footnotes":""},"categories":[2],"tags":[287,288,223,289],"class_list":["post-381","post","type-post","status-publish","format-standard","has-post-thumbnail","hentry","category-hogyan-kell","tag-kornyezeti-valtozok","tag-mac-beallitasok","tag-mac-os-x","tag-mac-parancsertelmezo"],"yoast_head":"<!-- This site is optimized with the Yoast SEO plugin v27.4 - https:\/\/yoast.com\/product\/yoast-seo-wordpress\/ -->\n<title>Mac OS X k\u00f6rnyezeti v\u00e1ltoz\u00f3k | Rendszerkarbantart\u00e1s blog | doit.hu<\/title>\n<meta name=\"description\" content=\"Mac OS X k\u00f6rnyezeti v\u00e1ltoz\u00f3k be\u00e1ll\u00edt\u00e1s\u00e1hoz adunk seg\u00edts\u00e9get cikk\u00fcnkben. Olvassa el rendszergazda koll\u00e9g\u00e1ink \u00edr\u00e1s\u00e1t!\" \/>\n<meta name=\"robots\" content=\"index, follow, max-snippet:-1, max-image-preview:large, max-video-preview:-1\" \/>\n<link rel=\"canonical\" href=\"https:\/\/www.doit.hu\/rendszergazda\/hogyan-kell\/246-mac-os-x-kornyezeti-valtozok-beallitasa\/\" \/>\n<link rel=\"next\" href=\"https:\/\/www.doit.hu\/rendszergazda\/hogyan-kell\/246-mac-os-x-kornyezeti-valtozok-beallitasa\/2\/\" \/>\n<meta property=\"og:locale\" content=\"hu_HU\" \/>\n<meta property=\"og:type\" content=\"article\" \/>\n<meta property=\"og:title\" content=\"Mac OS X k\u00f6rnyezeti v\u00e1ltoz\u00f3k | Rendszerkarbantart\u00e1s blog | doit.hu\" \/>\n<meta property=\"og:description\" content=\"Mac OS X k\u00f6rnyezeti v\u00e1ltoz\u00f3k be\u00e1ll\u00edt\u00e1s\u00e1hoz adunk seg\u00edts\u00e9get cikk\u00fcnkben. Olvassa el rendszergazda koll\u00e9g\u00e1ink \u00edr\u00e1s\u00e1t!\" \/>\n<meta property=\"og:url\" content=\"https:\/\/www.doit.hu\/rendszergazda\/hogyan-kell\/246-mac-os-x-kornyezeti-valtozok-beallitasa\/\" \/>\n<meta property=\"og:site_name\" content=\"Rendszergazda szolg\u00e1ltat\u00e1s\" \/>\n<meta property=\"article:publisher\" content=\"https:\/\/www.facebook.com\/DoccaZrt\" \/>\n<meta property=\"article:published_time\" content=\"2019-04-10T11:01:46+00:00\" \/>\n<meta property=\"article:modified_time\" content=\"2022-07-28T08:18:58+00:00\" \/>\n<meta property=\"og:image\" content=\"https:\/\/www.doit.hu\/rendszergazda\/wp-content\/uploads\/2019\/04\/set-environment-variables-mac-os-x-terminal.jpg\" \/>\n\t<meta property=\"og:image:width\" content=\"611\" \/>\n\t<meta property=\"og:image:height\" content=\"377\" \/>\n\t<meta property=\"og:image:type\" content=\"image\/jpeg\" \/>\n<meta name=\"author\" content=\"Docca Zrt.\" \/>\n<meta name=\"twitter:card\" content=\"summary_large_image\" \/>\n<meta name=\"twitter:label1\" content=\"Szerz\u0151:\" \/>\n\t<meta name=\"twitter:data1\" content=\"Docca Zrt.\" \/>\n\t<meta name=\"twitter:label2\" content=\"Becs\u00fclt olvas\u00e1si id\u0151\" \/>\n\t<meta name=\"twitter:data2\" content=\"4 perc\" \/>\n<script type=\"application\/ld+json\" class=\"yoast-schema-graph\">{\"@context\":\"https:\\\/\\\/schema.org\",\"@graph\":[{\"@type\":\"Article\",\"@id\":\"https:\\\/\\\/www.doit.hu\\\/rendszergazda\\\/hogyan-kell\\\/246-mac-os-x-kornyezeti-valtozok-beallitasa\\\/#article\",\"isPartOf\":{\"@id\":\"https:\\\/\\\/www.doit.hu\\\/rendszergazda\\\/hogyan-kell\\\/246-mac-os-x-kornyezeti-valtozok-beallitasa\\\/\"},\"author\":{\"name\":\"Docca Zrt.\",\"@id\":\"https:\\\/\\\/www.doit.hu\\\/rendszergazda\\\/#\\\/schema\\\/person\\\/ac60b29300a3d65825707a7bcd47aa7f\"},\"headline\":\"Mac OS X k\u00f6rnyezeti v\u00e1ltoz\u00f3k be\u00e1ll\u00edt\u00e1sa\",\"datePublished\":\"2019-04-10T11:01:46+00:00\",\"dateModified\":\"2022-07-28T08:18:58+00:00\",\"mainEntityOfPage\":{\"@id\":\"https:\\\/\\\/www.doit.hu\\\/rendszergazda\\\/hogyan-kell\\\/246-mac-os-x-kornyezeti-valtozok-beallitasa\\\/\"},\"wordCount\":911,\"publisher\":{\"@id\":\"https:\\\/\\\/www.doit.hu\\\/rendszergazda\\\/#organization\"},\"image\":{\"@id\":\"https:\\\/\\\/www.doit.hu\\\/rendszergazda\\\/hogyan-kell\\\/246-mac-os-x-kornyezeti-valtozok-beallitasa\\\/#primaryimage\"},\"thumbnailUrl\":\"https:\\\/\\\/www.doit.hu\\\/rendszergazda\\\/wp-content\\\/uploads\\\/2019\\\/04\\\/set-environment-variables-mac-os-x-terminal.jpg\",\"keywords\":[\"k\u00f6rnyezeti v\u00e1ltoz\u00f3k\",\"mac be\u00e1ll\u00edt\u00e1sok\",\"mac os x\",\"mac parancs\u00e9rtelmez\u0151\"],\"articleSection\":[\"Hogyan kell\"],\"inLanguage\":\"hu\"},{\"@type\":\"WebPage\",\"@id\":\"https:\\\/\\\/www.doit.hu\\\/rendszergazda\\\/hogyan-kell\\\/246-mac-os-x-kornyezeti-valtozok-beallitasa\\\/\",\"url\":\"https:\\\/\\\/www.doit.hu\\\/rendszergazda\\\/hogyan-kell\\\/246-mac-os-x-kornyezeti-valtozok-beallitasa\\\/\",\"name\":\"Mac OS X k\u00f6rnyezeti v\u00e1ltoz\u00f3k | Rendszerkarbantart\u00e1s blog | doit.hu\",\"isPartOf\":{\"@id\":\"https:\\\/\\\/www.doit.hu\\\/rendszergazda\\\/#website\"},\"primaryImageOfPage\":{\"@id\":\"https:\\\/\\\/www.doit.hu\\\/rendszergazda\\\/hogyan-kell\\\/246-mac-os-x-kornyezeti-valtozok-beallitasa\\\/#primaryimage\"},\"image\":{\"@id\":\"https:\\\/\\\/www.doit.hu\\\/rendszergazda\\\/hogyan-kell\\\/246-mac-os-x-kornyezeti-valtozok-beallitasa\\\/#primaryimage\"},\"thumbnailUrl\":\"https:\\\/\\\/www.doit.hu\\\/rendszergazda\\\/wp-content\\\/uploads\\\/2019\\\/04\\\/set-environment-variables-mac-os-x-terminal.jpg\",\"datePublished\":\"2019-04-10T11:01:46+00:00\",\"dateModified\":\"2022-07-28T08:18:58+00:00\",\"description\":\"Mac OS X k\u00f6rnyezeti v\u00e1ltoz\u00f3k be\u00e1ll\u00edt\u00e1s\u00e1hoz adunk seg\u00edts\u00e9get cikk\u00fcnkben. Olvassa el rendszergazda koll\u00e9g\u00e1ink \u00edr\u00e1s\u00e1t!\",\"inLanguage\":\"hu\",\"potentialAction\":[{\"@type\":\"ReadAction\",\"target\":[\"https:\\\/\\\/www.doit.hu\\\/rendszergazda\\\/hogyan-kell\\\/246-mac-os-x-kornyezeti-valtozok-beallitasa\\\/\"]}]},{\"@type\":\"ImageObject\",\"inLanguage\":\"hu\",\"@id\":\"https:\\\/\\\/www.doit.hu\\\/rendszergazda\\\/hogyan-kell\\\/246-mac-os-x-kornyezeti-valtozok-beallitasa\\\/#primaryimage\",\"url\":\"https:\\\/\\\/www.doit.hu\\\/rendszergazda\\\/wp-content\\\/uploads\\\/2019\\\/04\\\/set-environment-variables-mac-os-x-terminal.jpg\",\"contentUrl\":\"https:\\\/\\\/www.doit.hu\\\/rendszergazda\\\/wp-content\\\/uploads\\\/2019\\\/04\\\/set-environment-variables-mac-os-x-terminal.jpg\",\"width\":611,\"height\":377,\"caption\":\"Mac OS X k\u00f6rnyezeti v\u00e1ltoz\u00f3k\"},{\"@type\":\"WebSite\",\"@id\":\"https:\\\/\\\/www.doit.hu\\\/rendszergazda\\\/#website\",\"url\":\"https:\\\/\\\/www.doit.hu\\\/rendszergazda\\\/\",\"name\":\"Rendszergazda szolg\u00e1ltat\u00e1s\",\"description\":\"\",\"publisher\":{\"@id\":\"https:\\\/\\\/www.doit.hu\\\/rendszergazda\\\/#organization\"},\"potentialAction\":[{\"@type\":\"SearchAction\",\"target\":{\"@type\":\"EntryPoint\",\"urlTemplate\":\"https:\\\/\\\/www.doit.hu\\\/rendszergazda\\\/?s={search_term_string}\"},\"query-input\":{\"@type\":\"PropertyValueSpecification\",\"valueRequired\":true,\"valueName\":\"search_term_string\"}}],\"inLanguage\":\"hu\"},{\"@type\":\"Organization\",\"@id\":\"https:\\\/\\\/www.doit.hu\\\/rendszergazda\\\/#organization\",\"name\":\"DOCCA Zrt.\",\"url\":\"https:\\\/\\\/www.doit.hu\\\/rendszergazda\\\/\",\"logo\":{\"@type\":\"ImageObject\",\"inLanguage\":\"hu\",\"@id\":\"https:\\\/\\\/www.doit.hu\\\/rendszergazda\\\/#\\\/schema\\\/logo\\\/image\\\/\",\"url\":\"https:\\\/\\\/www.doit.hu\\\/rendszergazda\\\/wp-content\\\/uploads\\\/2019\\\/04\\\/logo.png\",\"contentUrl\":\"https:\\\/\\\/www.doit.hu\\\/rendszergazda\\\/wp-content\\\/uploads\\\/2019\\\/04\\\/logo.png\",\"width\":263,\"height\":82,\"caption\":\"DOCCA Zrt.\"},\"image\":{\"@id\":\"https:\\\/\\\/www.doit.hu\\\/rendszergazda\\\/#\\\/schema\\\/logo\\\/image\\\/\"},\"sameAs\":[\"https:\\\/\\\/www.facebook.com\\\/DoccaZrt\"]},{\"@type\":\"Person\",\"@id\":\"https:\\\/\\\/www.doit.hu\\\/rendszergazda\\\/#\\\/schema\\\/person\\\/ac60b29300a3d65825707a7bcd47aa7f\",\"name\":\"Docca Zrt.\",\"image\":{\"@type\":\"ImageObject\",\"inLanguage\":\"hu\",\"@id\":\"https:\\\/\\\/secure.gravatar.com\\\/avatar\\\/7e3762308ab47147572d4e9f68e02b65139742dfdbb8f7a7314f3c5064a3dbe7?s=96&d=mm&r=g\",\"url\":\"https:\\\/\\\/secure.gravatar.com\\\/avatar\\\/7e3762308ab47147572d4e9f68e02b65139742dfdbb8f7a7314f3c5064a3dbe7?s=96&d=mm&r=g\",\"contentUrl\":\"https:\\\/\\\/secure.gravatar.com\\\/avatar\\\/7e3762308ab47147572d4e9f68e02b65139742dfdbb8f7a7314f3c5064a3dbe7?s=96&d=mm&r=g\",\"caption\":\"Docca Zrt.\"},\"url\":\"https:\\\/\\\/www.doit.hu\\\/rendszergazda\\\/author\\\/docca\\\/\"}]}<\/script>\n<!-- \/ Yoast SEO plugin. -->","yoast_head_json":{"title":"Mac OS X k\u00f6rnyezeti v\u00e1ltoz\u00f3k | Rendszerkarbantart\u00e1s blog | doit.hu","description":"Mac OS X k\u00f6rnyezeti v\u00e1ltoz\u00f3k be\u00e1ll\u00edt\u00e1s\u00e1hoz adunk seg\u00edts\u00e9get cikk\u00fcnkben. Olvassa el rendszergazda koll\u00e9g\u00e1ink \u00edr\u00e1s\u00e1t!","robots":{"index":"index","follow":"follow","max-snippet":"max-snippet:-1","max-image-preview":"max-image-preview:large","max-video-preview":"max-video-preview:-1"},"canonical":"https:\/\/www.doit.hu\/rendszergazda\/hogyan-kell\/246-mac-os-x-kornyezeti-valtozok-beallitasa\/","next":"https:\/\/www.doit.hu\/rendszergazda\/hogyan-kell\/246-mac-os-x-kornyezeti-valtozok-beallitasa\/2\/","og_locale":"hu_HU","og_type":"article","og_title":"Mac OS X k\u00f6rnyezeti v\u00e1ltoz\u00f3k | Rendszerkarbantart\u00e1s blog | doit.hu","og_description":"Mac OS X k\u00f6rnyezeti v\u00e1ltoz\u00f3k be\u00e1ll\u00edt\u00e1s\u00e1hoz adunk seg\u00edts\u00e9get cikk\u00fcnkben. Olvassa el rendszergazda koll\u00e9g\u00e1ink \u00edr\u00e1s\u00e1t!","og_url":"https:\/\/www.doit.hu\/rendszergazda\/hogyan-kell\/246-mac-os-x-kornyezeti-valtozok-beallitasa\/","og_site_name":"Rendszergazda szolg\u00e1ltat\u00e1s","article_publisher":"https:\/\/www.facebook.com\/DoccaZrt","article_published_time":"2019-04-10T11:01:46+00:00","article_modified_time":"2022-07-28T08:18:58+00:00","og_image":[{"width":611,"height":377,"url":"https:\/\/www.doit.hu\/rendszergazda\/wp-content\/uploads\/2019\/04\/set-environment-variables-mac-os-x-terminal.jpg","type":"image\/jpeg"}],"author":"Docca Zrt.","twitter_card":"summary_large_image","twitter_misc":{"Szerz\u0151:":"Docca Zrt.","Becs\u00fclt olvas\u00e1si id\u0151":"4 perc"},"schema":{"@context":"https:\/\/schema.org","@graph":[{"@type":"Article","@id":"https:\/\/www.doit.hu\/rendszergazda\/hogyan-kell\/246-mac-os-x-kornyezeti-valtozok-beallitasa\/#article","isPartOf":{"@id":"https:\/\/www.doit.hu\/rendszergazda\/hogyan-kell\/246-mac-os-x-kornyezeti-valtozok-beallitasa\/"},"author":{"name":"Docca Zrt.","@id":"https:\/\/www.doit.hu\/rendszergazda\/#\/schema\/person\/ac60b29300a3d65825707a7bcd47aa7f"},"headline":"Mac OS X k\u00f6rnyezeti v\u00e1ltoz\u00f3k be\u00e1ll\u00edt\u00e1sa","datePublished":"2019-04-10T11:01:46+00:00","dateModified":"2022-07-28T08:18:58+00:00","mainEntityOfPage":{"@id":"https:\/\/www.doit.hu\/rendszergazda\/hogyan-kell\/246-mac-os-x-kornyezeti-valtozok-beallitasa\/"},"wordCount":911,"publisher":{"@id":"https:\/\/www.doit.hu\/rendszergazda\/#organization"},"image":{"@id":"https:\/\/www.doit.hu\/rendszergazda\/hogyan-kell\/246-mac-os-x-kornyezeti-valtozok-beallitasa\/#primaryimage"},"thumbnailUrl":"https:\/\/www.doit.hu\/rendszergazda\/wp-content\/uploads\/2019\/04\/set-environment-variables-mac-os-x-terminal.jpg","keywords":["k\u00f6rnyezeti v\u00e1ltoz\u00f3k","mac be\u00e1ll\u00edt\u00e1sok","mac os x","mac parancs\u00e9rtelmez\u0151"],"articleSection":["Hogyan kell"],"inLanguage":"hu"},{"@type":"WebPage","@id":"https:\/\/www.doit.hu\/rendszergazda\/hogyan-kell\/246-mac-os-x-kornyezeti-valtozok-beallitasa\/","url":"https:\/\/www.doit.hu\/rendszergazda\/hogyan-kell\/246-mac-os-x-kornyezeti-valtozok-beallitasa\/","name":"Mac OS X k\u00f6rnyezeti v\u00e1ltoz\u00f3k | Rendszerkarbantart\u00e1s blog | doit.hu","isPartOf":{"@id":"https:\/\/www.doit.hu\/rendszergazda\/#website"},"primaryImageOfPage":{"@id":"https:\/\/www.doit.hu\/rendszergazda\/hogyan-kell\/246-mac-os-x-kornyezeti-valtozok-beallitasa\/#primaryimage"},"image":{"@id":"https:\/\/www.doit.hu\/rendszergazda\/hogyan-kell\/246-mac-os-x-kornyezeti-valtozok-beallitasa\/#primaryimage"},"thumbnailUrl":"https:\/\/www.doit.hu\/rendszergazda\/wp-content\/uploads\/2019\/04\/set-environment-variables-mac-os-x-terminal.jpg","datePublished":"2019-04-10T11:01:46+00:00","dateModified":"2022-07-28T08:18:58+00:00","description":"Mac OS X k\u00f6rnyezeti v\u00e1ltoz\u00f3k be\u00e1ll\u00edt\u00e1s\u00e1hoz adunk seg\u00edts\u00e9get cikk\u00fcnkben. Olvassa el rendszergazda koll\u00e9g\u00e1ink \u00edr\u00e1s\u00e1t!","inLanguage":"hu","potentialAction":[{"@type":"ReadAction","target":["https:\/\/www.doit.hu\/rendszergazda\/hogyan-kell\/246-mac-os-x-kornyezeti-valtozok-beallitasa\/"]}]},{"@type":"ImageObject","inLanguage":"hu","@id":"https:\/\/www.doit.hu\/rendszergazda\/hogyan-kell\/246-mac-os-x-kornyezeti-valtozok-beallitasa\/#primaryimage","url":"https:\/\/www.doit.hu\/rendszergazda\/wp-content\/uploads\/2019\/04\/set-environment-variables-mac-os-x-terminal.jpg","contentUrl":"https:\/\/www.doit.hu\/rendszergazda\/wp-content\/uploads\/2019\/04\/set-environment-variables-mac-os-x-terminal.jpg","width":611,"height":377,"caption":"Mac OS X k\u00f6rnyezeti v\u00e1ltoz\u00f3k"},{"@type":"WebSite","@id":"https:\/\/www.doit.hu\/rendszergazda\/#website","url":"https:\/\/www.doit.hu\/rendszergazda\/","name":"Rendszergazda szolg\u00e1ltat\u00e1s","description":"","publisher":{"@id":"https:\/\/www.doit.hu\/rendszergazda\/#organization"},"potentialAction":[{"@type":"SearchAction","target":{"@type":"EntryPoint","urlTemplate":"https:\/\/www.doit.hu\/rendszergazda\/?s={search_term_string}"},"query-input":{"@type":"PropertyValueSpecification","valueRequired":true,"valueName":"search_term_string"}}],"inLanguage":"hu"},{"@type":"Organization","@id":"https:\/\/www.doit.hu\/rendszergazda\/#organization","name":"DOCCA Zrt.","url":"https:\/\/www.doit.hu\/rendszergazda\/","logo":{"@type":"ImageObject","inLanguage":"hu","@id":"https:\/\/www.doit.hu\/rendszergazda\/#\/schema\/logo\/image\/","url":"https:\/\/www.doit.hu\/rendszergazda\/wp-content\/uploads\/2019\/04\/logo.png","contentUrl":"https:\/\/www.doit.hu\/rendszergazda\/wp-content\/uploads\/2019\/04\/logo.png","width":263,"height":82,"caption":"DOCCA Zrt."},"image":{"@id":"https:\/\/www.doit.hu\/rendszergazda\/#\/schema\/logo\/image\/"},"sameAs":["https:\/\/www.facebook.com\/DoccaZrt"]},{"@type":"Person","@id":"https:\/\/www.doit.hu\/rendszergazda\/#\/schema\/person\/ac60b29300a3d65825707a7bcd47aa7f","name":"Docca Zrt.","image":{"@type":"ImageObject","inLanguage":"hu","@id":"https:\/\/secure.gravatar.com\/avatar\/7e3762308ab47147572d4e9f68e02b65139742dfdbb8f7a7314f3c5064a3dbe7?s=96&d=mm&r=g","url":"https:\/\/secure.gravatar.com\/avatar\/7e3762308ab47147572d4e9f68e02b65139742dfdbb8f7a7314f3c5064a3dbe7?s=96&d=mm&r=g","contentUrl":"https:\/\/secure.gravatar.com\/avatar\/7e3762308ab47147572d4e9f68e02b65139742dfdbb8f7a7314f3c5064a3dbe7?s=96&d=mm&r=g","caption":"Docca Zrt."},"url":"https:\/\/www.doit.hu\/rendszergazda\/author\/docca\/"}]}},"_links":{"self":[{"href":"https:\/\/www.doit.hu\/rendszergazda\/wp-json\/wp\/v2\/posts\/381","targetHints":{"allow":["GET"]}}],"collection":[{"href":"https:\/\/www.doit.hu\/rendszergazda\/wp-json\/wp\/v2\/posts"}],"about":[{"href":"https:\/\/www.doit.hu\/rendszergazda\/wp-json\/wp\/v2\/types\/post"}],"author":[{"embeddable":true,"href":"https:\/\/www.doit.hu\/rendszergazda\/wp-json\/wp\/v2\/users\/7"}],"replies":[{"embeddable":true,"href":"https:\/\/www.doit.hu\/rendszergazda\/wp-json\/wp\/v2\/comments?post=381"}],"version-history":[{"count":5,"href":"https:\/\/www.doit.hu\/rendszergazda\/wp-json\/wp\/v2\/posts\/381\/revisions"}],"predecessor-version":[{"id":3231,"href":"https:\/\/www.doit.hu\/rendszergazda\/wp-json\/wp\/v2\/posts\/381\/revisions\/3231"}],"wp:featuredmedia":[{"embeddable":true,"href":"https:\/\/www.doit.hu\/rendszergazda\/wp-json\/wp\/v2\/media\/383"}],"wp:attachment":[{"href":"https:\/\/www.doit.hu\/rendszergazda\/wp-json\/wp\/v2\/media?parent=381"}],"wp:term":[{"taxonomy":"category","embeddable":true,"href":"https:\/\/www.doit.hu\/rendszergazda\/wp-json\/wp\/v2\/categories?post=381"},{"taxonomy":"post_tag","embeddable":true,"href":"https:\/\/www.doit.hu\/rendszergazda\/wp-json\/wp\/v2\/tags?post=381"}],"curies":[{"name":"wp","href":"https:\/\/api.w.org\/{rel}","templated":true}]}}