{"id":360,"date":"2019-04-09T14:49:46","date_gmt":"2019-04-09T14:49:46","guid":{"rendered":"http:\/\/www.doit.hu\/rendszergazda\/?p=360"},"modified":"2019-04-12T09:55:58","modified_gmt":"2019-04-12T09:55:58","slug":"254-hogyan-erjuk-el-azokat-az-os-x-el-capitan-beta-frissiteseket-amik-nem-jelennek-meg-a-szoftver-frissites-menuben","status":"publish","type":"post","link":"https:\/\/www.doit.hu\/rendszergazda\/hogyan-kell\/254-hogyan-erjuk-el-azokat-az-os-x-el-capitan-beta-frissiteseket-amik-nem-jelennek-meg-a-szoftver-frissites-menuben\/","title":{"rendered":"Hogyan \u00e9rj\u00fck el azokat az OS X El Capitan Beta friss\u00edt\u00e9seket, amik nem jelennek meg a Szoftver Friss\u00edt\u00e9s men\u00fcben?"},"content":{"rendered":"<p><strong>Az a Mac felhaszn\u00e1l\u00f3 vagy rendszergazda, aki az OS X El Capitant a Publikus B\u00e9ta programj\u00e1val vagy regisztr\u00e1lt Mac Fejleszt\u0151k\u00e9nt teszteli, bizony\u00e1ra tal\u00e1lkozott m\u00e1r azzal a probl\u00e9m\u00e1val, hogy a leg\u00fajabb el\u00e9rhet\u0151 friss\u00edt\u00e9sek nem \u00fagy jelennek meg a Mac App Store-ban, ahogy kellene.<\/strong><!--more--><\/p>\n<p><img loading=\"lazy\" decoding=\"async\" class=\"aligncenter size-full wp-image-361\" src=\"http:\/\/www.doit.hu\/rendszergazda\/wp-content\/uploads\/2019\/04\/show-missing-beta-updates-mac-os-x.jpg\" alt=\"\" width=\"610\" height=\"220\" srcset=\"https:\/\/www.doit.hu\/rendszergazda\/wp-content\/uploads\/2019\/04\/show-missing-beta-updates-mac-os-x.jpg 610w, https:\/\/www.doit.hu\/rendszergazda\/wp-content\/uploads\/2019\/04\/show-missing-beta-updates-mac-os-x-300x108.jpg 300w, https:\/\/www.doit.hu\/rendszergazda\/wp-content\/uploads\/2019\/04\/show-missing-beta-updates-mac-os-x-450x162.jpg 450w\" sizes=\"auto, (max-width: 610px) 100vw, 610px\" \/><\/p>\n<p>Ez \u00e1ltal\u00e1ban megoldhat\u00f3 azzal, hogy a Friss\u00edt\u00e9sek f\u00fcl\u00f6n nyomunk egy Command+R kombin\u00e1ci\u00f3t, hogy friss\u00fclj\u00f6n a lista, de ha ez sem m\u0171k\u00f6dik, akkor manu\u00e1lis kell beavatkoznunk \u00e9s \u00fajra be\u00e1ll\u00edtani a szoftver friss\u00edt\u00e9s let\u00f6lt\u0151 katal\u00f3gust.<br \/>\nAk\u00e1r a publikus, ak\u00e1r a fejleszt\u0151i b\u00e9ta programot haszn\u00e1ljuk, nyissuk meg a Termin\u00e1l alkalmaz\u00e1st \u00e9s \u00edrjuk be a megfelel\u0151 parancssort:<\/p>\n<p>Publikus B\u00e9ta tesztel\u0151 eset\u00e9n \u00e1ll\u00edtsuk be az OS X Public B\u00e9ta katal\u00f3gust:<\/p>\n<p>sudo softwareupdate &#8211;set-catalog\u00a0<a href=\"https:\/\/swscan.apple.com\/content\/catalogs\/others\/index-10.11beta-10.11-10.10-10.9-mountainlion-lion-snowleopard-leopard.merged-1.sucatalog.gz\">https:\/\/swscan.apple.com\/content\/catalogs\/others\/index-10.11beta-10.11-10.10-10.9-mountainlion-lion-snowleopard-leopard.merged-1.sucatalog.gz<\/a><\/p>\n<p>Regisztr\u00e1lt Mac Fejleszt\u0151 eset\u00e9n \u00e1ll\u00edtsuk be az OS X Fejleszt\u0151 B\u00e9ta katal\u00f3gust:<\/p>\n<p>sudo softwareupdate &#8211;set-catalog\u00a0<a href=\"https:\/\/swscan.apple.com\/content\/catalogs\/others\/index-10.11seed-10.11-10.10-10.9-mountainlion-lion-snowleopard-leopard.merged-1.sucatalog.gz\">https:\/\/swscan.apple.com\/content\/catalogs\/others\/index-10.11seed-10.11-10.10-10.9-mountainlion-lion-snowleopard-leopard.merged-1.sucatalog.gz<\/a><\/p>\n<p><strong>GM Seed<\/strong><\/p>\n<p>Az OS X 10.11 seed katal\u00f3gus URL-je a k\u00f6vetkez\u0151:<\/p>\n<p>&nbsp;<\/p>\n<p>sudo softwareupdate &#8211;set-catalog\u00a0<a href=\"https:\/\/swscan.apple.com\/content\/catalogs\/others\/index-10.11-10.10-10.9-mountainlion-lion-snowleopard-leopard.merged-1.sucatalog.gz\">https:\/\/swscan.apple.com\/content\/catalogs\/others\/index-10.11-10.10-10.9-mountainlion-lion-snowleopard-leopard.merged-1.sucatalog.gz<\/a><\/p>\n<p><strong>Ellen\u0151rizz\u00fck, hogy m\u0171k\u00f6dik-e a szoftver friss\u00edt\u00e9s katal\u00f3gus v\u00e1ltoztat\u00e1sa<\/strong><\/p>\n<p>Az al\u00e1bbi paranccsal kilist\u00e1zhatjuk az el\u00e9rhet\u0151 friss\u00edt\u00e9seket:<\/p>\n<p><em>softwareupdate &#8211;list<\/em><\/p>\n<p>Hogyan \u00e1ll\u00edtsuk vissza az eredeti OS X Szoftver Friss\u00edt\u00e9s Katal\u00f3gust?<\/p>\n<p>Az al\u00e1bbi parancssorral:<\/p>\n<p><em>softwareupdate &#8211;clear-catalog<\/em><\/p>\n<p>&nbsp;<\/p>\n<p>Forr\u00e1s:\u00a0<a href=\"http:\/\/osxdaily.com\/2015\/09\/05\/fix-missing-os-x-beta-updates\/\">OSXDaily<\/a>.<\/p>\n<p>&nbsp;<\/p>\n<p style=\"text-align: center;\">Tov\u00e1bbi tan\u00e1csok\u00e9rt keresse fel\u00a0<strong><a href=\"https:\/\/www.doit.hu\/rendszergazda\/index.php\/hogyan-kell\">rendszergazda blogunkat<\/a><\/strong>!<\/p>\n","protected":false},"excerpt":{"rendered":"<p>Az a Mac felhaszn\u00e1l\u00f3 vagy rendszergazda, aki az OS X El Capitant a Publikus B\u00e9ta programj\u00e1val vagy regisztr\u00e1lt Mac Fejleszt\u0151k\u00e9nt teszteli, bizony\u00e1ra tal\u00e1lkozott m\u00e1r azzal a probl\u00e9m\u00e1val, hogy a leg\u00fajabb el\u00e9rhet\u0151 friss\u00edt\u00e9sek nem \u00fagy jelennek meg a Mac App Store-ban, ahogy kellene.<\/p>\n","protected":false},"author":7,"featured_media":361,"comment_status":"closed","ping_status":"closed","sticky":false,"template":"","format":"standard","meta":{"footnotes":""},"categories":[2],"tags":[273,272,269],"class_list":["post-360","post","type-post","status-publish","format-standard","has-post-thumbnail","hentry","category-hogyan-kell","tag-mac-app-store","tag-os-x-el-capitan-beta-frissites","tag-szoftverfrissites"],"yoast_head":"<!-- This site is optimized with the Yoast SEO plugin v27.4 - https:\/\/yoast.com\/product\/yoast-seo-wordpress\/ -->\n<title>Hogyan \u00e9rj\u00fck el azokat az OS X El Capitan Beta friss\u00edt\u00e9seket, amik nem jelennek meg a Szoftver Friss\u00edt\u00e9s men\u00fcben?<\/title>\n<meta name=\"description\" content=\"Az a Mac felhaszn\u00e1l\u00f3 vagy rendszergazda, aki az OS X El Capitant a Publikus B\u00e9ta programj\u00e1val vagy regisztr\u00e1lt Mac Fejleszt\u0151k\u00e9nt teszteli, bizony\u00e1ra tal\u00e1lkozott m\u00e1r azzal a probl\u00e9m\u00e1val, hogy a leg\u00fajabb el\u00e9rhet\u0151 friss\u00edt\u00e9sek nem \u00fagy jelennek meg a Mac App Store-ban, ahogy kellene.\" \/>\n<meta name=\"robots\" content=\"index, follow, max-snippet:-1, max-image-preview:large, max-video-preview:-1\" \/>\n<link rel=\"canonical\" href=\"https:\/\/www.doit.hu\/rendszergazda\/hogyan-kell\/254-hogyan-erjuk-el-azokat-az-os-x-el-capitan-beta-frissiteseket-amik-nem-jelennek-meg-a-szoftver-frissites-menuben\/\" \/>\n<meta property=\"og:locale\" content=\"hu_HU\" \/>\n<meta property=\"og:type\" content=\"article\" \/>\n<meta property=\"og:title\" content=\"Hogyan \u00e9rj\u00fck el azokat az OS X El Capitan Beta friss\u00edt\u00e9seket, amik nem jelennek meg a Szoftver Friss\u00edt\u00e9s men\u00fcben?\" \/>\n<meta property=\"og:description\" content=\"Az a Mac felhaszn\u00e1l\u00f3 vagy rendszergazda, aki az OS X El Capitant a Publikus B\u00e9ta programj\u00e1val vagy regisztr\u00e1lt Mac Fejleszt\u0151k\u00e9nt teszteli, bizony\u00e1ra tal\u00e1lkozott m\u00e1r azzal a probl\u00e9m\u00e1val, hogy a leg\u00fajabb el\u00e9rhet\u0151 friss\u00edt\u00e9sek nem \u00fagy jelennek meg a Mac App Store-ban, ahogy kellene.\" \/>\n<meta property=\"og:url\" content=\"https:\/\/www.doit.hu\/rendszergazda\/hogyan-kell\/254-hogyan-erjuk-el-azokat-az-os-x-el-capitan-beta-frissiteseket-amik-nem-jelennek-meg-a-szoftver-frissites-menuben\/\" \/>\n<meta property=\"og:site_name\" content=\"Rendszergazda szolg\u00e1ltat\u00e1s\" \/>\n<meta property=\"article:publisher\" content=\"https:\/\/www.facebook.com\/DoccaZrt\" \/>\n<meta property=\"article:published_time\" content=\"2019-04-09T14:49:46+00:00\" \/>\n<meta property=\"article:modified_time\" content=\"2019-04-12T09:55:58+00:00\" \/>\n<meta property=\"og:image\" content=\"https:\/\/www.doit.hu\/rendszergazda\/wp-content\/uploads\/2019\/04\/show-missing-beta-updates-mac-os-x.jpg\" \/>\n\t<meta property=\"og:image:width\" content=\"610\" \/>\n\t<meta property=\"og:image:height\" content=\"220\" \/>\n\t<meta property=\"og:image:type\" content=\"image\/jpeg\" \/>\n<meta name=\"author\" content=\"Docca Zrt.\" \/>\n<meta name=\"twitter:card\" content=\"summary_large_image\" \/>\n<meta name=\"twitter:label1\" content=\"Szerz\u0151:\" \/>\n\t<meta name=\"twitter:data1\" content=\"Docca Zrt.\" \/>\n\t<meta name=\"twitter:label2\" content=\"Becs\u00fclt olvas\u00e1si id\u0151\" \/>\n\t<meta name=\"twitter:data2\" content=\"2 perc\" \/>\n<script type=\"application\/ld+json\" class=\"yoast-schema-graph\">{\"@context\":\"https:\\\/\\\/schema.org\",\"@graph\":[{\"@type\":\"Article\",\"@id\":\"https:\\\/\\\/www.doit.hu\\\/rendszergazda\\\/hogyan-kell\\\/254-hogyan-erjuk-el-azokat-az-os-x-el-capitan-beta-frissiteseket-amik-nem-jelennek-meg-a-szoftver-frissites-menuben\\\/#article\",\"isPartOf\":{\"@id\":\"https:\\\/\\\/www.doit.hu\\\/rendszergazda\\\/hogyan-kell\\\/254-hogyan-erjuk-el-azokat-az-os-x-el-capitan-beta-frissiteseket-amik-nem-jelennek-meg-a-szoftver-frissites-menuben\\\/\"},\"author\":{\"name\":\"Docca Zrt.\",\"@id\":\"https:\\\/\\\/www.doit.hu\\\/rendszergazda\\\/#\\\/schema\\\/person\\\/ac60b29300a3d65825707a7bcd47aa7f\"},\"headline\":\"Hogyan \u00e9rj\u00fck el azokat az OS X El Capitan Beta friss\u00edt\u00e9seket, amik nem jelennek meg a Szoftver Friss\u00edt\u00e9s men\u00fcben?\",\"datePublished\":\"2019-04-09T14:49:46+00:00\",\"dateModified\":\"2019-04-12T09:55:58+00:00\",\"mainEntityOfPage\":{\"@id\":\"https:\\\/\\\/www.doit.hu\\\/rendszergazda\\\/hogyan-kell\\\/254-hogyan-erjuk-el-azokat-az-os-x-el-capitan-beta-frissiteseket-amik-nem-jelennek-meg-a-szoftver-frissites-menuben\\\/\"},\"wordCount\":326,\"publisher\":{\"@id\":\"https:\\\/\\\/www.doit.hu\\\/rendszergazda\\\/#organization\"},\"image\":{\"@id\":\"https:\\\/\\\/www.doit.hu\\\/rendszergazda\\\/hogyan-kell\\\/254-hogyan-erjuk-el-azokat-az-os-x-el-capitan-beta-frissiteseket-amik-nem-jelennek-meg-a-szoftver-frissites-menuben\\\/#primaryimage\"},\"thumbnailUrl\":\"https:\\\/\\\/www.doit.hu\\\/rendszergazda\\\/wp-content\\\/uploads\\\/2019\\\/04\\\/show-missing-beta-updates-mac-os-x.jpg\",\"keywords\":[\"mac app store\",\"OS X El Capitan Beta friss\u00edt\u00e9s\",\"szoftverfriss\u00edt\u00e9s\"],\"articleSection\":[\"Hogyan kell\"],\"inLanguage\":\"hu\"},{\"@type\":\"WebPage\",\"@id\":\"https:\\\/\\\/www.doit.hu\\\/rendszergazda\\\/hogyan-kell\\\/254-hogyan-erjuk-el-azokat-az-os-x-el-capitan-beta-frissiteseket-amik-nem-jelennek-meg-a-szoftver-frissites-menuben\\\/\",\"url\":\"https:\\\/\\\/www.doit.hu\\\/rendszergazda\\\/hogyan-kell\\\/254-hogyan-erjuk-el-azokat-az-os-x-el-capitan-beta-frissiteseket-amik-nem-jelennek-meg-a-szoftver-frissites-menuben\\\/\",\"name\":\"Hogyan \u00e9rj\u00fck el azokat az OS X El Capitan Beta friss\u00edt\u00e9seket, amik nem jelennek meg a Szoftver Friss\u00edt\u00e9s men\u00fcben?\",\"isPartOf\":{\"@id\":\"https:\\\/\\\/www.doit.hu\\\/rendszergazda\\\/#website\"},\"primaryImageOfPage\":{\"@id\":\"https:\\\/\\\/www.doit.hu\\\/rendszergazda\\\/hogyan-kell\\\/254-hogyan-erjuk-el-azokat-az-os-x-el-capitan-beta-frissiteseket-amik-nem-jelennek-meg-a-szoftver-frissites-menuben\\\/#primaryimage\"},\"image\":{\"@id\":\"https:\\\/\\\/www.doit.hu\\\/rendszergazda\\\/hogyan-kell\\\/254-hogyan-erjuk-el-azokat-az-os-x-el-capitan-beta-frissiteseket-amik-nem-jelennek-meg-a-szoftver-frissites-menuben\\\/#primaryimage\"},\"thumbnailUrl\":\"https:\\\/\\\/www.doit.hu\\\/rendszergazda\\\/wp-content\\\/uploads\\\/2019\\\/04\\\/show-missing-beta-updates-mac-os-x.jpg\",\"datePublished\":\"2019-04-09T14:49:46+00:00\",\"dateModified\":\"2019-04-12T09:55:58+00:00\",\"description\":\"Az a Mac felhaszn\u00e1l\u00f3 vagy rendszergazda, aki az OS X El Capitant a Publikus B\u00e9ta programj\u00e1val vagy regisztr\u00e1lt Mac Fejleszt\u0151k\u00e9nt teszteli, bizony\u00e1ra tal\u00e1lkozott m\u00e1r azzal a probl\u00e9m\u00e1val, hogy a leg\u00fajabb el\u00e9rhet\u0151 friss\u00edt\u00e9sek nem \u00fagy jelennek meg a Mac App Store-ban, ahogy kellene.\",\"breadcrumb\":{\"@id\":\"https:\\\/\\\/www.doit.hu\\\/rendszergazda\\\/hogyan-kell\\\/254-hogyan-erjuk-el-azokat-az-os-x-el-capitan-beta-frissiteseket-amik-nem-jelennek-meg-a-szoftver-frissites-menuben\\\/#breadcrumb\"},\"inLanguage\":\"hu\",\"potentialAction\":[{\"@type\":\"ReadAction\",\"target\":[\"https:\\\/\\\/www.doit.hu\\\/rendszergazda\\\/hogyan-kell\\\/254-hogyan-erjuk-el-azokat-az-os-x-el-capitan-beta-frissiteseket-amik-nem-jelennek-meg-a-szoftver-frissites-menuben\\\/\"]}]},{\"@type\":\"ImageObject\",\"inLanguage\":\"hu\",\"@id\":\"https:\\\/\\\/www.doit.hu\\\/rendszergazda\\\/hogyan-kell\\\/254-hogyan-erjuk-el-azokat-az-os-x-el-capitan-beta-frissiteseket-amik-nem-jelennek-meg-a-szoftver-frissites-menuben\\\/#primaryimage\",\"url\":\"https:\\\/\\\/www.doit.hu\\\/rendszergazda\\\/wp-content\\\/uploads\\\/2019\\\/04\\\/show-missing-beta-updates-mac-os-x.jpg\",\"contentUrl\":\"https:\\\/\\\/www.doit.hu\\\/rendszergazda\\\/wp-content\\\/uploads\\\/2019\\\/04\\\/show-missing-beta-updates-mac-os-x.jpg\",\"width\":610,\"height\":220},{\"@type\":\"BreadcrumbList\",\"@id\":\"https:\\\/\\\/www.doit.hu\\\/rendszergazda\\\/hogyan-kell\\\/254-hogyan-erjuk-el-azokat-az-os-x-el-capitan-beta-frissiteseket-amik-nem-jelennek-meg-a-szoftver-frissites-menuben\\\/#breadcrumb\",\"itemListElement\":[{\"@type\":\"ListItem\",\"position\":1,\"name\":\"Home\",\"item\":\"https:\\\/\\\/www.doit.hu\\\/rendszergazda\\\/fooldal-flexi\\\/\"},{\"@type\":\"ListItem\",\"position\":2,\"name\":\"Hogyan \u00e9rj\u00fck el azokat az OS X El Capitan Beta friss\u00edt\u00e9seket, amik nem jelennek meg a Szoftver Friss\u00edt\u00e9s men\u00fcben?\"}]},{\"@type\":\"WebSite\",\"@id\":\"https:\\\/\\\/www.doit.hu\\\/rendszergazda\\\/#website\",\"url\":\"https:\\\/\\\/www.doit.hu\\\/rendszergazda\\\/\",\"name\":\"Rendszergazda szolg\u00e1ltat\u00e1s\",\"description\":\"\",\"publisher\":{\"@id\":\"https:\\\/\\\/www.doit.hu\\\/rendszergazda\\\/#organization\"},\"potentialAction\":[{\"@type\":\"SearchAction\",\"target\":{\"@type\":\"EntryPoint\",\"urlTemplate\":\"https:\\\/\\\/www.doit.hu\\\/rendszergazda\\\/?s={search_term_string}\"},\"query-input\":{\"@type\":\"PropertyValueSpecification\",\"valueRequired\":true,\"valueName\":\"search_term_string\"}}],\"inLanguage\":\"hu\"},{\"@type\":\"Organization\",\"@id\":\"https:\\\/\\\/www.doit.hu\\\/rendszergazda\\\/#organization\",\"name\":\"DOCCA Zrt.\",\"url\":\"https:\\\/\\\/www.doit.hu\\\/rendszergazda\\\/\",\"logo\":{\"@type\":\"ImageObject\",\"inLanguage\":\"hu\",\"@id\":\"https:\\\/\\\/www.doit.hu\\\/rendszergazda\\\/#\\\/schema\\\/logo\\\/image\\\/\",\"url\":\"https:\\\/\\\/www.doit.hu\\\/rendszergazda\\\/wp-content\\\/uploads\\\/2019\\\/04\\\/logo.png\",\"contentUrl\":\"https:\\\/\\\/www.doit.hu\\\/rendszergazda\\\/wp-content\\\/uploads\\\/2019\\\/04\\\/logo.png\",\"width\":263,\"height\":82,\"caption\":\"DOCCA Zrt.\"},\"image\":{\"@id\":\"https:\\\/\\\/www.doit.hu\\\/rendszergazda\\\/#\\\/schema\\\/logo\\\/image\\\/\"},\"sameAs\":[\"https:\\\/\\\/www.facebook.com\\\/DoccaZrt\"]},{\"@type\":\"Person\",\"@id\":\"https:\\\/\\\/www.doit.hu\\\/rendszergazda\\\/#\\\/schema\\\/person\\\/ac60b29300a3d65825707a7bcd47aa7f\",\"name\":\"Docca Zrt.\",\"image\":{\"@type\":\"ImageObject\",\"inLanguage\":\"hu\",\"@id\":\"https:\\\/\\\/secure.gravatar.com\\\/avatar\\\/7e3762308ab47147572d4e9f68e02b65139742dfdbb8f7a7314f3c5064a3dbe7?s=96&d=mm&r=g\",\"url\":\"https:\\\/\\\/secure.gravatar.com\\\/avatar\\\/7e3762308ab47147572d4e9f68e02b65139742dfdbb8f7a7314f3c5064a3dbe7?s=96&d=mm&r=g\",\"contentUrl\":\"https:\\\/\\\/secure.gravatar.com\\\/avatar\\\/7e3762308ab47147572d4e9f68e02b65139742dfdbb8f7a7314f3c5064a3dbe7?s=96&d=mm&r=g\",\"caption\":\"Docca Zrt.\"},\"url\":\"https:\\\/\\\/www.doit.hu\\\/rendszergazda\\\/author\\\/docca\\\/\"}]}<\/script>\n<!-- \/ Yoast SEO plugin. -->","yoast_head_json":{"title":"Hogyan \u00e9rj\u00fck el azokat az OS X El Capitan Beta friss\u00edt\u00e9seket, amik nem jelennek meg a Szoftver Friss\u00edt\u00e9s men\u00fcben?","description":"Az a Mac felhaszn\u00e1l\u00f3 vagy rendszergazda, aki az OS X El Capitant a Publikus B\u00e9ta programj\u00e1val vagy regisztr\u00e1lt Mac Fejleszt\u0151k\u00e9nt teszteli, bizony\u00e1ra tal\u00e1lkozott m\u00e1r azzal a probl\u00e9m\u00e1val, hogy a leg\u00fajabb el\u00e9rhet\u0151 friss\u00edt\u00e9sek nem \u00fagy jelennek meg a Mac App Store-ban, ahogy kellene.","robots":{"index":"index","follow":"follow","max-snippet":"max-snippet:-1","max-image-preview":"max-image-preview:large","max-video-preview":"max-video-preview:-1"},"canonical":"https:\/\/www.doit.hu\/rendszergazda\/hogyan-kell\/254-hogyan-erjuk-el-azokat-az-os-x-el-capitan-beta-frissiteseket-amik-nem-jelennek-meg-a-szoftver-frissites-menuben\/","og_locale":"hu_HU","og_type":"article","og_title":"Hogyan \u00e9rj\u00fck el azokat az OS X El Capitan Beta friss\u00edt\u00e9seket, amik nem jelennek meg a Szoftver Friss\u00edt\u00e9s men\u00fcben?","og_description":"Az a Mac felhaszn\u00e1l\u00f3 vagy rendszergazda, aki az OS X El Capitant a Publikus B\u00e9ta programj\u00e1val vagy regisztr\u00e1lt Mac Fejleszt\u0151k\u00e9nt teszteli, bizony\u00e1ra tal\u00e1lkozott m\u00e1r azzal a probl\u00e9m\u00e1val, hogy a leg\u00fajabb el\u00e9rhet\u0151 friss\u00edt\u00e9sek nem \u00fagy jelennek meg a Mac App Store-ban, ahogy kellene.","og_url":"https:\/\/www.doit.hu\/rendszergazda\/hogyan-kell\/254-hogyan-erjuk-el-azokat-az-os-x-el-capitan-beta-frissiteseket-amik-nem-jelennek-meg-a-szoftver-frissites-menuben\/","og_site_name":"Rendszergazda szolg\u00e1ltat\u00e1s","article_publisher":"https:\/\/www.facebook.com\/DoccaZrt","article_published_time":"2019-04-09T14:49:46+00:00","article_modified_time":"2019-04-12T09:55:58+00:00","og_image":[{"width":610,"height":220,"url":"https:\/\/www.doit.hu\/rendszergazda\/wp-content\/uploads\/2019\/04\/show-missing-beta-updates-mac-os-x.jpg","type":"image\/jpeg"}],"author":"Docca Zrt.","twitter_card":"summary_large_image","twitter_misc":{"Szerz\u0151:":"Docca Zrt.","Becs\u00fclt olvas\u00e1si id\u0151":"2 perc"},"schema":{"@context":"https:\/\/schema.org","@graph":[{"@type":"Article","@id":"https:\/\/www.doit.hu\/rendszergazda\/hogyan-kell\/254-hogyan-erjuk-el-azokat-az-os-x-el-capitan-beta-frissiteseket-amik-nem-jelennek-meg-a-szoftver-frissites-menuben\/#article","isPartOf":{"@id":"https:\/\/www.doit.hu\/rendszergazda\/hogyan-kell\/254-hogyan-erjuk-el-azokat-az-os-x-el-capitan-beta-frissiteseket-amik-nem-jelennek-meg-a-szoftver-frissites-menuben\/"},"author":{"name":"Docca Zrt.","@id":"https:\/\/www.doit.hu\/rendszergazda\/#\/schema\/person\/ac60b29300a3d65825707a7bcd47aa7f"},"headline":"Hogyan \u00e9rj\u00fck el azokat az OS X El Capitan Beta friss\u00edt\u00e9seket, amik nem jelennek meg a Szoftver Friss\u00edt\u00e9s men\u00fcben?","datePublished":"2019-04-09T14:49:46+00:00","dateModified":"2019-04-12T09:55:58+00:00","mainEntityOfPage":{"@id":"https:\/\/www.doit.hu\/rendszergazda\/hogyan-kell\/254-hogyan-erjuk-el-azokat-az-os-x-el-capitan-beta-frissiteseket-amik-nem-jelennek-meg-a-szoftver-frissites-menuben\/"},"wordCount":326,"publisher":{"@id":"https:\/\/www.doit.hu\/rendszergazda\/#organization"},"image":{"@id":"https:\/\/www.doit.hu\/rendszergazda\/hogyan-kell\/254-hogyan-erjuk-el-azokat-az-os-x-el-capitan-beta-frissiteseket-amik-nem-jelennek-meg-a-szoftver-frissites-menuben\/#primaryimage"},"thumbnailUrl":"https:\/\/www.doit.hu\/rendszergazda\/wp-content\/uploads\/2019\/04\/show-missing-beta-updates-mac-os-x.jpg","keywords":["mac app store","OS X El Capitan Beta friss\u00edt\u00e9s","szoftverfriss\u00edt\u00e9s"],"articleSection":["Hogyan kell"],"inLanguage":"hu"},{"@type":"WebPage","@id":"https:\/\/www.doit.hu\/rendszergazda\/hogyan-kell\/254-hogyan-erjuk-el-azokat-az-os-x-el-capitan-beta-frissiteseket-amik-nem-jelennek-meg-a-szoftver-frissites-menuben\/","url":"https:\/\/www.doit.hu\/rendszergazda\/hogyan-kell\/254-hogyan-erjuk-el-azokat-az-os-x-el-capitan-beta-frissiteseket-amik-nem-jelennek-meg-a-szoftver-frissites-menuben\/","name":"Hogyan \u00e9rj\u00fck el azokat az OS X El Capitan Beta friss\u00edt\u00e9seket, amik nem jelennek meg a Szoftver Friss\u00edt\u00e9s men\u00fcben?","isPartOf":{"@id":"https:\/\/www.doit.hu\/rendszergazda\/#website"},"primaryImageOfPage":{"@id":"https:\/\/www.doit.hu\/rendszergazda\/hogyan-kell\/254-hogyan-erjuk-el-azokat-az-os-x-el-capitan-beta-frissiteseket-amik-nem-jelennek-meg-a-szoftver-frissites-menuben\/#primaryimage"},"image":{"@id":"https:\/\/www.doit.hu\/rendszergazda\/hogyan-kell\/254-hogyan-erjuk-el-azokat-az-os-x-el-capitan-beta-frissiteseket-amik-nem-jelennek-meg-a-szoftver-frissites-menuben\/#primaryimage"},"thumbnailUrl":"https:\/\/www.doit.hu\/rendszergazda\/wp-content\/uploads\/2019\/04\/show-missing-beta-updates-mac-os-x.jpg","datePublished":"2019-04-09T14:49:46+00:00","dateModified":"2019-04-12T09:55:58+00:00","description":"Az a Mac felhaszn\u00e1l\u00f3 vagy rendszergazda, aki az OS X El Capitant a Publikus B\u00e9ta programj\u00e1val vagy regisztr\u00e1lt Mac Fejleszt\u0151k\u00e9nt teszteli, bizony\u00e1ra tal\u00e1lkozott m\u00e1r azzal a probl\u00e9m\u00e1val, hogy a leg\u00fajabb el\u00e9rhet\u0151 friss\u00edt\u00e9sek nem \u00fagy jelennek meg a Mac App Store-ban, ahogy kellene.","breadcrumb":{"@id":"https:\/\/www.doit.hu\/rendszergazda\/hogyan-kell\/254-hogyan-erjuk-el-azokat-az-os-x-el-capitan-beta-frissiteseket-amik-nem-jelennek-meg-a-szoftver-frissites-menuben\/#breadcrumb"},"inLanguage":"hu","potentialAction":[{"@type":"ReadAction","target":["https:\/\/www.doit.hu\/rendszergazda\/hogyan-kell\/254-hogyan-erjuk-el-azokat-az-os-x-el-capitan-beta-frissiteseket-amik-nem-jelennek-meg-a-szoftver-frissites-menuben\/"]}]},{"@type":"ImageObject","inLanguage":"hu","@id":"https:\/\/www.doit.hu\/rendszergazda\/hogyan-kell\/254-hogyan-erjuk-el-azokat-az-os-x-el-capitan-beta-frissiteseket-amik-nem-jelennek-meg-a-szoftver-frissites-menuben\/#primaryimage","url":"https:\/\/www.doit.hu\/rendszergazda\/wp-content\/uploads\/2019\/04\/show-missing-beta-updates-mac-os-x.jpg","contentUrl":"https:\/\/www.doit.hu\/rendszergazda\/wp-content\/uploads\/2019\/04\/show-missing-beta-updates-mac-os-x.jpg","width":610,"height":220},{"@type":"BreadcrumbList","@id":"https:\/\/www.doit.hu\/rendszergazda\/hogyan-kell\/254-hogyan-erjuk-el-azokat-az-os-x-el-capitan-beta-frissiteseket-amik-nem-jelennek-meg-a-szoftver-frissites-menuben\/#breadcrumb","itemListElement":[{"@type":"ListItem","position":1,"name":"Home","item":"https:\/\/www.doit.hu\/rendszergazda\/fooldal-flexi\/"},{"@type":"ListItem","position":2,"name":"Hogyan \u00e9rj\u00fck el azokat az OS X El Capitan Beta friss\u00edt\u00e9seket, amik nem jelennek meg a Szoftver Friss\u00edt\u00e9s men\u00fcben?"}]},{"@type":"WebSite","@id":"https:\/\/www.doit.hu\/rendszergazda\/#website","url":"https:\/\/www.doit.hu\/rendszergazda\/","name":"Rendszergazda szolg\u00e1ltat\u00e1s","description":"","publisher":{"@id":"https:\/\/www.doit.hu\/rendszergazda\/#organization"},"potentialAction":[{"@type":"SearchAction","target":{"@type":"EntryPoint","urlTemplate":"https:\/\/www.doit.hu\/rendszergazda\/?s={search_term_string}"},"query-input":{"@type":"PropertyValueSpecification","valueRequired":true,"valueName":"search_term_string"}}],"inLanguage":"hu"},{"@type":"Organization","@id":"https:\/\/www.doit.hu\/rendszergazda\/#organization","name":"DOCCA Zrt.","url":"https:\/\/www.doit.hu\/rendszergazda\/","logo":{"@type":"ImageObject","inLanguage":"hu","@id":"https:\/\/www.doit.hu\/rendszergazda\/#\/schema\/logo\/image\/","url":"https:\/\/www.doit.hu\/rendszergazda\/wp-content\/uploads\/2019\/04\/logo.png","contentUrl":"https:\/\/www.doit.hu\/rendszergazda\/wp-content\/uploads\/2019\/04\/logo.png","width":263,"height":82,"caption":"DOCCA Zrt."},"image":{"@id":"https:\/\/www.doit.hu\/rendszergazda\/#\/schema\/logo\/image\/"},"sameAs":["https:\/\/www.facebook.com\/DoccaZrt"]},{"@type":"Person","@id":"https:\/\/www.doit.hu\/rendszergazda\/#\/schema\/person\/ac60b29300a3d65825707a7bcd47aa7f","name":"Docca Zrt.","image":{"@type":"ImageObject","inLanguage":"hu","@id":"https:\/\/secure.gravatar.com\/avatar\/7e3762308ab47147572d4e9f68e02b65139742dfdbb8f7a7314f3c5064a3dbe7?s=96&d=mm&r=g","url":"https:\/\/secure.gravatar.com\/avatar\/7e3762308ab47147572d4e9f68e02b65139742dfdbb8f7a7314f3c5064a3dbe7?s=96&d=mm&r=g","contentUrl":"https:\/\/secure.gravatar.com\/avatar\/7e3762308ab47147572d4e9f68e02b65139742dfdbb8f7a7314f3c5064a3dbe7?s=96&d=mm&r=g","caption":"Docca Zrt."},"url":"https:\/\/www.doit.hu\/rendszergazda\/author\/docca\/"}]}},"_links":{"self":[{"href":"https:\/\/www.doit.hu\/rendszergazda\/wp-json\/wp\/v2\/posts\/360","targetHints":{"allow":["GET"]}}],"collection":[{"href":"https:\/\/www.doit.hu\/rendszergazda\/wp-json\/wp\/v2\/posts"}],"about":[{"href":"https:\/\/www.doit.hu\/rendszergazda\/wp-json\/wp\/v2\/types\/post"}],"author":[{"embeddable":true,"href":"https:\/\/www.doit.hu\/rendszergazda\/wp-json\/wp\/v2\/users\/7"}],"replies":[{"embeddable":true,"href":"https:\/\/www.doit.hu\/rendszergazda\/wp-json\/wp\/v2\/comments?post=360"}],"version-history":[{"count":2,"href":"https:\/\/www.doit.hu\/rendszergazda\/wp-json\/wp\/v2\/posts\/360\/revisions"}],"predecessor-version":[{"id":363,"href":"https:\/\/www.doit.hu\/rendszergazda\/wp-json\/wp\/v2\/posts\/360\/revisions\/363"}],"wp:featuredmedia":[{"embeddable":true,"href":"https:\/\/www.doit.hu\/rendszergazda\/wp-json\/wp\/v2\/media\/361"}],"wp:attachment":[{"href":"https:\/\/www.doit.hu\/rendszergazda\/wp-json\/wp\/v2\/media?parent=360"}],"wp:term":[{"taxonomy":"category","embeddable":true,"href":"https:\/\/www.doit.hu\/rendszergazda\/wp-json\/wp\/v2\/categories?post=360"},{"taxonomy":"post_tag","embeddable":true,"href":"https:\/\/www.doit.hu\/rendszergazda\/wp-json\/wp\/v2\/tags?post=360"}],"curies":[{"name":"wp","href":"https:\/\/api.w.org\/{rel}","templated":true}]}}