{"id":310,"date":"2019-04-09T13:48:38","date_gmt":"2019-04-09T13:48:38","guid":{"rendered":"http:\/\/www.doit.hu\/rendszergazda\/?p=310"},"modified":"2019-04-12T09:57:37","modified_gmt":"2019-04-12T09:57:37","slug":"280-hogyan-inditsuk-ujra-az-apple-tv-t","status":"publish","type":"post","link":"https:\/\/www.doit.hu\/rendszergazda\/hogyan-kell\/280-hogyan-inditsuk-ujra-az-apple-tv-t\/","title":{"rendered":"Hogyan ind\u00edtsuk \u00fajra az Apple TV-t?"},"content":{"rendered":"<p><strong>Az \u00faj Apple TV rendszer\u00e9re nem jellemz\u0151 a gyakori fagy\u00e1s, ez\u00e9rt ritk\u00e1n van sz\u00fcks\u00e9g\u00fcnk az eszk\u00f6z \u00fajraind\u00edt\u00e1s\u00e1ra, \u00e1m, ha azt tapasztaln\u00e1nk, hogy valamely alkalmaz\u00e1s nem m\u0171k\u00f6dne megfelel\u0151en, sz\u00fcks\u00e9g lehet az Apple TV \u00fajraind\u00edt\u00e1s\u00e1ra.<\/strong><\/p>\n<p><!--more--><\/p>\n<p><img loading=\"lazy\" decoding=\"async\" class=\"aligncenter size-medium wp-image-311\" src=\"http:\/\/www.doit.hu\/rendszergazda\/wp-content\/uploads\/2019\/04\/apple-tv-on-tv-300x205.jpg\" alt=\"\" width=\"300\" height=\"205\" srcset=\"https:\/\/www.doit.hu\/rendszergazda\/wp-content\/uploads\/2019\/04\/apple-tv-on-tv-300x205.jpg 300w, https:\/\/www.doit.hu\/rendszergazda\/wp-content\/uploads\/2019\/04\/apple-tv-on-tv-450x307.jpg 450w, https:\/\/www.doit.hu\/rendszergazda\/wp-content\/uploads\/2019\/04\/apple-tv-on-tv.jpg 610w\" sizes=\"auto, (max-width: 300px) 100vw, 300px\" \/><\/p>\n<p>Ezt a funkci\u00f3t a rendszerbe\u00e1ll\u00edt\u00e1sok men\u00fcben tal\u00e1ljuk.<br \/>\nAz \u00fajraind\u00edt\u00e1s el\u00e9g gyorsan v\u00e9gbemegy, kevesebb mint egy perc alatt, \u00edgy nem kell sok\u00e1ig v\u00e1runk, hogy \u00fajra haszn\u00e1lhassuk a k\u00e9sz\u00fcl\u00e9ket.<\/p>\n<p>&nbsp;<\/p>\n<p><strong>Apple TV \u00fajraind\u00edt\u00e1sa(4. gener\u00e1ci\u00f3s Apple TV-n\u00e9l):<\/strong><\/p>\n<p>1. Nyissuk meg a Be\u00e1ll\u00edt\u00e1s\/&#8221;Settings&#8221; opci\u00f3t, majd v\u00e1lasszuk a Rendszer\/&#8221;System&#8221; lehet\u0151s\u00e9get.<br \/>\n2. Az alul tal\u00e1lhat\u00f3 Karbantart\u00e1s\/&#8221;Maintenance&#8221; opci\u00f3n bel\u00fcl az \u00fajraind\u00edt\u00e1s\/&#8221;Restart&#8221; lehet\u0151s\u00e9get v\u00e1lasztva, Apple TV-nk gyorsan \u00fajra indul.<\/p>\n<p><img loading=\"lazy\" decoding=\"async\" class=\"aligncenter size-medium wp-image-312\" src=\"http:\/\/www.doit.hu\/rendszergazda\/wp-content\/uploads\/2019\/04\/restart-apple-tv-300x205.jpg\" alt=\"\" width=\"300\" height=\"205\" srcset=\"https:\/\/www.doit.hu\/rendszergazda\/wp-content\/uploads\/2019\/04\/restart-apple-tv-300x205.jpg 300w, https:\/\/www.doit.hu\/rendszergazda\/wp-content\/uploads\/2019\/04\/restart-apple-tv-450x307.jpg 450w, https:\/\/www.doit.hu\/rendszergazda\/wp-content\/uploads\/2019\/04\/restart-apple-tv.jpg 610w\" sizes=\"auto, (max-width: 300px) 100vw, 300px\" \/><\/p>\n<p><strong>A r\u00e9gebbi Apple TV modellek (2.,3. gener\u00e1ci\u00f3s) szint\u00e9n \u00fajraind\u00edthat\u00f3ak a be\u00e1ll\u00edt\u00e1s men\u00fcb\u0151l, igaz kicsit m\u00e1sk\u00e9ppen:<\/strong><\/p>\n<p>&#8211; be\u00e1ll\u00edt\u00e1sok men\u00fcben v\u00e1lasszuk az \u00c1ltal\u00e1nos\/&#8221;General&#8221; opci\u00f3n bel\u00fcl az \u00fajraind\u00edt\u00e1s\/&#8221;Restart&#8221; lehet\u0151s\u00e9get.<\/p>\n<p><strong>De mit tegy\u00fcnk, ha a felhaszn\u00e1l\u00f3, vagy a rendszergazda nem j\u00e1rna sikerrel a fent eml\u00edtett m\u00f3dszerrel?<\/strong><\/p>\n<p>Nos, k\u00e9t lehet\u0151s\u00e9g\u00fcnk maradt, az egyik <strong>a t\u00e1vir\u00e1ny\u00edt\u00f3 gombjai<\/strong>\u00a0seg\u00edts\u00e9g\u00e9vel t\u00f6rt\u00e9nik, a m\u00e1sik pedig a j\u00f3 \u00f6reg\u00a0<strong>&#8222;h\u00fazzuk ki a konnektorb\u00f3l az eszk\u00f6zt&#8221;<\/strong>\u00a0m\u00f3dszerrel.<\/p>\n<p>&nbsp;<\/p>\n<p><strong>Apple TV \u00fajraind\u00edt\u00e1sa t\u00e1vvez\u00e9rl\u0151n:<\/strong><\/p>\n<p><img loading=\"lazy\" decoding=\"async\" class=\"aligncenter size-medium wp-image-313\" src=\"http:\/\/www.doit.hu\/rendszergazda\/wp-content\/uploads\/2019\/04\/apple-tv-hardware-300x252.jpg\" alt=\"\" width=\"300\" height=\"252\" srcset=\"https:\/\/www.doit.hu\/rendszergazda\/wp-content\/uploads\/2019\/04\/apple-tv-hardware-300x252.jpg 300w, https:\/\/www.doit.hu\/rendszergazda\/wp-content\/uploads\/2019\/04\/apple-tv-hardware-450x377.jpg 450w, https:\/\/www.doit.hu\/rendszergazda\/wp-content\/uploads\/2019\/04\/apple-tv-hardware.jpg 508w\" sizes=\"auto, (max-width: 300px) 100vw, 300px\" \/><\/p>\n<p>Az \u00faj Siri Apple TV t\u00e1vir\u00e1ny\u00edt\u00f3n a men\u00fc \u00e9s a home gombot egyidej\u0171leg tartsuk lenyomva, addig, am\u00edg villogni nem kezd az Apple TV LED visszajelz\u0151je, jelezve fel\u00e9nk, hogy az \u00fajraind\u00edt\u00e1s folyamatban van.<br \/>\nAmennyiben Apple TV-nk oly m\u00e9rt\u00e9kben lefagyott, hogy nem \u00e9rn\u00e9nk el a rendszerbe\u00e1ll\u00edt\u00e1sokat \u00e9s a t\u00e1vvez\u00e9rl\u0151n t\u00f6rt\u00e9n\u0151 \u00fajraind\u00edt\u00e1si k\u00eds\u00e9rlet sem v\u00e1lt sikerrel, egyszer\u0171en h\u00fazzuk ki az Apple TV-t a konnektorb\u00f3l, majd \u00fajra csatlakoztassuk.<\/p>\n<p>Forr\u00e1s:\u00a0<a href=\"http:\/\/osxdaily.com\/2015\/12\/27\/restart-apple-tv\/?utm_source=feedburner&amp;utm_medium=email&amp;utm_campaign=Feed%3A+osxdaily+%28OS+X+Daily%29\">OS X Daily<\/a>.<a href=\"http:\/\/osxdaily.com\/2015\/12\/27\/restart-apple-tv\/?utm_source=feedburner&amp;utm_medium=email&amp;utm_campaign=Feed%3A+osxdaily+%28OS+X+Daily%29\"><br \/>\n<\/a><\/p>\n<p>&nbsp;<\/p>\n<p>Tov\u00e1bbi tan\u00e1csok\u00e9rt keresse fel\u00a0<strong><a href=\"https:\/\/www.doit.hu\/rendszergazda\/index.php\/hogyan-kell\">rendszergazda blogunkat<\/a><\/strong>!<\/p>\n<p>&nbsp;<\/p>\n","protected":false},"excerpt":{"rendered":"<p>Az \u00faj Apple TV rendszer\u00e9re nem jellemz\u0151 a gyakori fagy\u00e1s, ez\u00e9rt ritk\u00e1n van sz\u00fcks\u00e9g\u00fcnk az eszk\u00f6z \u00fajraind\u00edt\u00e1s\u00e1ra, \u00e1m, ha azt tapasztaln\u00e1nk, hogy valamely alkalmaz\u00e1s nem m\u0171k\u00f6dne megfelel\u0151en, sz\u00fcks\u00e9g lehet az Apple TV \u00fajraind\u00edt\u00e1s\u00e1ra.<\/p>\n","protected":false},"author":7,"featured_media":311,"comment_status":"closed","ping_status":"closed","sticky":false,"template":"","format":"standard","meta":{"footnotes":""},"categories":[2],"tags":[215,231,232,233],"class_list":["post-310","post","type-post","status-publish","format-standard","has-post-thumbnail","hentry","category-hogyan-kell","tag-apple-tv","tag-apple-tv-ujrainditas","tag-ujrainditas","tag-ujrainditas-tavvezerlon"],"yoast_head":"<!-- This site is optimized with the Yoast SEO plugin v27.4 - https:\/\/yoast.com\/product\/yoast-seo-wordpress\/ -->\n<title>Hogyan ind\u00edtsuk \u00fajra az Apple TV-t?<\/title>\n<meta name=\"description\" content=\"Az \u00faj Apple TV rendszer\u00e9re nem jellemz\u0151 a gyakori fagy\u00e1s, ez\u00e9rt ritk\u00e1n van sz\u00fcks\u00e9g\u00fcnk az eszk\u00f6z \u00fajraind\u00edt\u00e1s\u00e1ra, \u00e1m, ha azt tapasztaln\u00e1nk, hogy valamely alkalmaz\u00e1s nem m\u0171k\u00f6dne megfelel\u0151en, sz\u00fcks\u00e9g lehet az Apple TV \u00fajraind\u00edt\u00e1s\u00e1ra.\" \/>\n<meta name=\"robots\" content=\"index, follow, max-snippet:-1, max-image-preview:large, max-video-preview:-1\" \/>\n<link rel=\"canonical\" href=\"https:\/\/www.doit.hu\/rendszergazda\/hogyan-kell\/280-hogyan-inditsuk-ujra-az-apple-tv-t\/\" \/>\n<meta property=\"og:locale\" content=\"hu_HU\" \/>\n<meta property=\"og:type\" content=\"article\" \/>\n<meta property=\"og:title\" content=\"Hogyan ind\u00edtsuk \u00fajra az Apple TV-t?\" \/>\n<meta property=\"og:description\" content=\"Az \u00faj Apple TV rendszer\u00e9re nem jellemz\u0151 a gyakori fagy\u00e1s, ez\u00e9rt ritk\u00e1n van sz\u00fcks\u00e9g\u00fcnk az eszk\u00f6z \u00fajraind\u00edt\u00e1s\u00e1ra, \u00e1m, ha azt tapasztaln\u00e1nk, hogy valamely alkalmaz\u00e1s nem m\u0171k\u00f6dne megfelel\u0151en, sz\u00fcks\u00e9g lehet az Apple TV \u00fajraind\u00edt\u00e1s\u00e1ra.\" \/>\n<meta property=\"og:url\" content=\"https:\/\/www.doit.hu\/rendszergazda\/hogyan-kell\/280-hogyan-inditsuk-ujra-az-apple-tv-t\/\" \/>\n<meta property=\"og:site_name\" content=\"Rendszergazda szolg\u00e1ltat\u00e1s\" \/>\n<meta property=\"article:publisher\" content=\"https:\/\/www.facebook.com\/DoccaZrt\" \/>\n<meta property=\"article:published_time\" content=\"2019-04-09T13:48:38+00:00\" \/>\n<meta property=\"article:modified_time\" content=\"2019-04-12T09:57:37+00:00\" \/>\n<meta property=\"og:image\" content=\"https:\/\/www.doit.hu\/rendszergazda\/wp-content\/uploads\/2019\/04\/apple-tv-on-tv.jpg\" \/>\n\t<meta property=\"og:image:width\" content=\"610\" \/>\n\t<meta property=\"og:image:height\" content=\"416\" \/>\n\t<meta property=\"og:image:type\" content=\"image\/jpeg\" \/>\n<meta name=\"author\" content=\"Docca Zrt.\" \/>\n<meta name=\"twitter:card\" content=\"summary_large_image\" \/>\n<meta name=\"twitter:label1\" content=\"Szerz\u0151:\" \/>\n\t<meta name=\"twitter:data1\" content=\"Docca Zrt.\" \/>\n\t<meta name=\"twitter:label2\" content=\"Becs\u00fclt olvas\u00e1si id\u0151\" \/>\n\t<meta name=\"twitter:data2\" content=\"2 perc\" \/>\n<script type=\"application\/ld+json\" class=\"yoast-schema-graph\">{\"@context\":\"https:\\\/\\\/schema.org\",\"@graph\":[{\"@type\":\"Article\",\"@id\":\"https:\\\/\\\/www.doit.hu\\\/rendszergazda\\\/hogyan-kell\\\/280-hogyan-inditsuk-ujra-az-apple-tv-t\\\/#article\",\"isPartOf\":{\"@id\":\"https:\\\/\\\/www.doit.hu\\\/rendszergazda\\\/hogyan-kell\\\/280-hogyan-inditsuk-ujra-az-apple-tv-t\\\/\"},\"author\":{\"name\":\"Docca Zrt.\",\"@id\":\"https:\\\/\\\/www.doit.hu\\\/rendszergazda\\\/#\\\/schema\\\/person\\\/ac60b29300a3d65825707a7bcd47aa7f\"},\"headline\":\"Hogyan ind\u00edtsuk \u00fajra az Apple TV-t?\",\"datePublished\":\"2019-04-09T13:48:38+00:00\",\"dateModified\":\"2019-04-12T09:57:37+00:00\",\"mainEntityOfPage\":{\"@id\":\"https:\\\/\\\/www.doit.hu\\\/rendszergazda\\\/hogyan-kell\\\/280-hogyan-inditsuk-ujra-az-apple-tv-t\\\/\"},\"wordCount\":394,\"publisher\":{\"@id\":\"https:\\\/\\\/www.doit.hu\\\/rendszergazda\\\/#organization\"},\"image\":{\"@id\":\"https:\\\/\\\/www.doit.hu\\\/rendszergazda\\\/hogyan-kell\\\/280-hogyan-inditsuk-ujra-az-apple-tv-t\\\/#primaryimage\"},\"thumbnailUrl\":\"https:\\\/\\\/www.doit.hu\\\/rendszergazda\\\/wp-content\\\/uploads\\\/2019\\\/04\\\/apple-tv-on-tv.jpg\",\"keywords\":[\"apple tv\",\"apple tv \u00fajraind\u00edt\u00e1s\",\"\u00fajraind\u00edt\u00e1s\",\"\u00fajraind\u00edt\u00e1s t\u00e1vvez\u00e9rl\u0151n\"],\"articleSection\":[\"Hogyan kell\"],\"inLanguage\":\"hu\"},{\"@type\":\"WebPage\",\"@id\":\"https:\\\/\\\/www.doit.hu\\\/rendszergazda\\\/hogyan-kell\\\/280-hogyan-inditsuk-ujra-az-apple-tv-t\\\/\",\"url\":\"https:\\\/\\\/www.doit.hu\\\/rendszergazda\\\/hogyan-kell\\\/280-hogyan-inditsuk-ujra-az-apple-tv-t\\\/\",\"name\":\"Hogyan ind\u00edtsuk \u00fajra az Apple TV-t?\",\"isPartOf\":{\"@id\":\"https:\\\/\\\/www.doit.hu\\\/rendszergazda\\\/#website\"},\"primaryImageOfPage\":{\"@id\":\"https:\\\/\\\/www.doit.hu\\\/rendszergazda\\\/hogyan-kell\\\/280-hogyan-inditsuk-ujra-az-apple-tv-t\\\/#primaryimage\"},\"image\":{\"@id\":\"https:\\\/\\\/www.doit.hu\\\/rendszergazda\\\/hogyan-kell\\\/280-hogyan-inditsuk-ujra-az-apple-tv-t\\\/#primaryimage\"},\"thumbnailUrl\":\"https:\\\/\\\/www.doit.hu\\\/rendszergazda\\\/wp-content\\\/uploads\\\/2019\\\/04\\\/apple-tv-on-tv.jpg\",\"datePublished\":\"2019-04-09T13:48:38+00:00\",\"dateModified\":\"2019-04-12T09:57:37+00:00\",\"description\":\"Az \u00faj Apple TV rendszer\u00e9re nem jellemz\u0151 a gyakori fagy\u00e1s, ez\u00e9rt ritk\u00e1n van sz\u00fcks\u00e9g\u00fcnk az eszk\u00f6z \u00fajraind\u00edt\u00e1s\u00e1ra, \u00e1m, ha azt tapasztaln\u00e1nk, hogy valamely alkalmaz\u00e1s nem m\u0171k\u00f6dne megfelel\u0151en, sz\u00fcks\u00e9g lehet az Apple TV \u00fajraind\u00edt\u00e1s\u00e1ra.\",\"breadcrumb\":{\"@id\":\"https:\\\/\\\/www.doit.hu\\\/rendszergazda\\\/hogyan-kell\\\/280-hogyan-inditsuk-ujra-az-apple-tv-t\\\/#breadcrumb\"},\"inLanguage\":\"hu\",\"potentialAction\":[{\"@type\":\"ReadAction\",\"target\":[\"https:\\\/\\\/www.doit.hu\\\/rendszergazda\\\/hogyan-kell\\\/280-hogyan-inditsuk-ujra-az-apple-tv-t\\\/\"]}]},{\"@type\":\"ImageObject\",\"inLanguage\":\"hu\",\"@id\":\"https:\\\/\\\/www.doit.hu\\\/rendszergazda\\\/hogyan-kell\\\/280-hogyan-inditsuk-ujra-az-apple-tv-t\\\/#primaryimage\",\"url\":\"https:\\\/\\\/www.doit.hu\\\/rendszergazda\\\/wp-content\\\/uploads\\\/2019\\\/04\\\/apple-tv-on-tv.jpg\",\"contentUrl\":\"https:\\\/\\\/www.doit.hu\\\/rendszergazda\\\/wp-content\\\/uploads\\\/2019\\\/04\\\/apple-tv-on-tv.jpg\",\"width\":610,\"height\":416},{\"@type\":\"BreadcrumbList\",\"@id\":\"https:\\\/\\\/www.doit.hu\\\/rendszergazda\\\/hogyan-kell\\\/280-hogyan-inditsuk-ujra-az-apple-tv-t\\\/#breadcrumb\",\"itemListElement\":[{\"@type\":\"ListItem\",\"position\":1,\"name\":\"Home\",\"item\":\"https:\\\/\\\/www.doit.hu\\\/rendszergazda\\\/fooldal-flexi\\\/\"},{\"@type\":\"ListItem\",\"position\":2,\"name\":\"Hogyan ind\u00edtsuk \u00fajra az Apple TV-t?\"}]},{\"@type\":\"WebSite\",\"@id\":\"https:\\\/\\\/www.doit.hu\\\/rendszergazda\\\/#website\",\"url\":\"https:\\\/\\\/www.doit.hu\\\/rendszergazda\\\/\",\"name\":\"Rendszergazda szolg\u00e1ltat\u00e1s\",\"description\":\"\",\"publisher\":{\"@id\":\"https:\\\/\\\/www.doit.hu\\\/rendszergazda\\\/#organization\"},\"potentialAction\":[{\"@type\":\"SearchAction\",\"target\":{\"@type\":\"EntryPoint\",\"urlTemplate\":\"https:\\\/\\\/www.doit.hu\\\/rendszergazda\\\/?s={search_term_string}\"},\"query-input\":{\"@type\":\"PropertyValueSpecification\",\"valueRequired\":true,\"valueName\":\"search_term_string\"}}],\"inLanguage\":\"hu\"},{\"@type\":\"Organization\",\"@id\":\"https:\\\/\\\/www.doit.hu\\\/rendszergazda\\\/#organization\",\"name\":\"DOCCA Zrt.\",\"url\":\"https:\\\/\\\/www.doit.hu\\\/rendszergazda\\\/\",\"logo\":{\"@type\":\"ImageObject\",\"inLanguage\":\"hu\",\"@id\":\"https:\\\/\\\/www.doit.hu\\\/rendszergazda\\\/#\\\/schema\\\/logo\\\/image\\\/\",\"url\":\"https:\\\/\\\/www.doit.hu\\\/rendszergazda\\\/wp-content\\\/uploads\\\/2019\\\/04\\\/logo.png\",\"contentUrl\":\"https:\\\/\\\/www.doit.hu\\\/rendszergazda\\\/wp-content\\\/uploads\\\/2019\\\/04\\\/logo.png\",\"width\":263,\"height\":82,\"caption\":\"DOCCA Zrt.\"},\"image\":{\"@id\":\"https:\\\/\\\/www.doit.hu\\\/rendszergazda\\\/#\\\/schema\\\/logo\\\/image\\\/\"},\"sameAs\":[\"https:\\\/\\\/www.facebook.com\\\/DoccaZrt\"]},{\"@type\":\"Person\",\"@id\":\"https:\\\/\\\/www.doit.hu\\\/rendszergazda\\\/#\\\/schema\\\/person\\\/ac60b29300a3d65825707a7bcd47aa7f\",\"name\":\"Docca Zrt.\",\"image\":{\"@type\":\"ImageObject\",\"inLanguage\":\"hu\",\"@id\":\"https:\\\/\\\/secure.gravatar.com\\\/avatar\\\/7e3762308ab47147572d4e9f68e02b65139742dfdbb8f7a7314f3c5064a3dbe7?s=96&d=mm&r=g\",\"url\":\"https:\\\/\\\/secure.gravatar.com\\\/avatar\\\/7e3762308ab47147572d4e9f68e02b65139742dfdbb8f7a7314f3c5064a3dbe7?s=96&d=mm&r=g\",\"contentUrl\":\"https:\\\/\\\/secure.gravatar.com\\\/avatar\\\/7e3762308ab47147572d4e9f68e02b65139742dfdbb8f7a7314f3c5064a3dbe7?s=96&d=mm&r=g\",\"caption\":\"Docca Zrt.\"},\"url\":\"https:\\\/\\\/www.doit.hu\\\/rendszergazda\\\/author\\\/docca\\\/\"}]}<\/script>\n<!-- \/ Yoast SEO plugin. -->","yoast_head_json":{"title":"Hogyan ind\u00edtsuk \u00fajra az Apple TV-t?","description":"Az \u00faj Apple TV rendszer\u00e9re nem jellemz\u0151 a gyakori fagy\u00e1s, ez\u00e9rt ritk\u00e1n van sz\u00fcks\u00e9g\u00fcnk az eszk\u00f6z \u00fajraind\u00edt\u00e1s\u00e1ra, \u00e1m, ha azt tapasztaln\u00e1nk, hogy valamely alkalmaz\u00e1s nem m\u0171k\u00f6dne megfelel\u0151en, sz\u00fcks\u00e9g lehet az Apple TV \u00fajraind\u00edt\u00e1s\u00e1ra.","robots":{"index":"index","follow":"follow","max-snippet":"max-snippet:-1","max-image-preview":"max-image-preview:large","max-video-preview":"max-video-preview:-1"},"canonical":"https:\/\/www.doit.hu\/rendszergazda\/hogyan-kell\/280-hogyan-inditsuk-ujra-az-apple-tv-t\/","og_locale":"hu_HU","og_type":"article","og_title":"Hogyan ind\u00edtsuk \u00fajra az Apple TV-t?","og_description":"Az \u00faj Apple TV rendszer\u00e9re nem jellemz\u0151 a gyakori fagy\u00e1s, ez\u00e9rt ritk\u00e1n van sz\u00fcks\u00e9g\u00fcnk az eszk\u00f6z \u00fajraind\u00edt\u00e1s\u00e1ra, \u00e1m, ha azt tapasztaln\u00e1nk, hogy valamely alkalmaz\u00e1s nem m\u0171k\u00f6dne megfelel\u0151en, sz\u00fcks\u00e9g lehet az Apple TV \u00fajraind\u00edt\u00e1s\u00e1ra.","og_url":"https:\/\/www.doit.hu\/rendszergazda\/hogyan-kell\/280-hogyan-inditsuk-ujra-az-apple-tv-t\/","og_site_name":"Rendszergazda szolg\u00e1ltat\u00e1s","article_publisher":"https:\/\/www.facebook.com\/DoccaZrt","article_published_time":"2019-04-09T13:48:38+00:00","article_modified_time":"2019-04-12T09:57:37+00:00","og_image":[{"width":610,"height":416,"url":"https:\/\/www.doit.hu\/rendszergazda\/wp-content\/uploads\/2019\/04\/apple-tv-on-tv.jpg","type":"image\/jpeg"}],"author":"Docca Zrt.","twitter_card":"summary_large_image","twitter_misc":{"Szerz\u0151:":"Docca Zrt.","Becs\u00fclt olvas\u00e1si id\u0151":"2 perc"},"schema":{"@context":"https:\/\/schema.org","@graph":[{"@type":"Article","@id":"https:\/\/www.doit.hu\/rendszergazda\/hogyan-kell\/280-hogyan-inditsuk-ujra-az-apple-tv-t\/#article","isPartOf":{"@id":"https:\/\/www.doit.hu\/rendszergazda\/hogyan-kell\/280-hogyan-inditsuk-ujra-az-apple-tv-t\/"},"author":{"name":"Docca Zrt.","@id":"https:\/\/www.doit.hu\/rendszergazda\/#\/schema\/person\/ac60b29300a3d65825707a7bcd47aa7f"},"headline":"Hogyan ind\u00edtsuk \u00fajra az Apple TV-t?","datePublished":"2019-04-09T13:48:38+00:00","dateModified":"2019-04-12T09:57:37+00:00","mainEntityOfPage":{"@id":"https:\/\/www.doit.hu\/rendszergazda\/hogyan-kell\/280-hogyan-inditsuk-ujra-az-apple-tv-t\/"},"wordCount":394,"publisher":{"@id":"https:\/\/www.doit.hu\/rendszergazda\/#organization"},"image":{"@id":"https:\/\/www.doit.hu\/rendszergazda\/hogyan-kell\/280-hogyan-inditsuk-ujra-az-apple-tv-t\/#primaryimage"},"thumbnailUrl":"https:\/\/www.doit.hu\/rendszergazda\/wp-content\/uploads\/2019\/04\/apple-tv-on-tv.jpg","keywords":["apple tv","apple tv \u00fajraind\u00edt\u00e1s","\u00fajraind\u00edt\u00e1s","\u00fajraind\u00edt\u00e1s t\u00e1vvez\u00e9rl\u0151n"],"articleSection":["Hogyan kell"],"inLanguage":"hu"},{"@type":"WebPage","@id":"https:\/\/www.doit.hu\/rendszergazda\/hogyan-kell\/280-hogyan-inditsuk-ujra-az-apple-tv-t\/","url":"https:\/\/www.doit.hu\/rendszergazda\/hogyan-kell\/280-hogyan-inditsuk-ujra-az-apple-tv-t\/","name":"Hogyan ind\u00edtsuk \u00fajra az Apple TV-t?","isPartOf":{"@id":"https:\/\/www.doit.hu\/rendszergazda\/#website"},"primaryImageOfPage":{"@id":"https:\/\/www.doit.hu\/rendszergazda\/hogyan-kell\/280-hogyan-inditsuk-ujra-az-apple-tv-t\/#primaryimage"},"image":{"@id":"https:\/\/www.doit.hu\/rendszergazda\/hogyan-kell\/280-hogyan-inditsuk-ujra-az-apple-tv-t\/#primaryimage"},"thumbnailUrl":"https:\/\/www.doit.hu\/rendszergazda\/wp-content\/uploads\/2019\/04\/apple-tv-on-tv.jpg","datePublished":"2019-04-09T13:48:38+00:00","dateModified":"2019-04-12T09:57:37+00:00","description":"Az \u00faj Apple TV rendszer\u00e9re nem jellemz\u0151 a gyakori fagy\u00e1s, ez\u00e9rt ritk\u00e1n van sz\u00fcks\u00e9g\u00fcnk az eszk\u00f6z \u00fajraind\u00edt\u00e1s\u00e1ra, \u00e1m, ha azt tapasztaln\u00e1nk, hogy valamely alkalmaz\u00e1s nem m\u0171k\u00f6dne megfelel\u0151en, sz\u00fcks\u00e9g lehet az Apple TV \u00fajraind\u00edt\u00e1s\u00e1ra.","breadcrumb":{"@id":"https:\/\/www.doit.hu\/rendszergazda\/hogyan-kell\/280-hogyan-inditsuk-ujra-az-apple-tv-t\/#breadcrumb"},"inLanguage":"hu","potentialAction":[{"@type":"ReadAction","target":["https:\/\/www.doit.hu\/rendszergazda\/hogyan-kell\/280-hogyan-inditsuk-ujra-az-apple-tv-t\/"]}]},{"@type":"ImageObject","inLanguage":"hu","@id":"https:\/\/www.doit.hu\/rendszergazda\/hogyan-kell\/280-hogyan-inditsuk-ujra-az-apple-tv-t\/#primaryimage","url":"https:\/\/www.doit.hu\/rendszergazda\/wp-content\/uploads\/2019\/04\/apple-tv-on-tv.jpg","contentUrl":"https:\/\/www.doit.hu\/rendszergazda\/wp-content\/uploads\/2019\/04\/apple-tv-on-tv.jpg","width":610,"height":416},{"@type":"BreadcrumbList","@id":"https:\/\/www.doit.hu\/rendszergazda\/hogyan-kell\/280-hogyan-inditsuk-ujra-az-apple-tv-t\/#breadcrumb","itemListElement":[{"@type":"ListItem","position":1,"name":"Home","item":"https:\/\/www.doit.hu\/rendszergazda\/fooldal-flexi\/"},{"@type":"ListItem","position":2,"name":"Hogyan ind\u00edtsuk \u00fajra az Apple TV-t?"}]},{"@type":"WebSite","@id":"https:\/\/www.doit.hu\/rendszergazda\/#website","url":"https:\/\/www.doit.hu\/rendszergazda\/","name":"Rendszergazda szolg\u00e1ltat\u00e1s","description":"","publisher":{"@id":"https:\/\/www.doit.hu\/rendszergazda\/#organization"},"potentialAction":[{"@type":"SearchAction","target":{"@type":"EntryPoint","urlTemplate":"https:\/\/www.doit.hu\/rendszergazda\/?s={search_term_string}"},"query-input":{"@type":"PropertyValueSpecification","valueRequired":true,"valueName":"search_term_string"}}],"inLanguage":"hu"},{"@type":"Organization","@id":"https:\/\/www.doit.hu\/rendszergazda\/#organization","name":"DOCCA Zrt.","url":"https:\/\/www.doit.hu\/rendszergazda\/","logo":{"@type":"ImageObject","inLanguage":"hu","@id":"https:\/\/www.doit.hu\/rendszergazda\/#\/schema\/logo\/image\/","url":"https:\/\/www.doit.hu\/rendszergazda\/wp-content\/uploads\/2019\/04\/logo.png","contentUrl":"https:\/\/www.doit.hu\/rendszergazda\/wp-content\/uploads\/2019\/04\/logo.png","width":263,"height":82,"caption":"DOCCA Zrt."},"image":{"@id":"https:\/\/www.doit.hu\/rendszergazda\/#\/schema\/logo\/image\/"},"sameAs":["https:\/\/www.facebook.com\/DoccaZrt"]},{"@type":"Person","@id":"https:\/\/www.doit.hu\/rendszergazda\/#\/schema\/person\/ac60b29300a3d65825707a7bcd47aa7f","name":"Docca Zrt.","image":{"@type":"ImageObject","inLanguage":"hu","@id":"https:\/\/secure.gravatar.com\/avatar\/7e3762308ab47147572d4e9f68e02b65139742dfdbb8f7a7314f3c5064a3dbe7?s=96&d=mm&r=g","url":"https:\/\/secure.gravatar.com\/avatar\/7e3762308ab47147572d4e9f68e02b65139742dfdbb8f7a7314f3c5064a3dbe7?s=96&d=mm&r=g","contentUrl":"https:\/\/secure.gravatar.com\/avatar\/7e3762308ab47147572d4e9f68e02b65139742dfdbb8f7a7314f3c5064a3dbe7?s=96&d=mm&r=g","caption":"Docca Zrt."},"url":"https:\/\/www.doit.hu\/rendszergazda\/author\/docca\/"}]}},"_links":{"self":[{"href":"https:\/\/www.doit.hu\/rendszergazda\/wp-json\/wp\/v2\/posts\/310","targetHints":{"allow":["GET"]}}],"collection":[{"href":"https:\/\/www.doit.hu\/rendszergazda\/wp-json\/wp\/v2\/posts"}],"about":[{"href":"https:\/\/www.doit.hu\/rendszergazda\/wp-json\/wp\/v2\/types\/post"}],"author":[{"embeddable":true,"href":"https:\/\/www.doit.hu\/rendszergazda\/wp-json\/wp\/v2\/users\/7"}],"replies":[{"embeddable":true,"href":"https:\/\/www.doit.hu\/rendszergazda\/wp-json\/wp\/v2\/comments?post=310"}],"version-history":[{"count":1,"href":"https:\/\/www.doit.hu\/rendszergazda\/wp-json\/wp\/v2\/posts\/310\/revisions"}],"predecessor-version":[{"id":314,"href":"https:\/\/www.doit.hu\/rendszergazda\/wp-json\/wp\/v2\/posts\/310\/revisions\/314"}],"wp:featuredmedia":[{"embeddable":true,"href":"https:\/\/www.doit.hu\/rendszergazda\/wp-json\/wp\/v2\/media\/311"}],"wp:attachment":[{"href":"https:\/\/www.doit.hu\/rendszergazda\/wp-json\/wp\/v2\/media?parent=310"}],"wp:term":[{"taxonomy":"category","embeddable":true,"href":"https:\/\/www.doit.hu\/rendszergazda\/wp-json\/wp\/v2\/categories?post=310"},{"taxonomy":"post_tag","embeddable":true,"href":"https:\/\/www.doit.hu\/rendszergazda\/wp-json\/wp\/v2\/tags?post=310"}],"curies":[{"name":"wp","href":"https:\/\/api.w.org\/{rel}","templated":true}]}}