{"id":289,"date":"2019-04-09T13:03:33","date_gmt":"2019-04-09T13:03:33","guid":{"rendered":"http:\/\/www.doit.hu\/rendszergazda\/?p=289"},"modified":"2019-04-12T09:58:16","modified_gmt":"2019-04-12T09:58:16","slug":"286-hogyan-kapcsoljuk-ki-apple-tv-eszkozunket","status":"publish","type":"post","link":"https:\/\/www.doit.hu\/rendszergazda\/hogyan-kell\/286-hogyan-kapcsoljuk-ki-apple-tv-eszkozunket\/","title":{"rendered":"Hogyan kapcsoljuk ki Apple Tv eszk\u00f6z\u00fcnket"},"content":{"rendered":"<p><strong>\u00c9pp nem haszn\u00e1ljuk Apple TV-nket \u00e9s szeretn\u00e9nk kikapcsolni?<\/strong><!--more--><img loading=\"lazy\" decoding=\"async\" class=\"aligncenter size-full wp-image-290\" src=\"http:\/\/www.doit.hu\/rendszergazda\/wp-content\/uploads\/2019\/04\/turning-off-apple-tv-610x396.jpg\" alt=\"\" width=\"610\" height=\"396\" srcset=\"https:\/\/www.doit.hu\/rendszergazda\/wp-content\/uploads\/2019\/04\/turning-off-apple-tv-610x396.jpg 610w, https:\/\/www.doit.hu\/rendszergazda\/wp-content\/uploads\/2019\/04\/turning-off-apple-tv-610x396-300x195.jpg 300w, https:\/\/www.doit.hu\/rendszergazda\/wp-content\/uploads\/2019\/04\/turning-off-apple-tv-610x396-450x292.jpg 450w\" sizes=\"auto, (max-width: 610px) 100vw, 610px\" \/><\/p>\n<p>Nos tal\u00e1n m\u00e1r \u00e9szrevett\u00fck, de Apple TV-nk nem rendelkezik be\/kikapcsol\u00f3 gombbal, mint azt megszokhattunk m\u00e1s k\u00e9sz\u00fcl\u00e9keken.<br \/>\nAhelyett, hogy t\u00e9nylegesen kikapcsolhatn\u00e1nk, csak alv\u00f3 m\u00f3dba ker\u00fcl, mindaddig, m\u00edg \u00fajra nem kezdj\u00fck haszn\u00e1lni a k\u00e9sz\u00fcl\u00e9ket.<br \/>\nAlv\u00f3 m\u00f3dba l\u00e9p\u00e9s automatikusan is megt\u00f6rt\u00e9nik bizonyos id\u0151 eltelt\u00e9vel, ha k\u00e9sz\u00fcl\u00e9k\u00fcnket nem haszn\u00e1ljuk.<\/p>\n<p><strong>Nos l\u00e1ssuk, hogyan kacsoljuk ki manu\u00e1lisan Apple TV-nket.<\/strong><\/p>\n<p><strong>4. gener\u00e1ci\u00f3s Apple TV kikapcsol\u00e1sa, t\u00e1vir\u00e1ny\u00edt\u00f3 seg\u00edts\u00e9g\u00e9vel:<\/strong><\/p>\n<p>1. Tartsuk lenyomva a &#8222;home&#8221; gombot 5 m\u00e1sodpercig.<br \/>\n2. A megjelen\u0151 k\u00e9perny\u0151n v\u00e1lasszuk a &#8222;Sleep Now&#8221; lehet\u0151s\u00e9get Apple tv-nk kikapcsol\u00e1s\u00e1hoz.<\/p>\n<p><img loading=\"lazy\" decoding=\"async\" class=\"aligncenter wp-image-291 size-medium\" src=\"http:\/\/www.doit.hu\/rendszergazda\/wp-content\/uploads\/2019\/04\/turn-off-apple-tv-499x800-187x300.jpg\" alt=\"\" width=\"187\" height=\"300\" srcset=\"https:\/\/www.doit.hu\/rendszergazda\/wp-content\/uploads\/2019\/04\/turn-off-apple-tv-499x800-187x300.jpg 187w, https:\/\/www.doit.hu\/rendszergazda\/wp-content\/uploads\/2019\/04\/turn-off-apple-tv-499x800-440x705.jpg 440w, https:\/\/www.doit.hu\/rendszergazda\/wp-content\/uploads\/2019\/04\/turn-off-apple-tv-499x800-450x721.jpg 450w, https:\/\/www.doit.hu\/rendszergazda\/wp-content\/uploads\/2019\/04\/turn-off-apple-tv-499x800.jpg 499w\" sizes=\"auto, (max-width: 187px) 100vw, 187px\" \/><\/p>\n<p>Ha \u00fajra haszn\u00e1lni szeretn\u00e9nk Apple TV-nket, csak nyomjuk meg a &#8222;home&#8221; gombot.<\/p>\n<p><strong>Kor\u00e1bbi gener\u00e1ci\u00f3s Apple TV kikapcsol\u00e1sa, t\u00e1vir\u00e1ny\u00edt\u00f3 seg\u00edts\u00e9g\u00e9vel:<\/strong><\/p>\n<p>A kikapcsol\u00e1shoz csak tartsuk lenyomva a &#8222;play\/pause&#8221;\/ lej\u00e1tsz\u00e1s\/pillanatnyi \u00e1llj gombot 5 m\u00e1sodpercig<\/p>\n<p>&nbsp;<\/p>\n<p><strong>Apple TV kikapcsol\u00e1sa a be\u00e1ll\u00edt\u00e1sok men\u00fcb\u0151l:<\/strong><\/p>\n<p>Nyissuk meg a be\u00e1ll\u00edt\u00e1sok men\u00fct majd v\u00e1lasszuk a &#8222;Sleep Now&#8221;\/ alv\u00f3 \u00e1llapotba l\u00e9p\u00e9s lehet\u0151s\u00e9get.<\/p>\n<p>Be\u00e1ll\u00edthatjuk tov\u00e1bb\u00e1, hogy Apple TV-nk mennyi id\u0151 eltelt\u00e9vel l\u00e9pjen automatikusan alv\u00f3 \u00e1llapotba, ehhez v\u00e1lasszuk a Settings-&gt;General-&gt;Sleep after lehet\u0151s\u00e9get.<\/p>\n<p><img loading=\"lazy\" decoding=\"async\" class=\"aligncenter size-full wp-image-292\" src=\"http:\/\/www.doit.hu\/rendszergazda\/wp-content\/uploads\/2019\/04\/turn-off-apple-tv-610x375.jpg\" alt=\"\" width=\"610\" height=\"375\" srcset=\"https:\/\/www.doit.hu\/rendszergazda\/wp-content\/uploads\/2019\/04\/turn-off-apple-tv-610x375.jpg 610w, https:\/\/www.doit.hu\/rendszergazda\/wp-content\/uploads\/2019\/04\/turn-off-apple-tv-610x375-300x184.jpg 300w, https:\/\/www.doit.hu\/rendszergazda\/wp-content\/uploads\/2019\/04\/turn-off-apple-tv-610x375-450x277.jpg 450w\" sizes=\"auto, (max-width: 610px) 100vw, 610px\" \/><\/p>\n<p>Forr\u00e1s:\u00a0<a href=\"http:\/\/osxdaily.com\/2016\/01\/03\/howto-turn-off-apple-tv\/?utm_source=feedburner&amp;utm_medium=email&amp;utm_campaign=Feed%3A+osxd%20aily+%28OS+X+Daily%29\">OS X Daily<\/a>.<a href=\"http:\/\/osxdaily.com\/2016\/01\/03\/howto-turn-off-apple-tv\/?utm_source=feedburner&amp;utm_medium=email&amp;utm_campaign=Feed%3A+osxd\"><br \/>\n<\/a><\/p>\n<p style=\"text-align: center;\">Tov\u00e1bbi tan\u00e1csok\u00e9rt keresse fel\u00a0<strong><a href=\"https:\/\/www.doit.hu\/rendszergazda\/index.php\/hogyan-kell\">rendszergazda blogunkat<\/a><\/strong>!<\/p>\n","protected":false},"excerpt":{"rendered":"<p>\u00c9pp nem haszn\u00e1ljuk Apple TV-nket \u00e9s szeretn\u00e9nk kikapcsolni?<\/p>\n","protected":false},"author":7,"featured_media":290,"comment_status":"closed","ping_status":"closed","sticky":false,"template":"","format":"standard","meta":{"footnotes":""},"categories":[2],"tags":[215,216,217,218],"class_list":["post-289","post","type-post","status-publish","format-standard","has-post-thumbnail","hentry","category-hogyan-kell","tag-apple-tv","tag-apple-tv-kikapcsolas","tag-manualis-kikapcsolas","tag-sleep-now"],"yoast_head":"<!-- This site is optimized with the Yoast SEO plugin v27.4 - https:\/\/yoast.com\/product\/yoast-seo-wordpress\/ -->\n<title>Hogyan kapcsoljuk ki Apple Tv eszk\u00f6z\u00fcnket<\/title>\n<meta name=\"description\" content=\"\u00c9pp nem haszn\u00e1ljuk Apple TV-nket \u00e9s szeretn\u00e9nk kikapcsolni?\" \/>\n<meta name=\"robots\" content=\"index, follow, max-snippet:-1, max-image-preview:large, max-video-preview:-1\" \/>\n<link rel=\"canonical\" href=\"https:\/\/www.doit.hu\/rendszergazda\/hogyan-kell\/286-hogyan-kapcsoljuk-ki-apple-tv-eszkozunket\/\" \/>\n<meta property=\"og:locale\" content=\"hu_HU\" \/>\n<meta property=\"og:type\" content=\"article\" \/>\n<meta property=\"og:title\" content=\"Hogyan kapcsoljuk ki Apple Tv eszk\u00f6z\u00fcnket\" \/>\n<meta property=\"og:description\" content=\"\u00c9pp nem haszn\u00e1ljuk Apple TV-nket \u00e9s szeretn\u00e9nk kikapcsolni?\" \/>\n<meta property=\"og:url\" content=\"https:\/\/www.doit.hu\/rendszergazda\/hogyan-kell\/286-hogyan-kapcsoljuk-ki-apple-tv-eszkozunket\/\" \/>\n<meta property=\"og:site_name\" content=\"Rendszergazda szolg\u00e1ltat\u00e1s\" \/>\n<meta property=\"article:publisher\" content=\"https:\/\/www.facebook.com\/DoccaZrt\" \/>\n<meta property=\"article:published_time\" content=\"2019-04-09T13:03:33+00:00\" \/>\n<meta property=\"article:modified_time\" content=\"2019-04-12T09:58:16+00:00\" \/>\n<meta property=\"og:image\" content=\"https:\/\/www.doit.hu\/rendszergazda\/wp-content\/uploads\/2019\/04\/turning-off-apple-tv-610x396.jpg\" \/>\n\t<meta property=\"og:image:width\" content=\"610\" \/>\n\t<meta property=\"og:image:height\" content=\"396\" \/>\n\t<meta property=\"og:image:type\" content=\"image\/jpeg\" \/>\n<meta name=\"author\" content=\"Docca Zrt.\" \/>\n<meta name=\"twitter:card\" content=\"summary_large_image\" \/>\n<meta name=\"twitter:label1\" content=\"Szerz\u0151:\" \/>\n\t<meta name=\"twitter:data1\" content=\"Docca Zrt.\" \/>\n\t<meta name=\"twitter:label2\" content=\"Becs\u00fclt olvas\u00e1si id\u0151\" \/>\n\t<meta name=\"twitter:data2\" content=\"1 perc\" \/>\n<script type=\"application\/ld+json\" class=\"yoast-schema-graph\">{\"@context\":\"https:\\\/\\\/schema.org\",\"@graph\":[{\"@type\":\"Article\",\"@id\":\"https:\\\/\\\/www.doit.hu\\\/rendszergazda\\\/hogyan-kell\\\/286-hogyan-kapcsoljuk-ki-apple-tv-eszkozunket\\\/#article\",\"isPartOf\":{\"@id\":\"https:\\\/\\\/www.doit.hu\\\/rendszergazda\\\/hogyan-kell\\\/286-hogyan-kapcsoljuk-ki-apple-tv-eszkozunket\\\/\"},\"author\":{\"name\":\"Docca Zrt.\",\"@id\":\"https:\\\/\\\/www.doit.hu\\\/rendszergazda\\\/#\\\/schema\\\/person\\\/ac60b29300a3d65825707a7bcd47aa7f\"},\"headline\":\"Hogyan kapcsoljuk ki Apple Tv eszk\u00f6z\u00fcnket\",\"datePublished\":\"2019-04-09T13:03:33+00:00\",\"dateModified\":\"2019-04-12T09:58:16+00:00\",\"mainEntityOfPage\":{\"@id\":\"https:\\\/\\\/www.doit.hu\\\/rendszergazda\\\/hogyan-kell\\\/286-hogyan-kapcsoljuk-ki-apple-tv-eszkozunket\\\/\"},\"wordCount\":270,\"publisher\":{\"@id\":\"https:\\\/\\\/www.doit.hu\\\/rendszergazda\\\/#organization\"},\"image\":{\"@id\":\"https:\\\/\\\/www.doit.hu\\\/rendszergazda\\\/hogyan-kell\\\/286-hogyan-kapcsoljuk-ki-apple-tv-eszkozunket\\\/#primaryimage\"},\"thumbnailUrl\":\"https:\\\/\\\/www.doit.hu\\\/rendszergazda\\\/wp-content\\\/uploads\\\/2019\\\/04\\\/turning-off-apple-tv-610x396.jpg\",\"keywords\":[\"apple tv\",\"apple tv kikapcsol\u00e1s\",\"manu\u00e1lis kikapcsol\u00e1s\",\"sleep now\"],\"articleSection\":[\"Hogyan kell\"],\"inLanguage\":\"hu\"},{\"@type\":\"WebPage\",\"@id\":\"https:\\\/\\\/www.doit.hu\\\/rendszergazda\\\/hogyan-kell\\\/286-hogyan-kapcsoljuk-ki-apple-tv-eszkozunket\\\/\",\"url\":\"https:\\\/\\\/www.doit.hu\\\/rendszergazda\\\/hogyan-kell\\\/286-hogyan-kapcsoljuk-ki-apple-tv-eszkozunket\\\/\",\"name\":\"Hogyan kapcsoljuk ki Apple Tv eszk\u00f6z\u00fcnket\",\"isPartOf\":{\"@id\":\"https:\\\/\\\/www.doit.hu\\\/rendszergazda\\\/#website\"},\"primaryImageOfPage\":{\"@id\":\"https:\\\/\\\/www.doit.hu\\\/rendszergazda\\\/hogyan-kell\\\/286-hogyan-kapcsoljuk-ki-apple-tv-eszkozunket\\\/#primaryimage\"},\"image\":{\"@id\":\"https:\\\/\\\/www.doit.hu\\\/rendszergazda\\\/hogyan-kell\\\/286-hogyan-kapcsoljuk-ki-apple-tv-eszkozunket\\\/#primaryimage\"},\"thumbnailUrl\":\"https:\\\/\\\/www.doit.hu\\\/rendszergazda\\\/wp-content\\\/uploads\\\/2019\\\/04\\\/turning-off-apple-tv-610x396.jpg\",\"datePublished\":\"2019-04-09T13:03:33+00:00\",\"dateModified\":\"2019-04-12T09:58:16+00:00\",\"description\":\"\u00c9pp nem haszn\u00e1ljuk Apple TV-nket \u00e9s szeretn\u00e9nk kikapcsolni?\",\"breadcrumb\":{\"@id\":\"https:\\\/\\\/www.doit.hu\\\/rendszergazda\\\/hogyan-kell\\\/286-hogyan-kapcsoljuk-ki-apple-tv-eszkozunket\\\/#breadcrumb\"},\"inLanguage\":\"hu\",\"potentialAction\":[{\"@type\":\"ReadAction\",\"target\":[\"https:\\\/\\\/www.doit.hu\\\/rendszergazda\\\/hogyan-kell\\\/286-hogyan-kapcsoljuk-ki-apple-tv-eszkozunket\\\/\"]}]},{\"@type\":\"ImageObject\",\"inLanguage\":\"hu\",\"@id\":\"https:\\\/\\\/www.doit.hu\\\/rendszergazda\\\/hogyan-kell\\\/286-hogyan-kapcsoljuk-ki-apple-tv-eszkozunket\\\/#primaryimage\",\"url\":\"https:\\\/\\\/www.doit.hu\\\/rendszergazda\\\/wp-content\\\/uploads\\\/2019\\\/04\\\/turning-off-apple-tv-610x396.jpg\",\"contentUrl\":\"https:\\\/\\\/www.doit.hu\\\/rendszergazda\\\/wp-content\\\/uploads\\\/2019\\\/04\\\/turning-off-apple-tv-610x396.jpg\",\"width\":610,\"height\":396},{\"@type\":\"BreadcrumbList\",\"@id\":\"https:\\\/\\\/www.doit.hu\\\/rendszergazda\\\/hogyan-kell\\\/286-hogyan-kapcsoljuk-ki-apple-tv-eszkozunket\\\/#breadcrumb\",\"itemListElement\":[{\"@type\":\"ListItem\",\"position\":1,\"name\":\"Home\",\"item\":\"https:\\\/\\\/www.doit.hu\\\/rendszergazda\\\/fooldal-flexi\\\/\"},{\"@type\":\"ListItem\",\"position\":2,\"name\":\"Hogyan kapcsoljuk ki Apple Tv eszk\u00f6z\u00fcnket\"}]},{\"@type\":\"WebSite\",\"@id\":\"https:\\\/\\\/www.doit.hu\\\/rendszergazda\\\/#website\",\"url\":\"https:\\\/\\\/www.doit.hu\\\/rendszergazda\\\/\",\"name\":\"Rendszergazda szolg\u00e1ltat\u00e1s\",\"description\":\"\",\"publisher\":{\"@id\":\"https:\\\/\\\/www.doit.hu\\\/rendszergazda\\\/#organization\"},\"potentialAction\":[{\"@type\":\"SearchAction\",\"target\":{\"@type\":\"EntryPoint\",\"urlTemplate\":\"https:\\\/\\\/www.doit.hu\\\/rendszergazda\\\/?s={search_term_string}\"},\"query-input\":{\"@type\":\"PropertyValueSpecification\",\"valueRequired\":true,\"valueName\":\"search_term_string\"}}],\"inLanguage\":\"hu\"},{\"@type\":\"Organization\",\"@id\":\"https:\\\/\\\/www.doit.hu\\\/rendszergazda\\\/#organization\",\"name\":\"DOCCA Zrt.\",\"url\":\"https:\\\/\\\/www.doit.hu\\\/rendszergazda\\\/\",\"logo\":{\"@type\":\"ImageObject\",\"inLanguage\":\"hu\",\"@id\":\"https:\\\/\\\/www.doit.hu\\\/rendszergazda\\\/#\\\/schema\\\/logo\\\/image\\\/\",\"url\":\"https:\\\/\\\/www.doit.hu\\\/rendszergazda\\\/wp-content\\\/uploads\\\/2019\\\/04\\\/logo.png\",\"contentUrl\":\"https:\\\/\\\/www.doit.hu\\\/rendszergazda\\\/wp-content\\\/uploads\\\/2019\\\/04\\\/logo.png\",\"width\":263,\"height\":82,\"caption\":\"DOCCA Zrt.\"},\"image\":{\"@id\":\"https:\\\/\\\/www.doit.hu\\\/rendszergazda\\\/#\\\/schema\\\/logo\\\/image\\\/\"},\"sameAs\":[\"https:\\\/\\\/www.facebook.com\\\/DoccaZrt\"]},{\"@type\":\"Person\",\"@id\":\"https:\\\/\\\/www.doit.hu\\\/rendszergazda\\\/#\\\/schema\\\/person\\\/ac60b29300a3d65825707a7bcd47aa7f\",\"name\":\"Docca Zrt.\",\"image\":{\"@type\":\"ImageObject\",\"inLanguage\":\"hu\",\"@id\":\"https:\\\/\\\/secure.gravatar.com\\\/avatar\\\/7e3762308ab47147572d4e9f68e02b65139742dfdbb8f7a7314f3c5064a3dbe7?s=96&d=mm&r=g\",\"url\":\"https:\\\/\\\/secure.gravatar.com\\\/avatar\\\/7e3762308ab47147572d4e9f68e02b65139742dfdbb8f7a7314f3c5064a3dbe7?s=96&d=mm&r=g\",\"contentUrl\":\"https:\\\/\\\/secure.gravatar.com\\\/avatar\\\/7e3762308ab47147572d4e9f68e02b65139742dfdbb8f7a7314f3c5064a3dbe7?s=96&d=mm&r=g\",\"caption\":\"Docca Zrt.\"},\"url\":\"https:\\\/\\\/www.doit.hu\\\/rendszergazda\\\/author\\\/docca\\\/\"}]}<\/script>\n<!-- \/ Yoast SEO plugin. -->","yoast_head_json":{"title":"Hogyan kapcsoljuk ki Apple Tv eszk\u00f6z\u00fcnket","description":"\u00c9pp nem haszn\u00e1ljuk Apple TV-nket \u00e9s szeretn\u00e9nk kikapcsolni?","robots":{"index":"index","follow":"follow","max-snippet":"max-snippet:-1","max-image-preview":"max-image-preview:large","max-video-preview":"max-video-preview:-1"},"canonical":"https:\/\/www.doit.hu\/rendszergazda\/hogyan-kell\/286-hogyan-kapcsoljuk-ki-apple-tv-eszkozunket\/","og_locale":"hu_HU","og_type":"article","og_title":"Hogyan kapcsoljuk ki Apple Tv eszk\u00f6z\u00fcnket","og_description":"\u00c9pp nem haszn\u00e1ljuk Apple TV-nket \u00e9s szeretn\u00e9nk kikapcsolni?","og_url":"https:\/\/www.doit.hu\/rendszergazda\/hogyan-kell\/286-hogyan-kapcsoljuk-ki-apple-tv-eszkozunket\/","og_site_name":"Rendszergazda szolg\u00e1ltat\u00e1s","article_publisher":"https:\/\/www.facebook.com\/DoccaZrt","article_published_time":"2019-04-09T13:03:33+00:00","article_modified_time":"2019-04-12T09:58:16+00:00","og_image":[{"width":610,"height":396,"url":"https:\/\/www.doit.hu\/rendszergazda\/wp-content\/uploads\/2019\/04\/turning-off-apple-tv-610x396.jpg","type":"image\/jpeg"}],"author":"Docca Zrt.","twitter_card":"summary_large_image","twitter_misc":{"Szerz\u0151:":"Docca Zrt.","Becs\u00fclt olvas\u00e1si id\u0151":"1 perc"},"schema":{"@context":"https:\/\/schema.org","@graph":[{"@type":"Article","@id":"https:\/\/www.doit.hu\/rendszergazda\/hogyan-kell\/286-hogyan-kapcsoljuk-ki-apple-tv-eszkozunket\/#article","isPartOf":{"@id":"https:\/\/www.doit.hu\/rendszergazda\/hogyan-kell\/286-hogyan-kapcsoljuk-ki-apple-tv-eszkozunket\/"},"author":{"name":"Docca Zrt.","@id":"https:\/\/www.doit.hu\/rendszergazda\/#\/schema\/person\/ac60b29300a3d65825707a7bcd47aa7f"},"headline":"Hogyan kapcsoljuk ki Apple Tv eszk\u00f6z\u00fcnket","datePublished":"2019-04-09T13:03:33+00:00","dateModified":"2019-04-12T09:58:16+00:00","mainEntityOfPage":{"@id":"https:\/\/www.doit.hu\/rendszergazda\/hogyan-kell\/286-hogyan-kapcsoljuk-ki-apple-tv-eszkozunket\/"},"wordCount":270,"publisher":{"@id":"https:\/\/www.doit.hu\/rendszergazda\/#organization"},"image":{"@id":"https:\/\/www.doit.hu\/rendszergazda\/hogyan-kell\/286-hogyan-kapcsoljuk-ki-apple-tv-eszkozunket\/#primaryimage"},"thumbnailUrl":"https:\/\/www.doit.hu\/rendszergazda\/wp-content\/uploads\/2019\/04\/turning-off-apple-tv-610x396.jpg","keywords":["apple tv","apple tv kikapcsol\u00e1s","manu\u00e1lis kikapcsol\u00e1s","sleep now"],"articleSection":["Hogyan kell"],"inLanguage":"hu"},{"@type":"WebPage","@id":"https:\/\/www.doit.hu\/rendszergazda\/hogyan-kell\/286-hogyan-kapcsoljuk-ki-apple-tv-eszkozunket\/","url":"https:\/\/www.doit.hu\/rendszergazda\/hogyan-kell\/286-hogyan-kapcsoljuk-ki-apple-tv-eszkozunket\/","name":"Hogyan kapcsoljuk ki Apple Tv eszk\u00f6z\u00fcnket","isPartOf":{"@id":"https:\/\/www.doit.hu\/rendszergazda\/#website"},"primaryImageOfPage":{"@id":"https:\/\/www.doit.hu\/rendszergazda\/hogyan-kell\/286-hogyan-kapcsoljuk-ki-apple-tv-eszkozunket\/#primaryimage"},"image":{"@id":"https:\/\/www.doit.hu\/rendszergazda\/hogyan-kell\/286-hogyan-kapcsoljuk-ki-apple-tv-eszkozunket\/#primaryimage"},"thumbnailUrl":"https:\/\/www.doit.hu\/rendszergazda\/wp-content\/uploads\/2019\/04\/turning-off-apple-tv-610x396.jpg","datePublished":"2019-04-09T13:03:33+00:00","dateModified":"2019-04-12T09:58:16+00:00","description":"\u00c9pp nem haszn\u00e1ljuk Apple TV-nket \u00e9s szeretn\u00e9nk kikapcsolni?","breadcrumb":{"@id":"https:\/\/www.doit.hu\/rendszergazda\/hogyan-kell\/286-hogyan-kapcsoljuk-ki-apple-tv-eszkozunket\/#breadcrumb"},"inLanguage":"hu","potentialAction":[{"@type":"ReadAction","target":["https:\/\/www.doit.hu\/rendszergazda\/hogyan-kell\/286-hogyan-kapcsoljuk-ki-apple-tv-eszkozunket\/"]}]},{"@type":"ImageObject","inLanguage":"hu","@id":"https:\/\/www.doit.hu\/rendszergazda\/hogyan-kell\/286-hogyan-kapcsoljuk-ki-apple-tv-eszkozunket\/#primaryimage","url":"https:\/\/www.doit.hu\/rendszergazda\/wp-content\/uploads\/2019\/04\/turning-off-apple-tv-610x396.jpg","contentUrl":"https:\/\/www.doit.hu\/rendszergazda\/wp-content\/uploads\/2019\/04\/turning-off-apple-tv-610x396.jpg","width":610,"height":396},{"@type":"BreadcrumbList","@id":"https:\/\/www.doit.hu\/rendszergazda\/hogyan-kell\/286-hogyan-kapcsoljuk-ki-apple-tv-eszkozunket\/#breadcrumb","itemListElement":[{"@type":"ListItem","position":1,"name":"Home","item":"https:\/\/www.doit.hu\/rendszergazda\/fooldal-flexi\/"},{"@type":"ListItem","position":2,"name":"Hogyan kapcsoljuk ki Apple Tv eszk\u00f6z\u00fcnket"}]},{"@type":"WebSite","@id":"https:\/\/www.doit.hu\/rendszergazda\/#website","url":"https:\/\/www.doit.hu\/rendszergazda\/","name":"Rendszergazda szolg\u00e1ltat\u00e1s","description":"","publisher":{"@id":"https:\/\/www.doit.hu\/rendszergazda\/#organization"},"potentialAction":[{"@type":"SearchAction","target":{"@type":"EntryPoint","urlTemplate":"https:\/\/www.doit.hu\/rendszergazda\/?s={search_term_string}"},"query-input":{"@type":"PropertyValueSpecification","valueRequired":true,"valueName":"search_term_string"}}],"inLanguage":"hu"},{"@type":"Organization","@id":"https:\/\/www.doit.hu\/rendszergazda\/#organization","name":"DOCCA Zrt.","url":"https:\/\/www.doit.hu\/rendszergazda\/","logo":{"@type":"ImageObject","inLanguage":"hu","@id":"https:\/\/www.doit.hu\/rendszergazda\/#\/schema\/logo\/image\/","url":"https:\/\/www.doit.hu\/rendszergazda\/wp-content\/uploads\/2019\/04\/logo.png","contentUrl":"https:\/\/www.doit.hu\/rendszergazda\/wp-content\/uploads\/2019\/04\/logo.png","width":263,"height":82,"caption":"DOCCA Zrt."},"image":{"@id":"https:\/\/www.doit.hu\/rendszergazda\/#\/schema\/logo\/image\/"},"sameAs":["https:\/\/www.facebook.com\/DoccaZrt"]},{"@type":"Person","@id":"https:\/\/www.doit.hu\/rendszergazda\/#\/schema\/person\/ac60b29300a3d65825707a7bcd47aa7f","name":"Docca Zrt.","image":{"@type":"ImageObject","inLanguage":"hu","@id":"https:\/\/secure.gravatar.com\/avatar\/7e3762308ab47147572d4e9f68e02b65139742dfdbb8f7a7314f3c5064a3dbe7?s=96&d=mm&r=g","url":"https:\/\/secure.gravatar.com\/avatar\/7e3762308ab47147572d4e9f68e02b65139742dfdbb8f7a7314f3c5064a3dbe7?s=96&d=mm&r=g","contentUrl":"https:\/\/secure.gravatar.com\/avatar\/7e3762308ab47147572d4e9f68e02b65139742dfdbb8f7a7314f3c5064a3dbe7?s=96&d=mm&r=g","caption":"Docca Zrt."},"url":"https:\/\/www.doit.hu\/rendszergazda\/author\/docca\/"}]}},"_links":{"self":[{"href":"https:\/\/www.doit.hu\/rendszergazda\/wp-json\/wp\/v2\/posts\/289","targetHints":{"allow":["GET"]}}],"collection":[{"href":"https:\/\/www.doit.hu\/rendszergazda\/wp-json\/wp\/v2\/posts"}],"about":[{"href":"https:\/\/www.doit.hu\/rendszergazda\/wp-json\/wp\/v2\/types\/post"}],"author":[{"embeddable":true,"href":"https:\/\/www.doit.hu\/rendszergazda\/wp-json\/wp\/v2\/users\/7"}],"replies":[{"embeddable":true,"href":"https:\/\/www.doit.hu\/rendszergazda\/wp-json\/wp\/v2\/comments?post=289"}],"version-history":[{"count":1,"href":"https:\/\/www.doit.hu\/rendszergazda\/wp-json\/wp\/v2\/posts\/289\/revisions"}],"predecessor-version":[{"id":293,"href":"https:\/\/www.doit.hu\/rendszergazda\/wp-json\/wp\/v2\/posts\/289\/revisions\/293"}],"wp:featuredmedia":[{"embeddable":true,"href":"https:\/\/www.doit.hu\/rendszergazda\/wp-json\/wp\/v2\/media\/290"}],"wp:attachment":[{"href":"https:\/\/www.doit.hu\/rendszergazda\/wp-json\/wp\/v2\/media?parent=289"}],"wp:term":[{"taxonomy":"category","embeddable":true,"href":"https:\/\/www.doit.hu\/rendszergazda\/wp-json\/wp\/v2\/categories?post=289"},{"taxonomy":"post_tag","embeddable":true,"href":"https:\/\/www.doit.hu\/rendszergazda\/wp-json\/wp\/v2\/tags?post=289"}],"curies":[{"name":"wp","href":"https:\/\/api.w.org\/{rel}","templated":true}]}}