{"id":252,"date":"2019-04-09T12:07:27","date_gmt":"2019-04-09T12:07:27","guid":{"rendered":"http:\/\/www.doit.hu\/rendszergazda\/?p=252"},"modified":"2022-05-26T12:43:10","modified_gmt":"2022-05-26T12:43:10","slug":"321-hogyan-szabaditsunk-fel-helyet-a-lemezen-a-windows-10-evfordulos-frissitese-utan","status":"publish","type":"post","link":"https:\/\/www.doit.hu\/rendszergazda\/hogyan-kell\/321-hogyan-szabaditsunk-fel-helyet-a-lemezen-a-windows-10-evfordulos-frissitese-utan\/","title":{"rendered":"Hogyan szabad\u00edtsunk fel helyet a lemezen a Windows 10 \u00e9vfordul\u00f3s friss\u00edt\u00e9se ut\u00e1n?"},"content":{"rendered":"<p><strong>A Windows 10 \u00e9vfordul\u00f3s friss\u00edt\u00e9se a kor\u00e1bbiakhoz hasonl\u00f3an megtartja a r\u00e9gi Windows file-okat, hogy a felhaszn\u00e1l\u00f3 \u00e9s rendszergazda visszat\u00e9rhessen az el\u0151z\u0151 verzi\u00f3hoz.<\/strong><\/p>\n<p><!--more--><\/p>\n<p><img loading=\"lazy\" decoding=\"async\" class=\"aligncenter size-full wp-image-253\" src=\"http:\/\/www.doit.hu\/rendszergazda\/wp-content\/uploads\/2019\/04\/File-delete.jpg\" alt=\"\" width=\"580\" height=\"348\" srcset=\"https:\/\/www.doit.hu\/rendszergazda\/wp-content\/uploads\/2019\/04\/File-delete.jpg 580w, https:\/\/www.doit.hu\/rendszergazda\/wp-content\/uploads\/2019\/04\/File-delete-300x180.jpg 300w, https:\/\/www.doit.hu\/rendszergazda\/wp-content\/uploads\/2019\/04\/File-delete-450x270.jpg 450w\" sizes=\"auto, (max-width: 580px) 100vw, 580px\" \/><\/p>\n<p>A r\u00e9gi file-maradv\u00e1nyok egyre csak halmoz\u00f3dnak, \u00e9s feleslegesen foglalnak el ak\u00e1r t\u00f6bb GB helyet a merevlemezen.<\/p>\n<p>Sok esetben t\u00f6bb, mint 17 GB elt\u00e1vol\u00edtand\u00f3, r\u00e9gi OS file l\u00e1that\u00f3. Ez nem felt\u00e9tlen\u00fcl mindig ennyi, de gyan\u00fas, hogy j\u00f3n\u00e9h\u00e1ny felhaszn\u00e1l\u00f3 vagy rendszergazda fog szembes\u00fclni a t\u00e9nnyel, hogy a Windows 10 \u00e9vfordul\u00f3s friss\u00edt\u00e9se el\u00e9g sz\u00e9pen lerabolja az \u00e9rt\u00e9kes t\u00e1rhelyet.<\/p>\n<p>&nbsp;<\/p>\n<p>Ha a felhaszn\u00e1l\u00f3 vagy rendszergazda nem tervez m\u00e1r kor\u00e1bbi Windows-verzi\u00f3kat haszn\u00e1lni, \u00edgy tud helyet felszabad\u00edtani:<\/p>\n<p>&#8211; A\u00a0<em>G\u00e9ph\u00e1z &gt; Rendszer &gt; T\u00e1rter\u00fclet<\/em>\u00a0men\u00fcben v\u00e1lassza ki az\u00a0<em>Ez a g\u00e9p (C:)<\/em>\u00a0meghajt\u00f3t!<\/p>\n<p>&nbsp;<\/p>\n<p><img loading=\"lazy\" decoding=\"async\" class=\"size-full wp-image-254 alignleft\" src=\"http:\/\/www.doit.hu\/rendszergazda\/wp-content\/uploads\/2019\/04\/Win10_Storage.jpg\" alt=\"\" width=\"802\" height=\"619\" srcset=\"https:\/\/www.doit.hu\/rendszergazda\/wp-content\/uploads\/2019\/04\/Win10_Storage.jpg 802w, https:\/\/www.doit.hu\/rendszergazda\/wp-content\/uploads\/2019\/04\/Win10_Storage-300x232.jpg 300w, https:\/\/www.doit.hu\/rendszergazda\/wp-content\/uploads\/2019\/04\/Win10_Storage-768x593.jpg 768w, https:\/\/www.doit.hu\/rendszergazda\/wp-content\/uploads\/2019\/04\/Win10_Storage-705x544.jpg 705w, https:\/\/www.doit.hu\/rendszergazda\/wp-content\/uploads\/2019\/04\/Win10_Storage-450x347.jpg 450w\" sizes=\"auto, (max-width: 802px) 100vw, 802px\" \/><\/p>\n<p>&nbsp;<\/p>\n<p>&nbsp;<\/p>\n<p>&nbsp;<\/p>\n<p>&nbsp;<\/p>\n<p>&nbsp;<\/p>\n<p>&nbsp;<\/p>\n<p>&nbsp;<\/p>\n<p>&nbsp;<\/p>\n<p>&nbsp;<\/p>\n<p>&nbsp;<\/p>\n<p>&nbsp;<\/p>\n<p>&nbsp;<\/p>\n<p>&nbsp;<\/p>\n<p>&nbsp;<\/p>\n<p>&nbsp;<\/p>\n<p>&#8211; A leg\u00f6rd\u00fcl\u0151 list\u00e1ban nyissa meg az\u00a0<em>Ideiglenes f\u00e1jlok<\/em>\u00a0lehet\u0151s\u00e9get!<\/p>\n<p>&#8211; Jel\u00f6lje ki a\u00a0<em>Kor\u00e1bbi Windows verzi\u00f3<\/em>\u00a0opci\u00f3t, \u00e9s nyomjon egy\u00a0<em>F\u00e1jlok elt\u00e1vol\u00edt\u00e1sa<\/em>\u00a0gombot!<\/p>\n<p>&nbsp;<\/p>\n<p>Forr\u00e1s:\u00a0<a href=\"http:\/\/winsupersite.com\/windows-10\/reclaiming-disk-space-after-windows-10-anniversary-update?NL=TECH-005&amp;Issue=TECH-005_20160816_TECH-005_76&amp;sfvc4enews=42&amp;cl=article_1&amp;utm_rid=CPMIN000065251723&amp;utm_campaign=76448&amp;utm_medium=email&amp;elq2=493fa45cd6ff48a8bdb9802df804b499\">SuperSite for Windows<\/a>.<\/p>\n<p>&nbsp;<\/p>\n<p style=\"text-align: center;\">Tov\u00e1bbi tan\u00e1csok\u00e9rt keresse fel\u00a0<strong><a href=\"https:\/\/www.doit.hu\/rendszergazda\/index.php\/hogyan-kell\">rendszergazda blogunkat<\/a><\/strong>!<\/p>\n","protected":false},"excerpt":{"rendered":"<p>A Windows 10 \u00e9vfordul\u00f3s friss\u00edt\u00e9se a kor\u00e1bbiakhoz hasonl\u00f3an megtartja a r\u00e9gi Windows file-okat, hogy a felhaszn\u00e1l\u00f3 \u00e9s rendszergazda visszat\u00e9rhessen az el\u0151z\u0151 verzi\u00f3hoz.<\/p>\n","protected":false},"author":7,"featured_media":253,"comment_status":"closed","ping_status":"closed","sticky":false,"template":"","format":"standard","meta":{"footnotes":""},"categories":[2],"tags":[178,179,177,7],"class_list":["post-252","post","type-post","status-publish","format-standard","has-post-thumbnail","hentry","category-hogyan-kell","tag-evfordulos-frissites","tag-fajlok-eltavolitasa","tag-lemezen-hely-felszabaditas","tag-windows-10"],"yoast_head":"<!-- This site is optimized with the Yoast SEO plugin v27.4 - https:\/\/yoast.com\/product\/yoast-seo-wordpress\/ -->\n<title>Hogyan szabad\u00edtsunk fel helyet a lemezen a Windows 10 \u00e9vfordul\u00f3s friss\u00edt\u00e9se ut\u00e1n?<\/title>\n<meta name=\"description\" content=\"A Windows 10 \u00e9vfordul\u00f3s friss\u00edt\u00e9se a kor\u00e1bbiakhoz hasonl\u00f3an megtartja a r\u00e9gi Windows file-okat, hogy a felhaszn\u00e1l\u00f3 \u00e9s rendszergazda visszat\u00e9rhessen az el\u0151z\u0151 verzi\u00f3hoz.\" \/>\n<meta name=\"robots\" content=\"index, follow, max-snippet:-1, max-image-preview:large, max-video-preview:-1\" \/>\n<link rel=\"canonical\" href=\"https:\/\/www.doit.hu\/rendszergazda\/hogyan-kell\/321-hogyan-szabaditsunk-fel-helyet-a-lemezen-a-windows-10-evfordulos-frissitese-utan\/\" \/>\n<meta property=\"og:locale\" content=\"hu_HU\" \/>\n<meta property=\"og:type\" content=\"article\" \/>\n<meta property=\"og:title\" content=\"Hogyan szabad\u00edtsunk fel helyet a lemezen a Windows 10 \u00e9vfordul\u00f3s friss\u00edt\u00e9se ut\u00e1n?\" \/>\n<meta property=\"og:description\" content=\"A Windows 10 \u00e9vfordul\u00f3s friss\u00edt\u00e9se a kor\u00e1bbiakhoz hasonl\u00f3an megtartja a r\u00e9gi Windows file-okat, hogy a felhaszn\u00e1l\u00f3 \u00e9s rendszergazda visszat\u00e9rhessen az el\u0151z\u0151 verzi\u00f3hoz.\" \/>\n<meta property=\"og:url\" content=\"https:\/\/www.doit.hu\/rendszergazda\/hogyan-kell\/321-hogyan-szabaditsunk-fel-helyet-a-lemezen-a-windows-10-evfordulos-frissitese-utan\/\" \/>\n<meta property=\"og:site_name\" content=\"Rendszergazda szolg\u00e1ltat\u00e1s\" \/>\n<meta property=\"article:publisher\" content=\"https:\/\/www.facebook.com\/DoccaZrt\" \/>\n<meta property=\"article:published_time\" content=\"2019-04-09T12:07:27+00:00\" \/>\n<meta property=\"article:modified_time\" content=\"2022-05-26T12:43:10+00:00\" \/>\n<meta property=\"og:image\" content=\"https:\/\/www.doit.hu\/rendszergazda\/wp-content\/uploads\/2019\/04\/File-delete.jpg\" \/>\n\t<meta property=\"og:image:width\" content=\"580\" \/>\n\t<meta property=\"og:image:height\" content=\"348\" \/>\n\t<meta property=\"og:image:type\" content=\"image\/jpeg\" \/>\n<meta name=\"author\" content=\"Docca Zrt.\" \/>\n<meta name=\"twitter:card\" content=\"summary_large_image\" \/>\n<meta name=\"twitter:label1\" content=\"Szerz\u0151:\" \/>\n\t<meta name=\"twitter:data1\" content=\"Docca Zrt.\" \/>\n\t<meta name=\"twitter:label2\" content=\"Becs\u00fclt olvas\u00e1si id\u0151\" \/>\n\t<meta name=\"twitter:data2\" content=\"2 perc\" \/>\n<script type=\"application\/ld+json\" class=\"yoast-schema-graph\">{\"@context\":\"https:\\\/\\\/schema.org\",\"@graph\":[{\"@type\":\"Article\",\"@id\":\"https:\\\/\\\/www.doit.hu\\\/rendszergazda\\\/hogyan-kell\\\/321-hogyan-szabaditsunk-fel-helyet-a-lemezen-a-windows-10-evfordulos-frissitese-utan\\\/#article\",\"isPartOf\":{\"@id\":\"https:\\\/\\\/www.doit.hu\\\/rendszergazda\\\/hogyan-kell\\\/321-hogyan-szabaditsunk-fel-helyet-a-lemezen-a-windows-10-evfordulos-frissitese-utan\\\/\"},\"author\":{\"name\":\"Docca Zrt.\",\"@id\":\"https:\\\/\\\/www.doit.hu\\\/rendszergazda\\\/#\\\/schema\\\/person\\\/e847b4d1d3b6243f1a27bc18e31bd4b6\"},\"headline\":\"Hogyan szabad\u00edtsunk fel helyet a lemezen a Windows 10 \u00e9vfordul\u00f3s friss\u00edt\u00e9se ut\u00e1n?\",\"datePublished\":\"2019-04-09T12:07:27+00:00\",\"dateModified\":\"2022-05-26T12:43:10+00:00\",\"mainEntityOfPage\":{\"@id\":\"https:\\\/\\\/www.doit.hu\\\/rendszergazda\\\/hogyan-kell\\\/321-hogyan-szabaditsunk-fel-helyet-a-lemezen-a-windows-10-evfordulos-frissitese-utan\\\/\"},\"wordCount\":241,\"publisher\":{\"@id\":\"https:\\\/\\\/www.doit.hu\\\/rendszergazda\\\/#organization\"},\"image\":{\"@id\":\"https:\\\/\\\/www.doit.hu\\\/rendszergazda\\\/hogyan-kell\\\/321-hogyan-szabaditsunk-fel-helyet-a-lemezen-a-windows-10-evfordulos-frissitese-utan\\\/#primaryimage\"},\"thumbnailUrl\":\"https:\\\/\\\/www.doit.hu\\\/rendszergazda\\\/wp-content\\\/uploads\\\/2019\\\/04\\\/File-delete.jpg\",\"keywords\":[\"\u00e9vfordul\u00f3s friss\u00edt\u00e9s\",\"f\u00e1jlok elt\u00e1vol\u00edt\u00e1sa\",\"lemezen hely felszabad\u00edt\u00e1s\",\"Windows 10\"],\"articleSection\":[\"Hogyan kell\"],\"inLanguage\":\"hu\"},{\"@type\":\"WebPage\",\"@id\":\"https:\\\/\\\/www.doit.hu\\\/rendszergazda\\\/hogyan-kell\\\/321-hogyan-szabaditsunk-fel-helyet-a-lemezen-a-windows-10-evfordulos-frissitese-utan\\\/\",\"url\":\"https:\\\/\\\/www.doit.hu\\\/rendszergazda\\\/hogyan-kell\\\/321-hogyan-szabaditsunk-fel-helyet-a-lemezen-a-windows-10-evfordulos-frissitese-utan\\\/\",\"name\":\"Hogyan szabad\u00edtsunk fel helyet a lemezen a Windows 10 \u00e9vfordul\u00f3s friss\u00edt\u00e9se ut\u00e1n?\",\"isPartOf\":{\"@id\":\"https:\\\/\\\/www.doit.hu\\\/rendszergazda\\\/#website\"},\"primaryImageOfPage\":{\"@id\":\"https:\\\/\\\/www.doit.hu\\\/rendszergazda\\\/hogyan-kell\\\/321-hogyan-szabaditsunk-fel-helyet-a-lemezen-a-windows-10-evfordulos-frissitese-utan\\\/#primaryimage\"},\"image\":{\"@id\":\"https:\\\/\\\/www.doit.hu\\\/rendszergazda\\\/hogyan-kell\\\/321-hogyan-szabaditsunk-fel-helyet-a-lemezen-a-windows-10-evfordulos-frissitese-utan\\\/#primaryimage\"},\"thumbnailUrl\":\"https:\\\/\\\/www.doit.hu\\\/rendszergazda\\\/wp-content\\\/uploads\\\/2019\\\/04\\\/File-delete.jpg\",\"datePublished\":\"2019-04-09T12:07:27+00:00\",\"dateModified\":\"2022-05-26T12:43:10+00:00\",\"description\":\"A Windows 10 \u00e9vfordul\u00f3s friss\u00edt\u00e9se a kor\u00e1bbiakhoz hasonl\u00f3an megtartja a r\u00e9gi Windows file-okat, hogy a felhaszn\u00e1l\u00f3 \u00e9s rendszergazda visszat\u00e9rhessen az el\u0151z\u0151 verzi\u00f3hoz.\",\"breadcrumb\":{\"@id\":\"https:\\\/\\\/www.doit.hu\\\/rendszergazda\\\/hogyan-kell\\\/321-hogyan-szabaditsunk-fel-helyet-a-lemezen-a-windows-10-evfordulos-frissitese-utan\\\/#breadcrumb\"},\"inLanguage\":\"hu\",\"potentialAction\":[{\"@type\":\"ReadAction\",\"target\":[\"https:\\\/\\\/www.doit.hu\\\/rendszergazda\\\/hogyan-kell\\\/321-hogyan-szabaditsunk-fel-helyet-a-lemezen-a-windows-10-evfordulos-frissitese-utan\\\/\"]}]},{\"@type\":\"ImageObject\",\"inLanguage\":\"hu\",\"@id\":\"https:\\\/\\\/www.doit.hu\\\/rendszergazda\\\/hogyan-kell\\\/321-hogyan-szabaditsunk-fel-helyet-a-lemezen-a-windows-10-evfordulos-frissitese-utan\\\/#primaryimage\",\"url\":\"https:\\\/\\\/www.doit.hu\\\/rendszergazda\\\/wp-content\\\/uploads\\\/2019\\\/04\\\/File-delete.jpg\",\"contentUrl\":\"https:\\\/\\\/www.doit.hu\\\/rendszergazda\\\/wp-content\\\/uploads\\\/2019\\\/04\\\/File-delete.jpg\",\"width\":580,\"height\":348},{\"@type\":\"BreadcrumbList\",\"@id\":\"https:\\\/\\\/www.doit.hu\\\/rendszergazda\\\/hogyan-kell\\\/321-hogyan-szabaditsunk-fel-helyet-a-lemezen-a-windows-10-evfordulos-frissitese-utan\\\/#breadcrumb\",\"itemListElement\":[{\"@type\":\"ListItem\",\"position\":1,\"name\":\"Home\",\"item\":\"https:\\\/\\\/www.doit.hu\\\/rendszergazda\\\/fooldal-flexi\\\/\"},{\"@type\":\"ListItem\",\"position\":2,\"name\":\"Hogyan szabad\u00edtsunk fel helyet a lemezen a Windows 10 \u00e9vfordul\u00f3s friss\u00edt\u00e9se ut\u00e1n?\"}]},{\"@type\":\"WebSite\",\"@id\":\"https:\\\/\\\/www.doit.hu\\\/rendszergazda\\\/#website\",\"url\":\"https:\\\/\\\/www.doit.hu\\\/rendszergazda\\\/\",\"name\":\"Rendszergazda szolg\u00e1ltat\u00e1s\",\"description\":\"\",\"publisher\":{\"@id\":\"https:\\\/\\\/www.doit.hu\\\/rendszergazda\\\/#organization\"},\"potentialAction\":[{\"@type\":\"SearchAction\",\"target\":{\"@type\":\"EntryPoint\",\"urlTemplate\":\"https:\\\/\\\/www.doit.hu\\\/rendszergazda\\\/?s={search_term_string}\"},\"query-input\":{\"@type\":\"PropertyValueSpecification\",\"valueRequired\":true,\"valueName\":\"search_term_string\"}}],\"inLanguage\":\"hu\"},{\"@type\":\"Organization\",\"@id\":\"https:\\\/\\\/www.doit.hu\\\/rendszergazda\\\/#organization\",\"name\":\"DOCCA Zrt.\",\"url\":\"https:\\\/\\\/www.doit.hu\\\/rendszergazda\\\/\",\"logo\":{\"@type\":\"ImageObject\",\"inLanguage\":\"hu\",\"@id\":\"https:\\\/\\\/www.doit.hu\\\/rendszergazda\\\/#\\\/schema\\\/logo\\\/image\\\/\",\"url\":\"https:\\\/\\\/www.doit.hu\\\/rendszergazda\\\/wp-content\\\/uploads\\\/2019\\\/04\\\/logo.png\",\"contentUrl\":\"https:\\\/\\\/www.doit.hu\\\/rendszergazda\\\/wp-content\\\/uploads\\\/2019\\\/04\\\/logo.png\",\"width\":263,\"height\":82,\"caption\":\"DOCCA Zrt.\"},\"image\":{\"@id\":\"https:\\\/\\\/www.doit.hu\\\/rendszergazda\\\/#\\\/schema\\\/logo\\\/image\\\/\"},\"sameAs\":[\"https:\\\/\\\/www.facebook.com\\\/DoccaZrt\"]},{\"@type\":\"Person\",\"@id\":\"https:\\\/\\\/www.doit.hu\\\/rendszergazda\\\/#\\\/schema\\\/person\\\/e847b4d1d3b6243f1a27bc18e31bd4b6\",\"name\":\"Docca Zrt.\",\"image\":{\"@type\":\"ImageObject\",\"inLanguage\":\"hu\",\"@id\":\"https:\\\/\\\/secure.gravatar.com\\\/avatar\\\/7e3762308ab47147572d4e9f68e02b65139742dfdbb8f7a7314f3c5064a3dbe7?s=96&d=mm&r=g\",\"url\":\"https:\\\/\\\/secure.gravatar.com\\\/avatar\\\/7e3762308ab47147572d4e9f68e02b65139742dfdbb8f7a7314f3c5064a3dbe7?s=96&d=mm&r=g\",\"contentUrl\":\"https:\\\/\\\/secure.gravatar.com\\\/avatar\\\/7e3762308ab47147572d4e9f68e02b65139742dfdbb8f7a7314f3c5064a3dbe7?s=96&d=mm&r=g\",\"caption\":\"Docca Zrt.\"},\"url\":\"https:\\\/\\\/www.doit.hu\\\/rendszergazda\\\/author\\\/docca\\\/\"}]}<\/script>\n<!-- \/ Yoast SEO plugin. -->","yoast_head_json":{"title":"Hogyan szabad\u00edtsunk fel helyet a lemezen a Windows 10 \u00e9vfordul\u00f3s friss\u00edt\u00e9se ut\u00e1n?","description":"A Windows 10 \u00e9vfordul\u00f3s friss\u00edt\u00e9se a kor\u00e1bbiakhoz hasonl\u00f3an megtartja a r\u00e9gi Windows file-okat, hogy a felhaszn\u00e1l\u00f3 \u00e9s rendszergazda visszat\u00e9rhessen az el\u0151z\u0151 verzi\u00f3hoz.","robots":{"index":"index","follow":"follow","max-snippet":"max-snippet:-1","max-image-preview":"max-image-preview:large","max-video-preview":"max-video-preview:-1"},"canonical":"https:\/\/www.doit.hu\/rendszergazda\/hogyan-kell\/321-hogyan-szabaditsunk-fel-helyet-a-lemezen-a-windows-10-evfordulos-frissitese-utan\/","og_locale":"hu_HU","og_type":"article","og_title":"Hogyan szabad\u00edtsunk fel helyet a lemezen a Windows 10 \u00e9vfordul\u00f3s friss\u00edt\u00e9se ut\u00e1n?","og_description":"A Windows 10 \u00e9vfordul\u00f3s friss\u00edt\u00e9se a kor\u00e1bbiakhoz hasonl\u00f3an megtartja a r\u00e9gi Windows file-okat, hogy a felhaszn\u00e1l\u00f3 \u00e9s rendszergazda visszat\u00e9rhessen az el\u0151z\u0151 verzi\u00f3hoz.","og_url":"https:\/\/www.doit.hu\/rendszergazda\/hogyan-kell\/321-hogyan-szabaditsunk-fel-helyet-a-lemezen-a-windows-10-evfordulos-frissitese-utan\/","og_site_name":"Rendszergazda szolg\u00e1ltat\u00e1s","article_publisher":"https:\/\/www.facebook.com\/DoccaZrt","article_published_time":"2019-04-09T12:07:27+00:00","article_modified_time":"2022-05-26T12:43:10+00:00","og_image":[{"width":580,"height":348,"url":"https:\/\/www.doit.hu\/rendszergazda\/wp-content\/uploads\/2019\/04\/File-delete.jpg","type":"image\/jpeg"}],"author":"Docca Zrt.","twitter_card":"summary_large_image","twitter_misc":{"Szerz\u0151:":"Docca Zrt.","Becs\u00fclt olvas\u00e1si id\u0151":"2 perc"},"schema":{"@context":"https:\/\/schema.org","@graph":[{"@type":"Article","@id":"https:\/\/www.doit.hu\/rendszergazda\/hogyan-kell\/321-hogyan-szabaditsunk-fel-helyet-a-lemezen-a-windows-10-evfordulos-frissitese-utan\/#article","isPartOf":{"@id":"https:\/\/www.doit.hu\/rendszergazda\/hogyan-kell\/321-hogyan-szabaditsunk-fel-helyet-a-lemezen-a-windows-10-evfordulos-frissitese-utan\/"},"author":{"name":"Docca Zrt.","@id":"https:\/\/www.doit.hu\/rendszergazda\/#\/schema\/person\/e847b4d1d3b6243f1a27bc18e31bd4b6"},"headline":"Hogyan szabad\u00edtsunk fel helyet a lemezen a Windows 10 \u00e9vfordul\u00f3s friss\u00edt\u00e9se ut\u00e1n?","datePublished":"2019-04-09T12:07:27+00:00","dateModified":"2022-05-26T12:43:10+00:00","mainEntityOfPage":{"@id":"https:\/\/www.doit.hu\/rendszergazda\/hogyan-kell\/321-hogyan-szabaditsunk-fel-helyet-a-lemezen-a-windows-10-evfordulos-frissitese-utan\/"},"wordCount":241,"publisher":{"@id":"https:\/\/www.doit.hu\/rendszergazda\/#organization"},"image":{"@id":"https:\/\/www.doit.hu\/rendszergazda\/hogyan-kell\/321-hogyan-szabaditsunk-fel-helyet-a-lemezen-a-windows-10-evfordulos-frissitese-utan\/#primaryimage"},"thumbnailUrl":"https:\/\/www.doit.hu\/rendszergazda\/wp-content\/uploads\/2019\/04\/File-delete.jpg","keywords":["\u00e9vfordul\u00f3s friss\u00edt\u00e9s","f\u00e1jlok elt\u00e1vol\u00edt\u00e1sa","lemezen hely felszabad\u00edt\u00e1s","Windows 10"],"articleSection":["Hogyan kell"],"inLanguage":"hu"},{"@type":"WebPage","@id":"https:\/\/www.doit.hu\/rendszergazda\/hogyan-kell\/321-hogyan-szabaditsunk-fel-helyet-a-lemezen-a-windows-10-evfordulos-frissitese-utan\/","url":"https:\/\/www.doit.hu\/rendszergazda\/hogyan-kell\/321-hogyan-szabaditsunk-fel-helyet-a-lemezen-a-windows-10-evfordulos-frissitese-utan\/","name":"Hogyan szabad\u00edtsunk fel helyet a lemezen a Windows 10 \u00e9vfordul\u00f3s friss\u00edt\u00e9se ut\u00e1n?","isPartOf":{"@id":"https:\/\/www.doit.hu\/rendszergazda\/#website"},"primaryImageOfPage":{"@id":"https:\/\/www.doit.hu\/rendszergazda\/hogyan-kell\/321-hogyan-szabaditsunk-fel-helyet-a-lemezen-a-windows-10-evfordulos-frissitese-utan\/#primaryimage"},"image":{"@id":"https:\/\/www.doit.hu\/rendszergazda\/hogyan-kell\/321-hogyan-szabaditsunk-fel-helyet-a-lemezen-a-windows-10-evfordulos-frissitese-utan\/#primaryimage"},"thumbnailUrl":"https:\/\/www.doit.hu\/rendszergazda\/wp-content\/uploads\/2019\/04\/File-delete.jpg","datePublished":"2019-04-09T12:07:27+00:00","dateModified":"2022-05-26T12:43:10+00:00","description":"A Windows 10 \u00e9vfordul\u00f3s friss\u00edt\u00e9se a kor\u00e1bbiakhoz hasonl\u00f3an megtartja a r\u00e9gi Windows file-okat, hogy a felhaszn\u00e1l\u00f3 \u00e9s rendszergazda visszat\u00e9rhessen az el\u0151z\u0151 verzi\u00f3hoz.","breadcrumb":{"@id":"https:\/\/www.doit.hu\/rendszergazda\/hogyan-kell\/321-hogyan-szabaditsunk-fel-helyet-a-lemezen-a-windows-10-evfordulos-frissitese-utan\/#breadcrumb"},"inLanguage":"hu","potentialAction":[{"@type":"ReadAction","target":["https:\/\/www.doit.hu\/rendszergazda\/hogyan-kell\/321-hogyan-szabaditsunk-fel-helyet-a-lemezen-a-windows-10-evfordulos-frissitese-utan\/"]}]},{"@type":"ImageObject","inLanguage":"hu","@id":"https:\/\/www.doit.hu\/rendszergazda\/hogyan-kell\/321-hogyan-szabaditsunk-fel-helyet-a-lemezen-a-windows-10-evfordulos-frissitese-utan\/#primaryimage","url":"https:\/\/www.doit.hu\/rendszergazda\/wp-content\/uploads\/2019\/04\/File-delete.jpg","contentUrl":"https:\/\/www.doit.hu\/rendszergazda\/wp-content\/uploads\/2019\/04\/File-delete.jpg","width":580,"height":348},{"@type":"BreadcrumbList","@id":"https:\/\/www.doit.hu\/rendszergazda\/hogyan-kell\/321-hogyan-szabaditsunk-fel-helyet-a-lemezen-a-windows-10-evfordulos-frissitese-utan\/#breadcrumb","itemListElement":[{"@type":"ListItem","position":1,"name":"Home","item":"https:\/\/www.doit.hu\/rendszergazda\/fooldal-flexi\/"},{"@type":"ListItem","position":2,"name":"Hogyan szabad\u00edtsunk fel helyet a lemezen a Windows 10 \u00e9vfordul\u00f3s friss\u00edt\u00e9se ut\u00e1n?"}]},{"@type":"WebSite","@id":"https:\/\/www.doit.hu\/rendszergazda\/#website","url":"https:\/\/www.doit.hu\/rendszergazda\/","name":"Rendszergazda szolg\u00e1ltat\u00e1s","description":"","publisher":{"@id":"https:\/\/www.doit.hu\/rendszergazda\/#organization"},"potentialAction":[{"@type":"SearchAction","target":{"@type":"EntryPoint","urlTemplate":"https:\/\/www.doit.hu\/rendszergazda\/?s={search_term_string}"},"query-input":{"@type":"PropertyValueSpecification","valueRequired":true,"valueName":"search_term_string"}}],"inLanguage":"hu"},{"@type":"Organization","@id":"https:\/\/www.doit.hu\/rendszergazda\/#organization","name":"DOCCA Zrt.","url":"https:\/\/www.doit.hu\/rendszergazda\/","logo":{"@type":"ImageObject","inLanguage":"hu","@id":"https:\/\/www.doit.hu\/rendszergazda\/#\/schema\/logo\/image\/","url":"https:\/\/www.doit.hu\/rendszergazda\/wp-content\/uploads\/2019\/04\/logo.png","contentUrl":"https:\/\/www.doit.hu\/rendszergazda\/wp-content\/uploads\/2019\/04\/logo.png","width":263,"height":82,"caption":"DOCCA Zrt."},"image":{"@id":"https:\/\/www.doit.hu\/rendszergazda\/#\/schema\/logo\/image\/"},"sameAs":["https:\/\/www.facebook.com\/DoccaZrt"]},{"@type":"Person","@id":"https:\/\/www.doit.hu\/rendszergazda\/#\/schema\/person\/e847b4d1d3b6243f1a27bc18e31bd4b6","name":"Docca Zrt.","image":{"@type":"ImageObject","inLanguage":"hu","@id":"https:\/\/secure.gravatar.com\/avatar\/7e3762308ab47147572d4e9f68e02b65139742dfdbb8f7a7314f3c5064a3dbe7?s=96&d=mm&r=g","url":"https:\/\/secure.gravatar.com\/avatar\/7e3762308ab47147572d4e9f68e02b65139742dfdbb8f7a7314f3c5064a3dbe7?s=96&d=mm&r=g","contentUrl":"https:\/\/secure.gravatar.com\/avatar\/7e3762308ab47147572d4e9f68e02b65139742dfdbb8f7a7314f3c5064a3dbe7?s=96&d=mm&r=g","caption":"Docca Zrt."},"url":"https:\/\/www.doit.hu\/rendszergazda\/author\/docca\/"}]}},"_links":{"self":[{"href":"https:\/\/www.doit.hu\/rendszergazda\/wp-json\/wp\/v2\/posts\/252","targetHints":{"allow":["GET"]}}],"collection":[{"href":"https:\/\/www.doit.hu\/rendszergazda\/wp-json\/wp\/v2\/posts"}],"about":[{"href":"https:\/\/www.doit.hu\/rendszergazda\/wp-json\/wp\/v2\/types\/post"}],"author":[{"embeddable":true,"href":"https:\/\/www.doit.hu\/rendszergazda\/wp-json\/wp\/v2\/users\/7"}],"replies":[{"embeddable":true,"href":"https:\/\/www.doit.hu\/rendszergazda\/wp-json\/wp\/v2\/comments?post=252"}],"version-history":[{"count":3,"href":"https:\/\/www.doit.hu\/rendszergazda\/wp-json\/wp\/v2\/posts\/252\/revisions"}],"predecessor-version":[{"id":2686,"href":"https:\/\/www.doit.hu\/rendszergazda\/wp-json\/wp\/v2\/posts\/252\/revisions\/2686"}],"wp:featuredmedia":[{"embeddable":true,"href":"https:\/\/www.doit.hu\/rendszergazda\/wp-json\/wp\/v2\/media\/253"}],"wp:attachment":[{"href":"https:\/\/www.doit.hu\/rendszergazda\/wp-json\/wp\/v2\/media?parent=252"}],"wp:term":[{"taxonomy":"category","embeddable":true,"href":"https:\/\/www.doit.hu\/rendszergazda\/wp-json\/wp\/v2\/categories?post=252"},{"taxonomy":"post_tag","embeddable":true,"href":"https:\/\/www.doit.hu\/rendszergazda\/wp-json\/wp\/v2\/tags?post=252"}],"curies":[{"name":"wp","href":"https:\/\/api.w.org\/{rel}","templated":true}]}}