{"id":20,"date":"2019-04-08T12:12:32","date_gmt":"2019-04-08T12:12:32","guid":{"rendered":"http:\/\/www.doit.hu\/rendszergazda\/?p=20"},"modified":"2019-04-08T12:12:52","modified_gmt":"2019-04-08T12:12:52","slug":"415-dell-xps-13-es-dell-latitude-7280-7380-7480-ismetli-a-billentyu-leuteseket","status":"publish","type":"post","link":"https:\/\/www.doit.hu\/rendszergazda\/hogyan-kell\/415-dell-xps-13-es-dell-latitude-7280-7380-7480-ismetli-a-billentyu-leuteseket\/","title":{"rendered":"DELL XPS 13 \u00e9s Dell Latitude 7280\/7380\/7480 ism\u00e9tli a billenty\u0171 le\u00fct\u00e9seket"},"content":{"rendered":"<p>Ha valakit zavar, hogy gyors g\u00e9pel\u00e9s k\u00f6zben szokatlanul reag\u00e1l a DELL laptopja, \u00e9s \u00fagy t\u0171nik, hogy sokat hib\u00e1zik g\u00e9pel\u00e9s k\u00f6zben, pedig ez m\u00e1s g\u00e9pen nem fordult vele el\u0151, akkor \u00e9rdemes BIOS-t friss\u00edteni. Sz\u00e1momra igen zavar\u00f3 volt, hogy a jelszavam be\u00edr\u00e1s\u00e1t le kellett lass\u00edtsam, egyes\u00e9vel kellett megnyomjam a billenty\u0171ket, k\u00fcl\u00f6nben &#8211; a szokott g\u00e9pel\u00e9si sebess\u00e9g eset\u00e9n &#8211; a laptop v\u00e1lt\u00f3z\u00f3 helyeken dupl\u00e1zott, de m\u00e9g gyakrabban besz\u00farta az eggyel kor\u00e1bbi karaktert.<\/p>\n<p><!--more--><\/p>\n<p>Az XPS 13 ezen hib\u00e1j\u00e1r\u00f3l sz\u00f3l egy DELL knowledge base cikk:\u00a0<a href=\"https:\/\/www.dell.com\/support\/article\/hu\/hu\/hubsdt1\/sln297563\/xps-13-9343-unwanted-keyboard-character-repeat?lang=en\" target=\"_blank\" rel=\"noopener noreferrer\">https:\/\/www.dell.com\/support\/article\/hu\/hu\/hubsdt1\/sln297563\/xps-13-9343-unwanted-keyboard-character-repeat?lang=en<\/a><\/p>\n<p>Ez alapj\u00e1n kipr\u00f3b\u00e1ltam, h\u00e1tha a saj\u00e1t DELL 7480 laptopomn\u00e1l is ez a megold\u00e1s. B\u00e1r\u00a0<a href=\"https:\/\/downloads.dell.com\/FOLDER05354173M\/1\/Latitude_7x80_1.13.0.txt\" target=\"_blank\" rel=\"noopener noreferrer\">a BIOS friss\u00edt\u00e9s le\u00edr\u00e1sa<\/a>\u00a0nem eml\u00edtit, hogy ezt a hib\u00e1t is jav\u00edtott\u00e1k &#8211; pedig igen, \u00e9s ez nagyban n\u00f6veli a laptop haszn\u00e1lhat\u00f3s\u00e1g\u00e1t sz\u00e1momra.<\/p>\n<p>Ez a BIOS update, amelyben m\u00e1r megjelent a jav\u00edt\u00e1s:\u00a0Version 1.13.0, 1.13.0 &#8211;\u00a0Release date:\u00a002 jan. 2019<\/p>\n<p>Itt lehet a friss DELL drivereket megtal\u00e1lni:\u00a0<a href=\"https:\/\/www.dell.com\/support\/home\/hu\/hu\/hubsdt1?app=drivers\">https:\/\/www.dell.com\/support\/home\/hu\/hu\/hubsdt1?app=drivers<\/a><\/p>\n","protected":false},"excerpt":{"rendered":"<p>Ha valakit zavar, hogy gyors g\u00e9pel\u00e9s k\u00f6zben szokatlanul reag\u00e1l a DELL laptopja, \u00e9s \u00fagy t\u0171nik, hogy sokat hib\u00e1zik g\u00e9pel\u00e9s k\u00f6zben, pedig ez m\u00e1s g\u00e9pen nem fordult vele el\u0151, akkor \u00e9rdemes BIOS-t friss\u00edteni. Sz\u00e1momra igen zavar\u00f3 volt, hogy a jelszavam be\u00edr\u00e1s\u00e1t le kellett lass\u00edtsam, egyes\u00e9vel kellett megnyomjam a billenty\u0171ket, k\u00fcl\u00f6nben &#8211; a szokott g\u00e9pel\u00e9si sebess\u00e9g eset\u00e9n [&hellip;]<\/p>\n","protected":false},"author":7,"featured_media":0,"comment_status":"closed","ping_status":"closed","sticky":false,"template":"","format":"standard","meta":{"footnotes":""},"categories":[2],"tags":[16,14,15,17,18],"class_list":["post-20","post","type-post","status-publish","format-standard","hentry","category-hogyan-kell","tag-billentyu-leutes","tag-dell","tag-dell-laptop","tag-dell-latitude","tag-gepeles"],"yoast_head":"<!-- This site is optimized with the Yoast SEO plugin v27.4 - https:\/\/yoast.com\/product\/yoast-seo-wordpress\/ -->\n<title>DELL XPS 13 \u00e9s Dell Latitude 7280\/7380\/7480 ism\u00e9tli a billenty\u0171 le\u00fct\u00e9seket<\/title>\n<meta name=\"description\" content=\"Ha valakit zavar, hogy gyors g\u00e9pel\u00e9s k\u00f6zben szokatlanul reag\u00e1l a DELL laptopja, \u00e9s \u00fagy t\u0171nik, hogy sokat hib\u00e1zik g\u00e9pel\u00e9s k\u00f6zben, pedig ez m\u00e1s g\u00e9pen nem fordult vele el\u0151\" \/>\n<meta name=\"robots\" content=\"index, follow, max-snippet:-1, max-image-preview:large, max-video-preview:-1\" \/>\n<link rel=\"canonical\" href=\"https:\/\/www.doit.hu\/rendszergazda\/hogyan-kell\/415-dell-xps-13-es-dell-latitude-7280-7380-7480-ismetli-a-billentyu-leuteseket\/\" \/>\n<meta property=\"og:locale\" content=\"hu_HU\" \/>\n<meta property=\"og:type\" content=\"article\" \/>\n<meta property=\"og:title\" content=\"DELL XPS 13 \u00e9s Dell Latitude 7280\/7380\/7480 ism\u00e9tli a billenty\u0171 le\u00fct\u00e9seket\" \/>\n<meta property=\"og:description\" content=\"Ha valakit zavar, hogy gyors g\u00e9pel\u00e9s k\u00f6zben szokatlanul reag\u00e1l a DELL laptopja, \u00e9s \u00fagy t\u0171nik, hogy sokat hib\u00e1zik g\u00e9pel\u00e9s k\u00f6zben, pedig ez m\u00e1s g\u00e9pen nem fordult vele el\u0151\" \/>\n<meta property=\"og:url\" content=\"https:\/\/www.doit.hu\/rendszergazda\/hogyan-kell\/415-dell-xps-13-es-dell-latitude-7280-7380-7480-ismetli-a-billentyu-leuteseket\/\" \/>\n<meta property=\"og:site_name\" content=\"Rendszergazda szolg\u00e1ltat\u00e1s\" \/>\n<meta property=\"article:publisher\" content=\"https:\/\/www.facebook.com\/DoccaZrt\" \/>\n<meta property=\"article:published_time\" content=\"2019-04-08T12:12:32+00:00\" \/>\n<meta property=\"article:modified_time\" content=\"2019-04-08T12:12:52+00:00\" \/>\n<meta name=\"author\" content=\"Docca Zrt.\" \/>\n<meta name=\"twitter:card\" content=\"summary_large_image\" \/>\n<meta name=\"twitter:label1\" content=\"Szerz\u0151:\" \/>\n\t<meta name=\"twitter:data1\" content=\"Docca Zrt.\" \/>\n\t<meta name=\"twitter:label2\" content=\"Becs\u00fclt olvas\u00e1si id\u0151\" \/>\n\t<meta name=\"twitter:data2\" content=\"1 perc\" \/>\n<script type=\"application\/ld+json\" class=\"yoast-schema-graph\">{\"@context\":\"https:\\\/\\\/schema.org\",\"@graph\":[{\"@type\":\"Article\",\"@id\":\"https:\\\/\\\/www.doit.hu\\\/rendszergazda\\\/hogyan-kell\\\/415-dell-xps-13-es-dell-latitude-7280-7380-7480-ismetli-a-billentyu-leuteseket\\\/#article\",\"isPartOf\":{\"@id\":\"https:\\\/\\\/www.doit.hu\\\/rendszergazda\\\/hogyan-kell\\\/415-dell-xps-13-es-dell-latitude-7280-7380-7480-ismetli-a-billentyu-leuteseket\\\/\"},\"author\":{\"name\":\"Docca Zrt.\",\"@id\":\"https:\\\/\\\/www.doit.hu\\\/rendszergazda\\\/#\\\/schema\\\/person\\\/ac60b29300a3d65825707a7bcd47aa7f\"},\"headline\":\"DELL XPS 13 \u00e9s Dell Latitude 7280\\\/7380\\\/7480 ism\u00e9tli a billenty\u0171 le\u00fct\u00e9seket\",\"datePublished\":\"2019-04-08T12:12:32+00:00\",\"dateModified\":\"2019-04-08T12:12:52+00:00\",\"mainEntityOfPage\":{\"@id\":\"https:\\\/\\\/www.doit.hu\\\/rendszergazda\\\/hogyan-kell\\\/415-dell-xps-13-es-dell-latitude-7280-7380-7480-ismetli-a-billentyu-leuteseket\\\/\"},\"wordCount\":235,\"publisher\":{\"@id\":\"https:\\\/\\\/www.doit.hu\\\/rendszergazda\\\/#organization\"},\"keywords\":[\"billenty\u0171 le\u00fct\u00e9s\",\"dell\",\"dell laptop\",\"dell latitude\",\"g\u00e9pel\u00e9s\"],\"articleSection\":[\"Hogyan kell\"],\"inLanguage\":\"hu\"},{\"@type\":\"WebPage\",\"@id\":\"https:\\\/\\\/www.doit.hu\\\/rendszergazda\\\/hogyan-kell\\\/415-dell-xps-13-es-dell-latitude-7280-7380-7480-ismetli-a-billentyu-leuteseket\\\/\",\"url\":\"https:\\\/\\\/www.doit.hu\\\/rendszergazda\\\/hogyan-kell\\\/415-dell-xps-13-es-dell-latitude-7280-7380-7480-ismetli-a-billentyu-leuteseket\\\/\",\"name\":\"DELL XPS 13 \u00e9s Dell Latitude 7280\\\/7380\\\/7480 ism\u00e9tli a billenty\u0171 le\u00fct\u00e9seket\",\"isPartOf\":{\"@id\":\"https:\\\/\\\/www.doit.hu\\\/rendszergazda\\\/#website\"},\"datePublished\":\"2019-04-08T12:12:32+00:00\",\"dateModified\":\"2019-04-08T12:12:52+00:00\",\"description\":\"Ha valakit zavar, hogy gyors g\u00e9pel\u00e9s k\u00f6zben szokatlanul reag\u00e1l a DELL laptopja, \u00e9s \u00fagy t\u0171nik, hogy sokat hib\u00e1zik g\u00e9pel\u00e9s k\u00f6zben, pedig ez m\u00e1s g\u00e9pen nem fordult vele el\u0151\",\"breadcrumb\":{\"@id\":\"https:\\\/\\\/www.doit.hu\\\/rendszergazda\\\/hogyan-kell\\\/415-dell-xps-13-es-dell-latitude-7280-7380-7480-ismetli-a-billentyu-leuteseket\\\/#breadcrumb\"},\"inLanguage\":\"hu\",\"potentialAction\":[{\"@type\":\"ReadAction\",\"target\":[\"https:\\\/\\\/www.doit.hu\\\/rendszergazda\\\/hogyan-kell\\\/415-dell-xps-13-es-dell-latitude-7280-7380-7480-ismetli-a-billentyu-leuteseket\\\/\"]}]},{\"@type\":\"BreadcrumbList\",\"@id\":\"https:\\\/\\\/www.doit.hu\\\/rendszergazda\\\/hogyan-kell\\\/415-dell-xps-13-es-dell-latitude-7280-7380-7480-ismetli-a-billentyu-leuteseket\\\/#breadcrumb\",\"itemListElement\":[{\"@type\":\"ListItem\",\"position\":1,\"name\":\"Home\",\"item\":\"https:\\\/\\\/www.doit.hu\\\/rendszergazda\\\/fooldal-flexi\\\/\"},{\"@type\":\"ListItem\",\"position\":2,\"name\":\"DELL XPS 13 \u00e9s Dell Latitude 7280\\\/7380\\\/7480 ism\u00e9tli a billenty\u0171 le\u00fct\u00e9seket\"}]},{\"@type\":\"WebSite\",\"@id\":\"https:\\\/\\\/www.doit.hu\\\/rendszergazda\\\/#website\",\"url\":\"https:\\\/\\\/www.doit.hu\\\/rendszergazda\\\/\",\"name\":\"Rendszergazda szolg\u00e1ltat\u00e1s\",\"description\":\"\",\"publisher\":{\"@id\":\"https:\\\/\\\/www.doit.hu\\\/rendszergazda\\\/#organization\"},\"potentialAction\":[{\"@type\":\"SearchAction\",\"target\":{\"@type\":\"EntryPoint\",\"urlTemplate\":\"https:\\\/\\\/www.doit.hu\\\/rendszergazda\\\/?s={search_term_string}\"},\"query-input\":{\"@type\":\"PropertyValueSpecification\",\"valueRequired\":true,\"valueName\":\"search_term_string\"}}],\"inLanguage\":\"hu\"},{\"@type\":\"Organization\",\"@id\":\"https:\\\/\\\/www.doit.hu\\\/rendszergazda\\\/#organization\",\"name\":\"DOCCA Zrt.\",\"url\":\"https:\\\/\\\/www.doit.hu\\\/rendszergazda\\\/\",\"logo\":{\"@type\":\"ImageObject\",\"inLanguage\":\"hu\",\"@id\":\"https:\\\/\\\/www.doit.hu\\\/rendszergazda\\\/#\\\/schema\\\/logo\\\/image\\\/\",\"url\":\"https:\\\/\\\/www.doit.hu\\\/rendszergazda\\\/wp-content\\\/uploads\\\/2019\\\/04\\\/logo.png\",\"contentUrl\":\"https:\\\/\\\/www.doit.hu\\\/rendszergazda\\\/wp-content\\\/uploads\\\/2019\\\/04\\\/logo.png\",\"width\":263,\"height\":82,\"caption\":\"DOCCA Zrt.\"},\"image\":{\"@id\":\"https:\\\/\\\/www.doit.hu\\\/rendszergazda\\\/#\\\/schema\\\/logo\\\/image\\\/\"},\"sameAs\":[\"https:\\\/\\\/www.facebook.com\\\/DoccaZrt\"]},{\"@type\":\"Person\",\"@id\":\"https:\\\/\\\/www.doit.hu\\\/rendszergazda\\\/#\\\/schema\\\/person\\\/ac60b29300a3d65825707a7bcd47aa7f\",\"name\":\"Docca Zrt.\",\"image\":{\"@type\":\"ImageObject\",\"inLanguage\":\"hu\",\"@id\":\"https:\\\/\\\/secure.gravatar.com\\\/avatar\\\/7e3762308ab47147572d4e9f68e02b65139742dfdbb8f7a7314f3c5064a3dbe7?s=96&d=mm&r=g\",\"url\":\"https:\\\/\\\/secure.gravatar.com\\\/avatar\\\/7e3762308ab47147572d4e9f68e02b65139742dfdbb8f7a7314f3c5064a3dbe7?s=96&d=mm&r=g\",\"contentUrl\":\"https:\\\/\\\/secure.gravatar.com\\\/avatar\\\/7e3762308ab47147572d4e9f68e02b65139742dfdbb8f7a7314f3c5064a3dbe7?s=96&d=mm&r=g\",\"caption\":\"Docca Zrt.\"},\"url\":\"https:\\\/\\\/www.doit.hu\\\/rendszergazda\\\/author\\\/docca\\\/\"}]}<\/script>\n<!-- \/ Yoast SEO plugin. -->","yoast_head_json":{"title":"DELL XPS 13 \u00e9s Dell Latitude 7280\/7380\/7480 ism\u00e9tli a billenty\u0171 le\u00fct\u00e9seket","description":"Ha valakit zavar, hogy gyors g\u00e9pel\u00e9s k\u00f6zben szokatlanul reag\u00e1l a DELL laptopja, \u00e9s \u00fagy t\u0171nik, hogy sokat hib\u00e1zik g\u00e9pel\u00e9s k\u00f6zben, pedig ez m\u00e1s g\u00e9pen nem fordult vele el\u0151","robots":{"index":"index","follow":"follow","max-snippet":"max-snippet:-1","max-image-preview":"max-image-preview:large","max-video-preview":"max-video-preview:-1"},"canonical":"https:\/\/www.doit.hu\/rendszergazda\/hogyan-kell\/415-dell-xps-13-es-dell-latitude-7280-7380-7480-ismetli-a-billentyu-leuteseket\/","og_locale":"hu_HU","og_type":"article","og_title":"DELL XPS 13 \u00e9s Dell Latitude 7280\/7380\/7480 ism\u00e9tli a billenty\u0171 le\u00fct\u00e9seket","og_description":"Ha valakit zavar, hogy gyors g\u00e9pel\u00e9s k\u00f6zben szokatlanul reag\u00e1l a DELL laptopja, \u00e9s \u00fagy t\u0171nik, hogy sokat hib\u00e1zik g\u00e9pel\u00e9s k\u00f6zben, pedig ez m\u00e1s g\u00e9pen nem fordult vele el\u0151","og_url":"https:\/\/www.doit.hu\/rendszergazda\/hogyan-kell\/415-dell-xps-13-es-dell-latitude-7280-7380-7480-ismetli-a-billentyu-leuteseket\/","og_site_name":"Rendszergazda szolg\u00e1ltat\u00e1s","article_publisher":"https:\/\/www.facebook.com\/DoccaZrt","article_published_time":"2019-04-08T12:12:32+00:00","article_modified_time":"2019-04-08T12:12:52+00:00","author":"Docca Zrt.","twitter_card":"summary_large_image","twitter_misc":{"Szerz\u0151:":"Docca Zrt.","Becs\u00fclt olvas\u00e1si id\u0151":"1 perc"},"schema":{"@context":"https:\/\/schema.org","@graph":[{"@type":"Article","@id":"https:\/\/www.doit.hu\/rendszergazda\/hogyan-kell\/415-dell-xps-13-es-dell-latitude-7280-7380-7480-ismetli-a-billentyu-leuteseket\/#article","isPartOf":{"@id":"https:\/\/www.doit.hu\/rendszergazda\/hogyan-kell\/415-dell-xps-13-es-dell-latitude-7280-7380-7480-ismetli-a-billentyu-leuteseket\/"},"author":{"name":"Docca Zrt.","@id":"https:\/\/www.doit.hu\/rendszergazda\/#\/schema\/person\/ac60b29300a3d65825707a7bcd47aa7f"},"headline":"DELL XPS 13 \u00e9s Dell Latitude 7280\/7380\/7480 ism\u00e9tli a billenty\u0171 le\u00fct\u00e9seket","datePublished":"2019-04-08T12:12:32+00:00","dateModified":"2019-04-08T12:12:52+00:00","mainEntityOfPage":{"@id":"https:\/\/www.doit.hu\/rendszergazda\/hogyan-kell\/415-dell-xps-13-es-dell-latitude-7280-7380-7480-ismetli-a-billentyu-leuteseket\/"},"wordCount":235,"publisher":{"@id":"https:\/\/www.doit.hu\/rendszergazda\/#organization"},"keywords":["billenty\u0171 le\u00fct\u00e9s","dell","dell laptop","dell latitude","g\u00e9pel\u00e9s"],"articleSection":["Hogyan kell"],"inLanguage":"hu"},{"@type":"WebPage","@id":"https:\/\/www.doit.hu\/rendszergazda\/hogyan-kell\/415-dell-xps-13-es-dell-latitude-7280-7380-7480-ismetli-a-billentyu-leuteseket\/","url":"https:\/\/www.doit.hu\/rendszergazda\/hogyan-kell\/415-dell-xps-13-es-dell-latitude-7280-7380-7480-ismetli-a-billentyu-leuteseket\/","name":"DELL XPS 13 \u00e9s Dell Latitude 7280\/7380\/7480 ism\u00e9tli a billenty\u0171 le\u00fct\u00e9seket","isPartOf":{"@id":"https:\/\/www.doit.hu\/rendszergazda\/#website"},"datePublished":"2019-04-08T12:12:32+00:00","dateModified":"2019-04-08T12:12:52+00:00","description":"Ha valakit zavar, hogy gyors g\u00e9pel\u00e9s k\u00f6zben szokatlanul reag\u00e1l a DELL laptopja, \u00e9s \u00fagy t\u0171nik, hogy sokat hib\u00e1zik g\u00e9pel\u00e9s k\u00f6zben, pedig ez m\u00e1s g\u00e9pen nem fordult vele el\u0151","breadcrumb":{"@id":"https:\/\/www.doit.hu\/rendszergazda\/hogyan-kell\/415-dell-xps-13-es-dell-latitude-7280-7380-7480-ismetli-a-billentyu-leuteseket\/#breadcrumb"},"inLanguage":"hu","potentialAction":[{"@type":"ReadAction","target":["https:\/\/www.doit.hu\/rendszergazda\/hogyan-kell\/415-dell-xps-13-es-dell-latitude-7280-7380-7480-ismetli-a-billentyu-leuteseket\/"]}]},{"@type":"BreadcrumbList","@id":"https:\/\/www.doit.hu\/rendszergazda\/hogyan-kell\/415-dell-xps-13-es-dell-latitude-7280-7380-7480-ismetli-a-billentyu-leuteseket\/#breadcrumb","itemListElement":[{"@type":"ListItem","position":1,"name":"Home","item":"https:\/\/www.doit.hu\/rendszergazda\/fooldal-flexi\/"},{"@type":"ListItem","position":2,"name":"DELL XPS 13 \u00e9s Dell Latitude 7280\/7380\/7480 ism\u00e9tli a billenty\u0171 le\u00fct\u00e9seket"}]},{"@type":"WebSite","@id":"https:\/\/www.doit.hu\/rendszergazda\/#website","url":"https:\/\/www.doit.hu\/rendszergazda\/","name":"Rendszergazda szolg\u00e1ltat\u00e1s","description":"","publisher":{"@id":"https:\/\/www.doit.hu\/rendszergazda\/#organization"},"potentialAction":[{"@type":"SearchAction","target":{"@type":"EntryPoint","urlTemplate":"https:\/\/www.doit.hu\/rendszergazda\/?s={search_term_string}"},"query-input":{"@type":"PropertyValueSpecification","valueRequired":true,"valueName":"search_term_string"}}],"inLanguage":"hu"},{"@type":"Organization","@id":"https:\/\/www.doit.hu\/rendszergazda\/#organization","name":"DOCCA Zrt.","url":"https:\/\/www.doit.hu\/rendszergazda\/","logo":{"@type":"ImageObject","inLanguage":"hu","@id":"https:\/\/www.doit.hu\/rendszergazda\/#\/schema\/logo\/image\/","url":"https:\/\/www.doit.hu\/rendszergazda\/wp-content\/uploads\/2019\/04\/logo.png","contentUrl":"https:\/\/www.doit.hu\/rendszergazda\/wp-content\/uploads\/2019\/04\/logo.png","width":263,"height":82,"caption":"DOCCA Zrt."},"image":{"@id":"https:\/\/www.doit.hu\/rendszergazda\/#\/schema\/logo\/image\/"},"sameAs":["https:\/\/www.facebook.com\/DoccaZrt"]},{"@type":"Person","@id":"https:\/\/www.doit.hu\/rendszergazda\/#\/schema\/person\/ac60b29300a3d65825707a7bcd47aa7f","name":"Docca Zrt.","image":{"@type":"ImageObject","inLanguage":"hu","@id":"https:\/\/secure.gravatar.com\/avatar\/7e3762308ab47147572d4e9f68e02b65139742dfdbb8f7a7314f3c5064a3dbe7?s=96&d=mm&r=g","url":"https:\/\/secure.gravatar.com\/avatar\/7e3762308ab47147572d4e9f68e02b65139742dfdbb8f7a7314f3c5064a3dbe7?s=96&d=mm&r=g","contentUrl":"https:\/\/secure.gravatar.com\/avatar\/7e3762308ab47147572d4e9f68e02b65139742dfdbb8f7a7314f3c5064a3dbe7?s=96&d=mm&r=g","caption":"Docca Zrt."},"url":"https:\/\/www.doit.hu\/rendszergazda\/author\/docca\/"}]}},"_links":{"self":[{"href":"https:\/\/www.doit.hu\/rendszergazda\/wp-json\/wp\/v2\/posts\/20","targetHints":{"allow":["GET"]}}],"collection":[{"href":"https:\/\/www.doit.hu\/rendszergazda\/wp-json\/wp\/v2\/posts"}],"about":[{"href":"https:\/\/www.doit.hu\/rendszergazda\/wp-json\/wp\/v2\/types\/post"}],"author":[{"embeddable":true,"href":"https:\/\/www.doit.hu\/rendszergazda\/wp-json\/wp\/v2\/users\/7"}],"replies":[{"embeddable":true,"href":"https:\/\/www.doit.hu\/rendszergazda\/wp-json\/wp\/v2\/comments?post=20"}],"version-history":[{"count":1,"href":"https:\/\/www.doit.hu\/rendszergazda\/wp-json\/wp\/v2\/posts\/20\/revisions"}],"predecessor-version":[{"id":21,"href":"https:\/\/www.doit.hu\/rendszergazda\/wp-json\/wp\/v2\/posts\/20\/revisions\/21"}],"wp:attachment":[{"href":"https:\/\/www.doit.hu\/rendszergazda\/wp-json\/wp\/v2\/media?parent=20"}],"wp:term":[{"taxonomy":"category","embeddable":true,"href":"https:\/\/www.doit.hu\/rendszergazda\/wp-json\/wp\/v2\/categories?post=20"},{"taxonomy":"post_tag","embeddable":true,"href":"https:\/\/www.doit.hu\/rendszergazda\/wp-json\/wp\/v2\/tags?post=20"}],"curies":[{"name":"wp","href":"https:\/\/api.w.org\/{rel}","templated":true}]}}