{"id":163,"date":"2019-04-09T09:40:46","date_gmt":"2019-04-09T09:40:46","guid":{"rendered":"http:\/\/www.doit.hu\/rendszergazda\/?p=163"},"modified":"2019-04-12T10:02:08","modified_gmt":"2019-04-12T10:02:08","slug":"370-milyen-a-jo-jelszo","status":"publish","type":"post","link":"https:\/\/www.doit.hu\/rendszergazda\/hogyan-kell\/370-milyen-a-jo-jelszo\/","title":{"rendered":"Milyen a j\u00f3 jelsz\u00f3?"},"content":{"rendered":"<p>Az internet vil\u00e1g\u00e1ban a fi\u00f3kjaink \u00e9s szem\u00e9lyes adataink els\u0151 sz\u00e1m\u00fa v\u00e9delm\u00e9t a megfelel\u0151 er\u0151ss\u00e9g\u0171 jelsz\u00f3 biztos\u00edtja. \u00c9pp ez\u00e9rt nagyon fontos olyan jelsz\u00f3t kital\u00e1lni, amire mi k\u00f6nny\u0171szerrel eml\u00e9kezni fogunk, de m\u00e1sok nem j\u00f6nnek r\u00e1.<\/p>\n<p><!--more--><\/p>\n<p>A megfelel\u0151 jelsz\u00f3 kital\u00e1l\u00e1sa neh\u00e9z feladat, mert j\u00f3, ha haszn\u00e1lunk benne sz\u00e1mot, kis- \u00e9s nagybet\u0171t, pontot \u00e9s vessz\u0151t is. Emellett k\u00f6nnyen megjegyezhet\u0151 legyen, de m\u00e1s ne tudja kital\u00e1lni&#8230; Ez\u00e9rt ne haszn\u00e1ljuk soha a h\u00e1zikedvenc\u00fcnk nev\u00e9t vagy a sz\u00fclet\u00e9si d\u00e1tumunkat, kedvenc \u00e9tel\u00fcnket, kedvenc sz\u00edn\u00e9sz\u00fcnk nev\u00e9t, hiszen aki kicsit is ismer, vagy egyszer ell\u00e1togatott a facebook adatlapunkra, az ezen inform\u00e1ci\u00f3k birtok\u00e1ban k\u00f6nny\u0171szerrel felt\u00f6rheti a fi\u00f3kunkat.<\/p>\n<p>Bizony\u00e1ra sokf\u00e9le k\u00e9plet l\u00e9tezik a j\u00f3 jelsz\u00f3 kital\u00e1l\u00e1s\u00e1ra, \u00e9s a rendszergazd\u00e1knak, programoz\u00f3knak meg informatikusoknak sok j\u00f3l bev\u00e1lt m\u00f3dszere van, itt most egyet \u00edrok le n\u00e9h\u00e1ny l\u00e9p\u00e9sben, ami tal\u00e1n a legegyszer\u0171bb, de m\u00e9gis bombabiztos.<\/p>\n<p><img loading=\"lazy\" decoding=\"async\" class=\"aligncenter size-medium wp-image-164\" src=\"http:\/\/www.doit.hu\/rendszergazda\/wp-content\/uploads\/2019\/04\/rendszergazda_jelsz\u00f3-300x200.jpg\" alt=\"\" width=\"300\" height=\"200\" srcset=\"https:\/\/www.doit.hu\/rendszergazda\/wp-content\/uploads\/2019\/04\/rendszergazda_jelsz\u00f3-300x200.jpg 300w, https:\/\/www.doit.hu\/rendszergazda\/wp-content\/uploads\/2019\/04\/rendszergazda_jelsz\u00f3-450x300.jpg 450w, https:\/\/www.doit.hu\/rendszergazda\/wp-content\/uploads\/2019\/04\/rendszergazda_jelsz\u00f3.jpg 640w\" sizes=\"auto, (max-width: 300px) 100vw, 300px\" \/><\/p>\n<p style=\"text-align: center;\"><a href=\"http:\/\/www.doit.hu\/rendszergazda\/hogyan-kell\/370-milyen-a-jo-jelszo\/2\/\"><strong>A M\u00d3DSZER MEGISMER\u00c9S\u00c9HEZ KATTINTS IDE!<\/strong><\/a><\/p>\n<p><!--nextpage--><\/p>\n<p>Az internet vil\u00e1g\u00e1ban a fi\u00f3kjaink \u00e9s szem\u00e9lyes adataink els\u0151 sz\u00e1m\u00fa v\u00e9delm\u00e9t a megfelel\u0151 er\u0151ss\u00e9g\u0171 jelsz\u00f3 biztos\u00edtja. \u00c9pp ez\u00e9rt nagyon fontos olyan jelsz\u00f3t kital\u00e1lni, amire mi k\u00f6nny\u0171szerrel eml\u00e9kezni fogunk, de m\u00e1sok nem j\u00f6nnek r\u00e1.<\/p>\n<p>A megfelel\u0151 jelsz\u00f3 kital\u00e1l\u00e1sa neh\u00e9z feladat, mert j\u00f3, ha haszn\u00e1lunk benne sz\u00e1mot, kis- \u00e9s nagybet\u0171t, pontot \u00e9s vessz\u0151t is. Emellett k\u00f6nnyen megjegyezhet\u0151 legyen, de m\u00e1s ne tudja kital\u00e1lni&#8230; Ez\u00e9rt ne haszn\u00e1ljuk soha a h\u00e1zikedvenc\u00fcnk nev\u00e9t vagy a sz\u00fclet\u00e9si d\u00e1tumunkat, kedvenc \u00e9tel\u00fcnket, kedvenc sz\u00edn\u00e9sz\u00fcnk nev\u00e9t, hiszen aki kicsit is ismer, vagy egyszer ell\u00e1togatott a facebook adatlapunkra, az ezen inform\u00e1ci\u00f3k birtok\u00e1ban k\u00f6nny\u0171szerrel felt\u00f6rheti a fi\u00f3kunkat.<\/p>\n<p>Bizony\u00e1ra sokf\u00e9le k\u00e9plet l\u00e9tezik a j\u00f3 jelsz\u00f3 kital\u00e1l\u00e1s\u00e1ra, \u00e9s a rendszergazd\u00e1knak, programoz\u00f3knak meg informatikusoknak sok j\u00f3l bev\u00e1lt m\u00f3dszere van, itt most egyet \u00edrok le n\u00e9h\u00e1ny l\u00e9p\u00e9sben, ami tal\u00e1n a legegyszer\u0171bb, de m\u00e9gis bombabiztos.<\/p>\n<p><img loading=\"lazy\" decoding=\"async\" class=\"aligncenter size-medium wp-image-164\" src=\"http:\/\/www.doit.hu\/rendszergazda\/wp-content\/uploads\/2019\/04\/rendszergazda_jelsz\u00f3-300x200.jpg\" alt=\"\" width=\"300\" height=\"200\" srcset=\"https:\/\/www.doit.hu\/rendszergazda\/wp-content\/uploads\/2019\/04\/rendszergazda_jelsz\u00f3-300x200.jpg 300w, https:\/\/www.doit.hu\/rendszergazda\/wp-content\/uploads\/2019\/04\/rendszergazda_jelsz\u00f3-450x300.jpg 450w, https:\/\/www.doit.hu\/rendszergazda\/wp-content\/uploads\/2019\/04\/rendszergazda_jelsz\u00f3.jpg 640w\" sizes=\"auto, (max-width: 300px) 100vw, 300px\" \/><\/p>\n<p>1. Tal\u00e1ljunk ki egy mondatot, ami k\u00f6zel \u00e1ll hozz\u00e1nk, \u00e9s eml\u00e9kezni fogunk r\u00e1! Ez lehet egy id\u00e9zet egy k\u00f6nyvb\u0151l, vagy egy sokat emlegetett sz\u00e1ll\u00f3ige is ak\u00e1r.<\/p>\n<p>Pl.:\u00a0&#8222;<strong>Nevem van, de ez most mell\u00e9kes.<\/strong>&#8221; (Rejt\u0151 Jen\u0151: A tizenn\u00e9gy kar\u00e1tos aut\u00f3)<\/p>\n<p>&nbsp;<\/p>\n<p>2. Az \u00f6sszes sz\u00f3 kezd\u0151bet\u0171je legyen nagybet\u0171!<\/p>\n<p>&#8222;<strong>Nevem Van, De Ez Most Mell\u00e9kes.<\/strong>&#8221;<\/p>\n<p>&nbsp;<\/p>\n<p>3. Szedj\u00fck ki az id\u00e9zetb\u0151l az \u00f6sszes sz\u00f3k\u00f6zt \u00e9s a mag\u00e1nhangz\u00f3kat, az \u00edr\u00e1sjeleket hagyjuk benne! (Figyelj\u00fcnk oda, a sz\u00f3kezd\u0151 m\u00e1ssalhangz\u00f3k nagybet\u0171k maradnak.)<\/p>\n<p>&#8222;<strong>NvmVn,DzMstMllks.<\/strong>&#8221;<\/p>\n<p>&nbsp;<\/p>\n<p>4. N\u00e9h\u00e1ny bet\u0171t cser\u00e9lj\u00fcnk ki sz\u00e1\u00e1mokra! Pl l-et 1-re, s-t 5-re, D-t 0-ra, z-t 7-re, stb, \u00fagy, hogy hasonl\u00edtsanak a sz\u00e1mok a bet\u00fakre!<\/p>\n<p>&#8222;<strong>NvmVn,07M5tM11k5.<\/strong>&#8221;<\/p>\n<p>&nbsp;<\/p>\n<p>Ennyi az eg\u00e9sz, k\u00e9sz is az er\u0151s jelsz\u00f3. Ha esetleg elfelejten\u00e9nk, akkor is vissza tudjuk vezetni a kiv\u00e1lasztott mondat \u00e9s az alkalmazott m\u00f3dszer ismeret\u00e9ben, mi a jelsz\u00f3.<\/p>\n","protected":false},"excerpt":{"rendered":"<p>Az internet vil\u00e1g\u00e1ban a fi\u00f3kjaink \u00e9s szem\u00e9lyes adataink els\u0151 sz\u00e1m\u00fa v\u00e9delm\u00e9t a megfelel\u0151 er\u0151ss\u00e9g\u0171 jelsz\u00f3 biztos\u00edtja. \u00c9pp ez\u00e9rt nagyon fontos olyan jelsz\u00f3t kital\u00e1lni, amire mi k\u00f6nny\u0171szerrel eml\u00e9kezni fogunk, de m\u00e1sok nem j\u00f6nnek r\u00e1.<\/p>\n","protected":false},"author":7,"featured_media":164,"comment_status":"closed","ping_status":"closed","sticky":false,"template":"","format":"standard","meta":{"footnotes":""},"categories":[2],"tags":[117,119,87,118],"class_list":["post-163","post","type-post","status-publish","format-standard","has-post-thumbnail","hentry","category-hogyan-kell","tag-eros-jelszo","tag-fiokvedelem","tag-jelszo","tag-jelszo-kitalalasa"],"yoast_head":"<!-- This site is optimized with the Yoast SEO plugin v27.4 - https:\/\/yoast.com\/product\/yoast-seo-wordpress\/ -->\n<title>Milyen a j\u00f3 jelsz\u00f3?<\/title>\n<meta name=\"description\" content=\"Az internet vil\u00e1g\u00e1ban a fi\u00f3kjaink \u00e9s szem\u00e9lyes adataink els\u0151 sz\u00e1m\u00fa v\u00e9delm\u00e9t a megfelel\u0151 er\u0151ss\u00e9g\u0171 jelsz\u00f3 biztos\u00edtja.\" \/>\n<meta name=\"robots\" content=\"index, follow, max-snippet:-1, max-image-preview:large, max-video-preview:-1\" \/>\n<link rel=\"canonical\" href=\"https:\/\/www.doit.hu\/rendszergazda\/hogyan-kell\/370-milyen-a-jo-jelszo\/\" \/>\n<link rel=\"next\" href=\"https:\/\/www.doit.hu\/rendszergazda\/hogyan-kell\/370-milyen-a-jo-jelszo\/2\/\" \/>\n<meta property=\"og:locale\" content=\"hu_HU\" \/>\n<meta property=\"og:type\" content=\"article\" \/>\n<meta property=\"og:title\" content=\"Milyen a j\u00f3 jelsz\u00f3?\" \/>\n<meta property=\"og:description\" content=\"Az internet vil\u00e1g\u00e1ban a fi\u00f3kjaink \u00e9s szem\u00e9lyes adataink els\u0151 sz\u00e1m\u00fa v\u00e9delm\u00e9t a megfelel\u0151 er\u0151ss\u00e9g\u0171 jelsz\u00f3 biztos\u00edtja.\" \/>\n<meta property=\"og:url\" content=\"https:\/\/www.doit.hu\/rendszergazda\/hogyan-kell\/370-milyen-a-jo-jelszo\/\" \/>\n<meta property=\"og:site_name\" content=\"Rendszergazda szolg\u00e1ltat\u00e1s\" \/>\n<meta property=\"article:publisher\" content=\"https:\/\/www.facebook.com\/DoccaZrt\" \/>\n<meta property=\"article:published_time\" content=\"2019-04-09T09:40:46+00:00\" \/>\n<meta property=\"article:modified_time\" content=\"2019-04-12T10:02:08+00:00\" \/>\n<meta property=\"og:image\" content=\"https:\/\/www.doit.hu\/rendszergazda\/wp-content\/uploads\/2019\/04\/rendszergazda_jelsz\u00f3.jpg\" \/>\n\t<meta property=\"og:image:width\" content=\"640\" \/>\n\t<meta property=\"og:image:height\" content=\"426\" \/>\n\t<meta property=\"og:image:type\" content=\"image\/jpeg\" \/>\n<meta name=\"author\" content=\"Docca Zrt.\" \/>\n<meta name=\"twitter:card\" content=\"summary_large_image\" \/>\n<meta name=\"twitter:label1\" content=\"Szerz\u0151:\" \/>\n\t<meta name=\"twitter:data1\" content=\"Docca Zrt.\" \/>\n\t<meta name=\"twitter:label2\" content=\"Becs\u00fclt olvas\u00e1si id\u0151\" \/>\n\t<meta name=\"twitter:data2\" content=\"3 perc\" \/>\n<script type=\"application\/ld+json\" class=\"yoast-schema-graph\">{\"@context\":\"https:\\\/\\\/schema.org\",\"@graph\":[{\"@type\":\"Article\",\"@id\":\"https:\\\/\\\/www.doit.hu\\\/rendszergazda\\\/hogyan-kell\\\/370-milyen-a-jo-jelszo\\\/#article\",\"isPartOf\":{\"@id\":\"https:\\\/\\\/www.doit.hu\\\/rendszergazda\\\/hogyan-kell\\\/370-milyen-a-jo-jelszo\\\/\"},\"author\":{\"name\":\"Docca Zrt.\",\"@id\":\"https:\\\/\\\/www.doit.hu\\\/rendszergazda\\\/#\\\/schema\\\/person\\\/ac60b29300a3d65825707a7bcd47aa7f\"},\"headline\":\"Milyen a j\u00f3 jelsz\u00f3?\",\"datePublished\":\"2019-04-09T09:40:46+00:00\",\"dateModified\":\"2019-04-12T10:02:08+00:00\",\"mainEntityOfPage\":{\"@id\":\"https:\\\/\\\/www.doit.hu\\\/rendszergazda\\\/hogyan-kell\\\/370-milyen-a-jo-jelszo\\\/\"},\"wordCount\":581,\"publisher\":{\"@id\":\"https:\\\/\\\/www.doit.hu\\\/rendszergazda\\\/#organization\"},\"image\":{\"@id\":\"https:\\\/\\\/www.doit.hu\\\/rendszergazda\\\/hogyan-kell\\\/370-milyen-a-jo-jelszo\\\/#primaryimage\"},\"thumbnailUrl\":\"https:\\\/\\\/www.doit.hu\\\/rendszergazda\\\/wp-content\\\/uploads\\\/2019\\\/04\\\/rendszergazda_jelsz\u00f3.jpg\",\"keywords\":[\"er\u0151s jelsz\u00f3\",\"fi\u00f3kv\u00e9delem\",\"jelsz\u00f3\",\"jelsz\u00f3 kital\u00e1l\u00e1sa\"],\"articleSection\":[\"Hogyan kell\"],\"inLanguage\":\"hu\"},{\"@type\":\"WebPage\",\"@id\":\"https:\\\/\\\/www.doit.hu\\\/rendszergazda\\\/hogyan-kell\\\/370-milyen-a-jo-jelszo\\\/\",\"url\":\"https:\\\/\\\/www.doit.hu\\\/rendszergazda\\\/hogyan-kell\\\/370-milyen-a-jo-jelszo\\\/\",\"name\":\"Milyen a j\u00f3 jelsz\u00f3?\",\"isPartOf\":{\"@id\":\"https:\\\/\\\/www.doit.hu\\\/rendszergazda\\\/#website\"},\"primaryImageOfPage\":{\"@id\":\"https:\\\/\\\/www.doit.hu\\\/rendszergazda\\\/hogyan-kell\\\/370-milyen-a-jo-jelszo\\\/#primaryimage\"},\"image\":{\"@id\":\"https:\\\/\\\/www.doit.hu\\\/rendszergazda\\\/hogyan-kell\\\/370-milyen-a-jo-jelszo\\\/#primaryimage\"},\"thumbnailUrl\":\"https:\\\/\\\/www.doit.hu\\\/rendszergazda\\\/wp-content\\\/uploads\\\/2019\\\/04\\\/rendszergazda_jelsz\u00f3.jpg\",\"datePublished\":\"2019-04-09T09:40:46+00:00\",\"dateModified\":\"2019-04-12T10:02:08+00:00\",\"description\":\"Az internet vil\u00e1g\u00e1ban a fi\u00f3kjaink \u00e9s szem\u00e9lyes adataink els\u0151 sz\u00e1m\u00fa v\u00e9delm\u00e9t a megfelel\u0151 er\u0151ss\u00e9g\u0171 jelsz\u00f3 biztos\u00edtja.\",\"inLanguage\":\"hu\",\"potentialAction\":[{\"@type\":\"ReadAction\",\"target\":[\"https:\\\/\\\/www.doit.hu\\\/rendszergazda\\\/hogyan-kell\\\/370-milyen-a-jo-jelszo\\\/\"]}]},{\"@type\":\"ImageObject\",\"inLanguage\":\"hu\",\"@id\":\"https:\\\/\\\/www.doit.hu\\\/rendszergazda\\\/hogyan-kell\\\/370-milyen-a-jo-jelszo\\\/#primaryimage\",\"url\":\"https:\\\/\\\/www.doit.hu\\\/rendszergazda\\\/wp-content\\\/uploads\\\/2019\\\/04\\\/rendszergazda_jelsz\u00f3.jpg\",\"contentUrl\":\"https:\\\/\\\/www.doit.hu\\\/rendszergazda\\\/wp-content\\\/uploads\\\/2019\\\/04\\\/rendszergazda_jelsz\u00f3.jpg\",\"width\":640,\"height\":426},{\"@type\":\"WebSite\",\"@id\":\"https:\\\/\\\/www.doit.hu\\\/rendszergazda\\\/#website\",\"url\":\"https:\\\/\\\/www.doit.hu\\\/rendszergazda\\\/\",\"name\":\"Rendszergazda szolg\u00e1ltat\u00e1s\",\"description\":\"\",\"publisher\":{\"@id\":\"https:\\\/\\\/www.doit.hu\\\/rendszergazda\\\/#organization\"},\"potentialAction\":[{\"@type\":\"SearchAction\",\"target\":{\"@type\":\"EntryPoint\",\"urlTemplate\":\"https:\\\/\\\/www.doit.hu\\\/rendszergazda\\\/?s={search_term_string}\"},\"query-input\":{\"@type\":\"PropertyValueSpecification\",\"valueRequired\":true,\"valueName\":\"search_term_string\"}}],\"inLanguage\":\"hu\"},{\"@type\":\"Organization\",\"@id\":\"https:\\\/\\\/www.doit.hu\\\/rendszergazda\\\/#organization\",\"name\":\"DOCCA Zrt.\",\"url\":\"https:\\\/\\\/www.doit.hu\\\/rendszergazda\\\/\",\"logo\":{\"@type\":\"ImageObject\",\"inLanguage\":\"hu\",\"@id\":\"https:\\\/\\\/www.doit.hu\\\/rendszergazda\\\/#\\\/schema\\\/logo\\\/image\\\/\",\"url\":\"https:\\\/\\\/www.doit.hu\\\/rendszergazda\\\/wp-content\\\/uploads\\\/2019\\\/04\\\/logo.png\",\"contentUrl\":\"https:\\\/\\\/www.doit.hu\\\/rendszergazda\\\/wp-content\\\/uploads\\\/2019\\\/04\\\/logo.png\",\"width\":263,\"height\":82,\"caption\":\"DOCCA Zrt.\"},\"image\":{\"@id\":\"https:\\\/\\\/www.doit.hu\\\/rendszergazda\\\/#\\\/schema\\\/logo\\\/image\\\/\"},\"sameAs\":[\"https:\\\/\\\/www.facebook.com\\\/DoccaZrt\"]},{\"@type\":\"Person\",\"@id\":\"https:\\\/\\\/www.doit.hu\\\/rendszergazda\\\/#\\\/schema\\\/person\\\/ac60b29300a3d65825707a7bcd47aa7f\",\"name\":\"Docca Zrt.\",\"image\":{\"@type\":\"ImageObject\",\"inLanguage\":\"hu\",\"@id\":\"https:\\\/\\\/secure.gravatar.com\\\/avatar\\\/7e3762308ab47147572d4e9f68e02b65139742dfdbb8f7a7314f3c5064a3dbe7?s=96&d=mm&r=g\",\"url\":\"https:\\\/\\\/secure.gravatar.com\\\/avatar\\\/7e3762308ab47147572d4e9f68e02b65139742dfdbb8f7a7314f3c5064a3dbe7?s=96&d=mm&r=g\",\"contentUrl\":\"https:\\\/\\\/secure.gravatar.com\\\/avatar\\\/7e3762308ab47147572d4e9f68e02b65139742dfdbb8f7a7314f3c5064a3dbe7?s=96&d=mm&r=g\",\"caption\":\"Docca Zrt.\"},\"url\":\"https:\\\/\\\/www.doit.hu\\\/rendszergazda\\\/author\\\/docca\\\/\"}]}<\/script>\n<!-- \/ Yoast SEO plugin. -->","yoast_head_json":{"title":"Milyen a j\u00f3 jelsz\u00f3?","description":"Az internet vil\u00e1g\u00e1ban a fi\u00f3kjaink \u00e9s szem\u00e9lyes adataink els\u0151 sz\u00e1m\u00fa v\u00e9delm\u00e9t a megfelel\u0151 er\u0151ss\u00e9g\u0171 jelsz\u00f3 biztos\u00edtja.","robots":{"index":"index","follow":"follow","max-snippet":"max-snippet:-1","max-image-preview":"max-image-preview:large","max-video-preview":"max-video-preview:-1"},"canonical":"https:\/\/www.doit.hu\/rendszergazda\/hogyan-kell\/370-milyen-a-jo-jelszo\/","next":"https:\/\/www.doit.hu\/rendszergazda\/hogyan-kell\/370-milyen-a-jo-jelszo\/2\/","og_locale":"hu_HU","og_type":"article","og_title":"Milyen a j\u00f3 jelsz\u00f3?","og_description":"Az internet vil\u00e1g\u00e1ban a fi\u00f3kjaink \u00e9s szem\u00e9lyes adataink els\u0151 sz\u00e1m\u00fa v\u00e9delm\u00e9t a megfelel\u0151 er\u0151ss\u00e9g\u0171 jelsz\u00f3 biztos\u00edtja.","og_url":"https:\/\/www.doit.hu\/rendszergazda\/hogyan-kell\/370-milyen-a-jo-jelszo\/","og_site_name":"Rendszergazda szolg\u00e1ltat\u00e1s","article_publisher":"https:\/\/www.facebook.com\/DoccaZrt","article_published_time":"2019-04-09T09:40:46+00:00","article_modified_time":"2019-04-12T10:02:08+00:00","og_image":[{"width":640,"height":426,"url":"https:\/\/www.doit.hu\/rendszergazda\/wp-content\/uploads\/2019\/04\/rendszergazda_jelsz\u00f3.jpg","type":"image\/jpeg"}],"author":"Docca Zrt.","twitter_card":"summary_large_image","twitter_misc":{"Szerz\u0151:":"Docca Zrt.","Becs\u00fclt olvas\u00e1si id\u0151":"3 perc"},"schema":{"@context":"https:\/\/schema.org","@graph":[{"@type":"Article","@id":"https:\/\/www.doit.hu\/rendszergazda\/hogyan-kell\/370-milyen-a-jo-jelszo\/#article","isPartOf":{"@id":"https:\/\/www.doit.hu\/rendszergazda\/hogyan-kell\/370-milyen-a-jo-jelszo\/"},"author":{"name":"Docca Zrt.","@id":"https:\/\/www.doit.hu\/rendszergazda\/#\/schema\/person\/ac60b29300a3d65825707a7bcd47aa7f"},"headline":"Milyen a j\u00f3 jelsz\u00f3?","datePublished":"2019-04-09T09:40:46+00:00","dateModified":"2019-04-12T10:02:08+00:00","mainEntityOfPage":{"@id":"https:\/\/www.doit.hu\/rendszergazda\/hogyan-kell\/370-milyen-a-jo-jelszo\/"},"wordCount":581,"publisher":{"@id":"https:\/\/www.doit.hu\/rendszergazda\/#organization"},"image":{"@id":"https:\/\/www.doit.hu\/rendszergazda\/hogyan-kell\/370-milyen-a-jo-jelszo\/#primaryimage"},"thumbnailUrl":"https:\/\/www.doit.hu\/rendszergazda\/wp-content\/uploads\/2019\/04\/rendszergazda_jelsz\u00f3.jpg","keywords":["er\u0151s jelsz\u00f3","fi\u00f3kv\u00e9delem","jelsz\u00f3","jelsz\u00f3 kital\u00e1l\u00e1sa"],"articleSection":["Hogyan kell"],"inLanguage":"hu"},{"@type":"WebPage","@id":"https:\/\/www.doit.hu\/rendszergazda\/hogyan-kell\/370-milyen-a-jo-jelszo\/","url":"https:\/\/www.doit.hu\/rendszergazda\/hogyan-kell\/370-milyen-a-jo-jelszo\/","name":"Milyen a j\u00f3 jelsz\u00f3?","isPartOf":{"@id":"https:\/\/www.doit.hu\/rendszergazda\/#website"},"primaryImageOfPage":{"@id":"https:\/\/www.doit.hu\/rendszergazda\/hogyan-kell\/370-milyen-a-jo-jelszo\/#primaryimage"},"image":{"@id":"https:\/\/www.doit.hu\/rendszergazda\/hogyan-kell\/370-milyen-a-jo-jelszo\/#primaryimage"},"thumbnailUrl":"https:\/\/www.doit.hu\/rendszergazda\/wp-content\/uploads\/2019\/04\/rendszergazda_jelsz\u00f3.jpg","datePublished":"2019-04-09T09:40:46+00:00","dateModified":"2019-04-12T10:02:08+00:00","description":"Az internet vil\u00e1g\u00e1ban a fi\u00f3kjaink \u00e9s szem\u00e9lyes adataink els\u0151 sz\u00e1m\u00fa v\u00e9delm\u00e9t a megfelel\u0151 er\u0151ss\u00e9g\u0171 jelsz\u00f3 biztos\u00edtja.","inLanguage":"hu","potentialAction":[{"@type":"ReadAction","target":["https:\/\/www.doit.hu\/rendszergazda\/hogyan-kell\/370-milyen-a-jo-jelszo\/"]}]},{"@type":"ImageObject","inLanguage":"hu","@id":"https:\/\/www.doit.hu\/rendszergazda\/hogyan-kell\/370-milyen-a-jo-jelszo\/#primaryimage","url":"https:\/\/www.doit.hu\/rendszergazda\/wp-content\/uploads\/2019\/04\/rendszergazda_jelsz\u00f3.jpg","contentUrl":"https:\/\/www.doit.hu\/rendszergazda\/wp-content\/uploads\/2019\/04\/rendszergazda_jelsz\u00f3.jpg","width":640,"height":426},{"@type":"WebSite","@id":"https:\/\/www.doit.hu\/rendszergazda\/#website","url":"https:\/\/www.doit.hu\/rendszergazda\/","name":"Rendszergazda szolg\u00e1ltat\u00e1s","description":"","publisher":{"@id":"https:\/\/www.doit.hu\/rendszergazda\/#organization"},"potentialAction":[{"@type":"SearchAction","target":{"@type":"EntryPoint","urlTemplate":"https:\/\/www.doit.hu\/rendszergazda\/?s={search_term_string}"},"query-input":{"@type":"PropertyValueSpecification","valueRequired":true,"valueName":"search_term_string"}}],"inLanguage":"hu"},{"@type":"Organization","@id":"https:\/\/www.doit.hu\/rendszergazda\/#organization","name":"DOCCA Zrt.","url":"https:\/\/www.doit.hu\/rendszergazda\/","logo":{"@type":"ImageObject","inLanguage":"hu","@id":"https:\/\/www.doit.hu\/rendszergazda\/#\/schema\/logo\/image\/","url":"https:\/\/www.doit.hu\/rendszergazda\/wp-content\/uploads\/2019\/04\/logo.png","contentUrl":"https:\/\/www.doit.hu\/rendszergazda\/wp-content\/uploads\/2019\/04\/logo.png","width":263,"height":82,"caption":"DOCCA Zrt."},"image":{"@id":"https:\/\/www.doit.hu\/rendszergazda\/#\/schema\/logo\/image\/"},"sameAs":["https:\/\/www.facebook.com\/DoccaZrt"]},{"@type":"Person","@id":"https:\/\/www.doit.hu\/rendszergazda\/#\/schema\/person\/ac60b29300a3d65825707a7bcd47aa7f","name":"Docca Zrt.","image":{"@type":"ImageObject","inLanguage":"hu","@id":"https:\/\/secure.gravatar.com\/avatar\/7e3762308ab47147572d4e9f68e02b65139742dfdbb8f7a7314f3c5064a3dbe7?s=96&d=mm&r=g","url":"https:\/\/secure.gravatar.com\/avatar\/7e3762308ab47147572d4e9f68e02b65139742dfdbb8f7a7314f3c5064a3dbe7?s=96&d=mm&r=g","contentUrl":"https:\/\/secure.gravatar.com\/avatar\/7e3762308ab47147572d4e9f68e02b65139742dfdbb8f7a7314f3c5064a3dbe7?s=96&d=mm&r=g","caption":"Docca Zrt."},"url":"https:\/\/www.doit.hu\/rendszergazda\/author\/docca\/"}]}},"_links":{"self":[{"href":"https:\/\/www.doit.hu\/rendszergazda\/wp-json\/wp\/v2\/posts\/163","targetHints":{"allow":["GET"]}}],"collection":[{"href":"https:\/\/www.doit.hu\/rendszergazda\/wp-json\/wp\/v2\/posts"}],"about":[{"href":"https:\/\/www.doit.hu\/rendszergazda\/wp-json\/wp\/v2\/types\/post"}],"author":[{"embeddable":true,"href":"https:\/\/www.doit.hu\/rendszergazda\/wp-json\/wp\/v2\/users\/7"}],"replies":[{"embeddable":true,"href":"https:\/\/www.doit.hu\/rendszergazda\/wp-json\/wp\/v2\/comments?post=163"}],"version-history":[{"count":2,"href":"https:\/\/www.doit.hu\/rendszergazda\/wp-json\/wp\/v2\/posts\/163\/revisions"}],"predecessor-version":[{"id":166,"href":"https:\/\/www.doit.hu\/rendszergazda\/wp-json\/wp\/v2\/posts\/163\/revisions\/166"}],"wp:featuredmedia":[{"embeddable":true,"href":"https:\/\/www.doit.hu\/rendszergazda\/wp-json\/wp\/v2\/media\/164"}],"wp:attachment":[{"href":"https:\/\/www.doit.hu\/rendszergazda\/wp-json\/wp\/v2\/media?parent=163"}],"wp:term":[{"taxonomy":"category","embeddable":true,"href":"https:\/\/www.doit.hu\/rendszergazda\/wp-json\/wp\/v2\/categories?post=163"},{"taxonomy":"post_tag","embeddable":true,"href":"https:\/\/www.doit.hu\/rendszergazda\/wp-json\/wp\/v2\/tags?post=163"}],"curies":[{"name":"wp","href":"https:\/\/api.w.org\/{rel}","templated":true}]}}